{"id":112032,"date":"2025-12-09T19:16:09","date_gmt":"2025-12-09T19:16:09","guid":{"rendered":"https:\/\/www.europesays.com\/fi\/112032\/"},"modified":"2025-12-09T19:16:09","modified_gmt":"2025-12-09T19:16:09","slug":"massiivisen-mustan-aukon-tuuli-puhalsi-viidesosalla-valonnopeudesta","status":"publish","type":"post","link":"https:\/\/www.europesays.com\/fi\/112032\/","title":{"rendered":"Massiivisen mustan aukon tuuli puhalsi viidesosalla valonnopeudesta"},"content":{"rendered":"<p>R\u00f6ntgens\u00e4teit\u00e4 havainnoivat XMM-Newton- ja XRISM-avaruusteleskoopit yhdistiv\u00e4t voimansa kosmiseen nopeusratsiaan. Havaintokohteena oli purkaus galaksin NGC 3783 supermassiivisesta mustasta aukosta.&#13;<\/p>\n<p class=\"bodytext\">Avaruusteleskoopit paljastivat, ett\u00e4 mustan aukon r\u00f6ntgenpurkauksen j\u00e4lkeen siit\u00e4 sinkoutunut ainesuihku liikkui noin 60\u00a0000 kilometri\u00e4 sekunnissa eli viidesosalla valonnopeudesta.\n<\/p>\n<p>\u201cEmme ole aiemmin havainneet mustan aukon synnytt\u00e4v\u00e4n n\u00e4in nopeita tuulia. Kyseess\u00e4 oli my\u00f6s ensimm\u00e4inen kerta, kun n\u00e4emme nopean r\u00f6ntgenpurkauksen laukaisevan ultranopeita tuulia vain vuorokauden kuluessa\u201d, sanoo <strong>Liyi Gu<\/strong> Alankomaiden avaruustutkimusj\u00e4rjest\u00f6 SRONista.\n<\/p>\n<p>Tutkijat vertaavat mustan aukon ainepurkauksia Auringossa tapahtuviin koronan massapurkauksiin. Tyypillinen voimakas Auringon CME-purkaus, kuten 11. marraskuuta 2025 tapahtunut, voi kiihdytt\u00e4\u00e4 luomansa hiukkaspilven vain noin 1\u00a0500 kilometrin sekuntinopeuteen.\n<\/p>\n<p>NGC 3783 on noin 135 miljoonan valovuoden et\u00e4isyydell\u00e4 meist\u00e4 sijaitseva spiraaligalaksi, jonka ydin s\u00e4teilee voimakkaasti.\n<\/p>\n<p>Galaksin keskustan musta aukko on massaltaan arviolta 30 miljoonaa auringonmassaa. Se on huomattavasti raskaampi kuin Linnunradan keskustan musta aukko, joka on ainoastaan 4 miljoonaa auringonmassaa.\n<\/p>\n<p><a href=\"https:\/\/www.esa.int\/Science_Exploration\/Space_Science\/XMM-Newton\/Flaring_black_hole_whips_up_ultra-fast_winds\" target=\"_blank\" rel=\"noreferrer nofollow noopener\">Aiheesta lis\u00e4\u00e4 ESA<\/a> (englanniksi)<\/p>\n","protected":false},"excerpt":{"rendered":"R\u00f6ntgens\u00e4teit\u00e4 havainnoivat XMM-Newton- ja XRISM-avaruusteleskoopit yhdistiv\u00e4t voimansa kosmiseen nopeusratsiaan. Havaintokohteena oli purkaus galaksin NGC 3783 supermassiivisesta mustasta aukosta.&#13;&hellip;\n","protected":false},"author":2,"featured_media":112033,"comment_status":"","ping_status":"","sticky":false,"template":"","format":"standard","meta":{"footnotes":""},"categories":[114],"tags":[453,33,31,30,118,452,32,119],"class_list":{"0":"post-112032","1":"post","2":"type-post","3":"status-publish","4":"format-standard","5":"has-post-thumbnail","7":"category-avaruus","8":"tag-avaruus","9":"tag-fi","10":"tag-finland","11":"tag-finnish","12":"tag-science","13":"tag-space","14":"tag-suomi","15":"tag-tiede"},"share_on_mastodon":{"url":"https:\/\/pubeurope.com\/@fi\/115691217427959851","error":""},"_links":{"self":[{"href":"https:\/\/www.europesays.com\/fi\/wp-json\/wp\/v2\/posts\/112032","targetHints":{"allow":["GET"]}}],"collection":[{"href":"https:\/\/www.europesays.com\/fi\/wp-json\/wp\/v2\/posts"}],"about":[{"href":"https:\/\/www.europesays.com\/fi\/wp-json\/wp\/v2\/types\/post"}],"author":[{"embeddable":true,"href":"https:\/\/www.europesays.com\/fi\/wp-json\/wp\/v2\/users\/2"}],"replies":[{"embeddable":true,"href":"https:\/\/www.europesays.com\/fi\/wp-json\/wp\/v2\/comments?post=112032"}],"version-history":[{"count":0,"href":"https:\/\/www.europesays.com\/fi\/wp-json\/wp\/v2\/posts\/112032\/revisions"}],"wp:featuredmedia":[{"embeddable":true,"href":"https:\/\/www.europesays.com\/fi\/wp-json\/wp\/v2\/media\/112033"}],"wp:attachment":[{"href":"https:\/\/www.europesays.com\/fi\/wp-json\/wp\/v2\/media?parent=112032"}],"wp:term":[{"taxonomy":"category","embeddable":true,"href":"https:\/\/www.europesays.com\/fi\/wp-json\/wp\/v2\/categories?post=112032"},{"taxonomy":"post_tag","embeddable":true,"href":"https:\/\/www.europesays.com\/fi\/wp-json\/wp\/v2\/tags?post=112032"}],"curies":[{"name":"wp","href":"https:\/\/api.w.org\/{rel}","templated":true}]}}