{"id":112038,"date":"2025-12-09T19:31:08","date_gmt":"2025-12-09T19:31:08","guid":{"rendered":"https:\/\/www.europesays.com\/fi\/112038\/"},"modified":"2025-12-09T19:31:08","modified_gmt":"2025-12-09T19:31:08","slug":"lando-norris-paatti-ottaa-ykkosen","status":"publish","type":"post","link":"https:\/\/www.europesays.com\/fi\/112038\/","title":{"rendered":"Lando Norris p\u00e4\u00e4tti ottaa ykk\u00f6sen"},"content":{"rendered":"<p>McLarenin tuore formula ykk\u00f6sten maailmanmestari <strong>Lando Norris<\/strong> p\u00e4\u00e4tti vaihtaa numeroaan ensi kaudeksi.<\/p>\n<p>Uransa ensimm\u00e4isen maailmanmestaruuden voittanut brittikuljettaja j\u00e4tt\u00e4\u00e4 ainakin hetkeksi numeron nelj\u00e4 narikkaan ja ensi kaudella h\u00e4nen autoaan koristaa numero yksi.<\/p>\n<p>Ykk\u00f6st\u00e4 saavat k\u00e4ytt\u00e4\u00e4 vain maailmanmestarit, mutta numeroa ei ole kuitenkaan pakko ottaa k\u00e4ytt\u00f6\u00f6n.<\/p>\n<p>Norris kuitenkin p\u00e4\u00e4tyi samaan ratkaisuun kuin Red Bullin <strong>Max Verstappen<\/strong> kauden 2022 alla ja otti ykk\u00f6sen k\u00e4ytt\u00f6\u00f6n. Nyt h\u00e4n on perustellut, miksi h\u00e4n p\u00e4\u00e4tti niin tehd\u00e4.<\/p>\n<p>\u2013 Yhden vuoden ajan me kaikki tiimin j\u00e4senet \u2013 kaikki, joilla on rooli McLarenilla ja autossani \u2013 saamme kantaa sit\u00e4 ylpeydell\u00e4, Norris sanoi.<\/p>\n<p>\u2013 Kaikki mekaanikot, insin\u00f6\u00f6rit, jokainen McLarenilla mukana oleva saa osansa tunnustuksesta. Se ei ole minua varten, se on heit\u00e4 varten. Se on heid\u00e4n ylpeytens\u00e4. Se kertoo, ett\u00e4 he ovat tehneet valtavasti t\u00f6it\u00e4, ja he voivat sanoa: \u2019me olemme ykk\u00f6si\u00e4\u2019, Norris jatkoi.<\/p>\n<p>Norrisin mukaan ei ole ihan sama, mik\u00e4 numero autoa koristaa.<\/p>\n<p>\u2013 Ei se ole yht\u00e4 hienoa, jos me olemme nelosia. He ovat t\u00e4st\u00e4 paljon iloisempia kuin min\u00e4, Norris linjasi.<\/p>\n<p><strong>LUE MY\u00d6S:\u00a0<a href=\"https:\/\/atleetti.fi\/urheilucast-patrik-laine-vetaytyi-viime-hetkella-ylen-ohjelmaformaatista\/\" target=\"_blank\" rel=\"nofollow noopener\">Urheilucast: Patrik Laine vet\u00e4ytyi viime hetkell\u00e4 Ylen ohjelmaformaatista (Atleetti.fi) <\/a><\/strong><\/p>\n","protected":false},"excerpt":{"rendered":"McLarenin tuore formula ykk\u00f6sten maailmanmestari Lando Norris p\u00e4\u00e4tti vaihtaa numeroaan ensi kaudeksi. Uransa ensimm\u00e4isen maailmanmestaruuden voittanut brittikuljettaja j\u00e4tt\u00e4\u00e4&hellip;\n","protected":false},"author":2,"featured_media":112039,"comment_status":"","ping_status":"","sticky":false,"template":"","format":"standard","meta":{"footnotes":""},"categories":[158],"tags":[33,31,30,159,32,160],"class_list":{"0":"post-112038","1":"post","2":"type-post","3":"status-publish","4":"format-standard","5":"has-post-thumbnail","7":"category-urheilu","8":"tag-fi","9":"tag-finland","10":"tag-finnish","11":"tag-sports","12":"tag-suomi","13":"tag-urheilu"},"share_on_mastodon":{"url":"https:\/\/pubeurope.com\/@fi\/115691276509086207","error":""},"_links":{"self":[{"href":"https:\/\/www.europesays.com\/fi\/wp-json\/wp\/v2\/posts\/112038","targetHints":{"allow":["GET"]}}],"collection":[{"href":"https:\/\/www.europesays.com\/fi\/wp-json\/wp\/v2\/posts"}],"about":[{"href":"https:\/\/www.europesays.com\/fi\/wp-json\/wp\/v2\/types\/post"}],"author":[{"embeddable":true,"href":"https:\/\/www.europesays.com\/fi\/wp-json\/wp\/v2\/users\/2"}],"replies":[{"embeddable":true,"href":"https:\/\/www.europesays.com\/fi\/wp-json\/wp\/v2\/comments?post=112038"}],"version-history":[{"count":0,"href":"https:\/\/www.europesays.com\/fi\/wp-json\/wp\/v2\/posts\/112038\/revisions"}],"wp:featuredmedia":[{"embeddable":true,"href":"https:\/\/www.europesays.com\/fi\/wp-json\/wp\/v2\/media\/112039"}],"wp:attachment":[{"href":"https:\/\/www.europesays.com\/fi\/wp-json\/wp\/v2\/media?parent=112038"}],"wp:term":[{"taxonomy":"category","embeddable":true,"href":"https:\/\/www.europesays.com\/fi\/wp-json\/wp\/v2\/categories?post=112038"},{"taxonomy":"post_tag","embeddable":true,"href":"https:\/\/www.europesays.com\/fi\/wp-json\/wp\/v2\/tags?post=112038"}],"curies":[{"name":"wp","href":"https:\/\/api.w.org\/{rel}","templated":true}]}}