{"id":112044,"date":"2025-12-09T19:36:09","date_gmt":"2025-12-09T19:36:09","guid":{"rendered":"https:\/\/www.europesays.com\/fi\/112044\/"},"modified":"2025-12-09T19:36:09","modified_gmt":"2025-12-09T19:36:09","slug":"elakaa-sen-kanssa-sanoo-stubb-trumpin-strategiasta","status":"publish","type":"post","link":"https:\/\/www.europesays.com\/fi\/112044\/","title":{"rendered":"\u201dEl\u00e4k\u00e4\u00e4 sen kanssa\u201d, sanoo Stubb Trumpin strategiasta"},"content":{"rendered":"<p>Tasavallan presidentti Alexander Stubbin mukaan arvot ovat Yhdysvalloissa siirtym\u00e4ss\u00e4 kohti ideologisen asteikon oikeaa laitaa.<\/p>\n<p><img decoding=\"async\" class=\"image image-show image-preview\" src=\"https:\/\/www.europesays.com\/fi\/wp-content\/uploads\/2025\/12\/559d2a07c8984fb68d43026f28fde6a811714ed8733e241f97d503cdc281aec5.jpg\" alt=\"\"\/><img decoding=\"async\" class=\"image image-show\" src=\"https:\/\/www.europesays.com\/fi\/wp-content\/uploads\/2025\/12\/1765308969_411_559d2a07c8984fb68d43026f28fde6a811714ed8733e241f97d503cdc281aec5.jpg\" alt=\"\"\/><\/p>\n<p>Tasavallan presidentti Alexander Stubb ja Naton entinen p\u00e4\u00e4sihteeri Jens Stoltenberg keskustelivat transatlanttisista suhteista. Timur Yilmaz<\/p>\n<p class=\"paragraph\">Tasavallan presidentti <a href=\"https:\/\/www.iltalehti.fi\/henkilot\/Alexander Stubb\" class=\"article-link-person-page\" rel=\"nofollow noopener\" target=\"_blank\">Alexander Stubbin<\/a> mukaan Euroopassa on nyt hyv\u00e4ksytt\u00e4v\u00e4 todellisuus presidentti <a href=\"https:\/\/www.iltalehti.fi\/henkilot\/Donald Trump\" class=\"article-link-person-page\" rel=\"nofollow noopener\" target=\"_blank\">Donald Trumpin<\/a> johtaman Yhdysvaltain ulkopoliittisen linjan muutoksesta.<\/p>\n<p class=\"paragraph\">Viime perjantaina julkaistu Yhdysvaltain uusi kansallinen turvallisuusstrategia on her\u00e4tt\u00e4nyt tiukkoja kannanottoja Euroopasta ja se oli keskustelun aiheena my\u00f6s Helsingiss\u00e4 tiistaina, kun Stubb tapasi Naton entisen p\u00e4\u00e4sihteerin <a href=\"https:\/\/www.iltalehti.fi\/henkilot\/Jens Stoltenberg\" class=\"article-link-person-page\" rel=\"nofollow noopener\" target=\"_blank\">Jens Stoltenbergin<\/a>.<\/p>\n<p class=\"paragraph\">Nyky\u00e4\u00e4n Norjan valtiovarainministerin\u00e4 toimiva Stoltenberg ja Stubb keskustelivat Finlandia-talolla Suomen Atlantti-seuran j\u00e4rjest\u00e4m\u00e4ss\u00e4 tilaisuudessa muun muassa transatlanttisista suhteista, geopolitiikasta ja Ukrainan tilanteesta.<\/p>\n<p class=\"paragraph\">Stubbin mukaan uusi kansallinen turvallisuusstrategia symboloi Yhdysvalloissa tapahtuvaa ulkopolitiikan muutosta. Siin\u00e4 muutoksessa n\u00e4kyv\u00e4t Trumpin Make America Great Again &#8211; ja America First -politiikat.<\/p>\n<p class=\"paragraph\">T\u00e4m\u00e4n muutoksen mukana my\u00f6s maan arvot ovat siirtym\u00e4ss\u00e4 kohti ideologisen asteikon oikeaa laitaa.<\/p>\n<p class=\"paragraph\">\u2013 Ne ovat hyvin nationalistisia. Ne ovat hyvin sis\u00e4\u00e4np\u00e4in k\u00e4\u00e4ntyneit\u00e4. Ne ovat maahanmuuton vastaisia. Ne vastustavat globalisaatiota. Ne vastustavat globaaleja instituutioita, Stubb luetteli.<\/p>\n<p class=\"paragraph\">\u2013 Se on todellisuus. El\u00e4k\u00e4\u00e4 sen kanssa.<\/p>\n<p>Yhdysvaltain presidentti Donald Trumpin hallinnon julkaisemassa turvallissuustrategiassa n\u00e4kyi vahvasti my\u00f6s ideologia. EPA \/ AOP<\/p>\n<p>Vuoropuhelu<\/p>\n<p class=\"paragraph\">Stoltenberg ja Stubb olivat keskustelun aikana yht\u00e4 mielt\u00e4 siit\u00e4, ett\u00e4 Euroopan tulee ottaa enemm\u00e4n vastuuta omasta turvallisuudestaan. Samaan aikaan Euroopan turvallisuudesta pes\u00e4eroa ottava Yhdysvallat on kuitenkin pidett\u00e4v\u00e4 siihen sitoutuneena.<\/p>\n<p class=\"paragraph\">\u2013 Jos Yhdysvallat p\u00e4\u00e4tt\u00e4\u00e4 v\u00e4hent\u00e4\u00e4 l\u00e4sn\u00e4oloaan [Euroopassa] ja sitoutumistaan transatlanttiseen turvallisuuteen, niin meid\u00e4n tulee k\u00e4yd\u00e4 vuoropuhelua Yhdysvaltain kanssa, Stoltenberg sanoo.<\/p>\n<p class=\"paragraph\">Stoltenberg muisteli my\u00f6s Trumpin ensimm\u00e4ist\u00e4 vuonna 2016 alkanutta presidenttikautta. Jo tuolloin Trump <a href=\"https:\/\/www.iltalehti.fi\/ulkomaat\/764dc25d-f59e-4041-b38e-473b33d6d064\" rel=\"nofollow noopener\" target=\"_blank\">vaati<\/a> Naton muita j\u00e4seni\u00e4 kaivamaan kuvettaan tai h\u00e4n vet\u00e4isi Yhdysvallat ulos koko puolustusliitosta.<\/p>\n<p class=\"paragraph\">Stoltenbergin mukaan Trumpin presidenttiyden alussa mietittiin, tulisiko transatlanttiset suhteet laittaa vain j\u00e4ihin siihen asti, kunnes valta vaihtuisi Atlantin takana.<\/p>\n<p class=\"paragraph\">\u2013 Teimme p\u00e4invastoin. K\u00e4vimme vuoropuhelua presidentti Trumpin kanssa ja olen \u00e4\u00e4rimm\u00e4isen varma, ett\u00e4 se auttoi.<\/p>\n<p>Stoltenberg muisteli Finlandia-talolla Trumpin ensimm\u00e4ist\u00e4 presidenttikautta. Timur Yilmaz<\/p>\n<p class=\"paragraph\">Sek\u00e4 Stubb ett\u00e4 Stoltenberg olivat yht\u00e4 mielt\u00e4 my\u00f6s siit\u00e4, ett\u00e4 Yhdysvaltain maajoukkojen vet\u00e4minen pois Euroopasta ei ole viel\u00e4 syy h\u00e4t\u00e4ilyyn, kunhan vastuun siirto eurooppalaisille tapahtuu hitaasti ja koordinoidusti.<\/p>\n<p class=\"paragraph\">Samalla Yhdysvalloissa jo vuosia sitten tapahtunut muutos, jossa se keskitt\u00e4\u00e4 voimiaan Aasiaan ja Tyynellemerelle, on Stoltenbergin mukaan hyv\u00e4 asia my\u00f6s Euroopalle.<\/p>\n<p class=\"paragraph\">\u2013 Turvallisuus on globaalia ja n\u00e4emme sen Ukrainassa, jossa on taistelemassa pohjoiskorealaisia sotilaita, iranilaiset droonit iskev\u00e4t kaupunkeihin ja Kiina rahoittaa Ven\u00e4j\u00e4n sotataloutta, Stoltenberg sanoi.<\/p>\n<p>Suomen esimerkki<\/p>\n<p class=\"paragraph\">My\u00f6s Suomen rooli nousi maailmanpolitiikasta ja etenkin Euroopan turvallisuudesta puhuttaessa Finlandia-talolla useaan otteeseen esille.<\/p>\n<p class=\"paragraph\">Suomen vuosia jatkuneet panostukset turvallisuuteen ovatkin saaneet kehuja jo useita kertoja kansainv\u00e4lisestikin.<\/p>\n<p class=\"paragraph\">Kansanedustaja <a href=\"https:\/\/www.iltalehti.fi\/henkilot\/Jani Kokko\" class=\"article-link-person-page\" rel=\"nofollow noopener\" target=\"_blank\">Jani Kokko<\/a> (sd) kysyikin Stubbilta ja Stoltenbergilta, miten my\u00f6s muut Euroopan maat saataisiin tekem\u00e4\u00e4n enemm\u00e4n koko Euroopan turvallisuuden vahvistamiseksi.<\/p>\n<p class=\"paragraph\">Stubb kertoo, ettei l\u00e4hde antamaan suoria neuvoja muille maille asiassa, mutta kertoo kannattavansa esimerkill\u00e4 johtamista.<\/p>\n<p class=\"paragraph\">\u2013 Kun keskustelemme liittolaistemme kanssa ja meille annetaan tietty teht\u00e4v\u00e4, niin otamme sen vakavasti.<\/p>\n<p class=\"paragraph\">Presidentti kertaa my\u00f6s lukuja Suomen reservin vahvuudesta, h\u00e4vitt\u00e4jien m\u00e4\u00e4r\u00e4st\u00e4 sek\u00e4 valtavasta tykist\u00f6koosta, mutta muistuttaa my\u00f6s siviilipuolen t\u00e4rkeydest\u00e4.<\/p>\n<p class=\"paragraph\">Stoltenberg yhtyy Stubbin vastaukseen ja antaa yhden neuvon Euroopan maille:<\/p>\n<p class=\"paragraph\">\u2013 Uskon, ett\u00e4 paras neuvoni Euroopan maille on: seuratkaa Suomen esimerkki\u00e4.<\/p>\n","protected":false},"excerpt":{"rendered":"Tasavallan presidentti Alexander Stubbin mukaan arvot ovat Yhdysvalloissa siirtym\u00e4ss\u00e4 kohti ideologisen asteikon oikeaa laitaa. Tasavallan presidentti Alexander Stubb&hellip;\n","protected":false},"author":2,"featured_media":112045,"comment_status":"","ping_status":"","sticky":false,"template":"","format":"standard","meta":{"footnotes":""},"categories":[14],"tags":[35,22,23,26,27,33,31,30,17,24,25,28,29,15,18,21,142,637,144,886,32,19,20,56,16,638,59,60,61],"class_list":{"0":"post-112044","1":"post","2":"type-post","3":"status-publish","4":"format-standard","5":"has-post-thumbnail","7":"category-ulkomaat","8":"tag-24h","9":"tag-breaking-news","10":"tag-breakingnews","11":"tag-featured-news","12":"tag-featurednews","13":"tag-fi","14":"tag-finland","15":"tag-finnish","16":"tag-headlines","17":"tag-latest-news","18":"tag-latestnews","19":"tag-main-news","20":"tag-mainnews","21":"tag-news","22":"tag-otsikot","23":"tag-paauutiset","24":"tag-poliitikot","25":"tag-politiikka","26":"tag-presidentti","27":"tag-puolueet","28":"tag-suomi","29":"tag-top-stories","30":"tag-topstories","31":"tag-ulkomaat","32":"tag-uutiset","33":"tag-valtiovalta","34":"tag-world","35":"tag-world-news","36":"tag-worldnews"},"share_on_mastodon":{"url":"https:\/\/pubeurope.com\/@fi\/115691296254656296","error":""},"_links":{"self":[{"href":"https:\/\/www.europesays.com\/fi\/wp-json\/wp\/v2\/posts\/112044","targetHints":{"allow":["GET"]}}],"collection":[{"href":"https:\/\/www.europesays.com\/fi\/wp-json\/wp\/v2\/posts"}],"about":[{"href":"https:\/\/www.europesays.com\/fi\/wp-json\/wp\/v2\/types\/post"}],"author":[{"embeddable":true,"href":"https:\/\/www.europesays.com\/fi\/wp-json\/wp\/v2\/users\/2"}],"replies":[{"embeddable":true,"href":"https:\/\/www.europesays.com\/fi\/wp-json\/wp\/v2\/comments?post=112044"}],"version-history":[{"count":0,"href":"https:\/\/www.europesays.com\/fi\/wp-json\/wp\/v2\/posts\/112044\/revisions"}],"wp:featuredmedia":[{"embeddable":true,"href":"https:\/\/www.europesays.com\/fi\/wp-json\/wp\/v2\/media\/112045"}],"wp:attachment":[{"href":"https:\/\/www.europesays.com\/fi\/wp-json\/wp\/v2\/media?parent=112044"}],"wp:term":[{"taxonomy":"category","embeddable":true,"href":"https:\/\/www.europesays.com\/fi\/wp-json\/wp\/v2\/categories?post=112044"},{"taxonomy":"post_tag","embeddable":true,"href":"https:\/\/www.europesays.com\/fi\/wp-json\/wp\/v2\/tags?post=112044"}],"curies":[{"name":"wp","href":"https:\/\/api.w.org\/{rel}","templated":true}]}}