{"id":112050,"date":"2025-12-09T19:42:11","date_gmt":"2025-12-09T19:42:11","guid":{"rendered":"https:\/\/www.europesays.com\/fi\/112050\/"},"modified":"2025-12-09T19:42:11","modified_gmt":"2025-12-09T19:42:11","slug":"maapallon-liike-avaruudessa-on-ehka-paljon-nopeampi-kuin-luulimme","status":"publish","type":"post","link":"https:\/\/www.europesays.com\/fi\/112050\/","title":{"rendered":"Maapallon liike avaruudessa on ehk\u00e4 paljon nopeampi kuin luulimme"},"content":{"rendered":"<p>T\u00e4htitiede|Radiogalaksien tarkka kartoitus viittaa siihen, ett\u00e4 maapallo liikkuu kotigalaksi Linnunradan mukana avaruudessa paljon nopeammin kuin on tulkittu.<\/p>\n<p>26.11. 2:00<\/p>\n<p>Lue tiivistelm\u00e4<\/p>\n<p>Tiivistelm\u00e4 on teko\u00e4lyn tekem\u00e4 ja ihmisen tarkistama.<\/p>\n<p class=\"article-body mb-nof-24 px-nof-16 sndp-summary-bullet-point-font\">Joukko t\u00e4htitieteilij\u00f6it\u00e4 arvioi et\u00e4isten radiogalaksien tarkan kartoituksen perusteella, ett\u00e4 maapallo liikkuu avaruudessa nopeammin kuin aiemmin on laskettu.<\/p>\n<p class=\"article-body mb-nof-24 px-nof-16 sndp-summary-bullet-point-font\">Radiogalaksit ovat niin kaukana, ett\u00e4 niiden oma liike on suhteessa pient\u00e4 omaamme verrattuna.<\/p>\n<p class=\"article-body mb-nof-24 px-nof-16 sndp-summary-bullet-point-font\">N\u00e4in radiogalaksit tarjoavat yhden taustan, joilla voi mitata omaa liikett\u00e4mme suhteessa maailmankaikkeuteen.<\/p>\n<p class=\"article-body mb-nof-24 px-nof-16\">Maapallon vauhti avaruudessa on kova.<\/p>\n<p class=\"article-body mb-nof-24 px-nof-16\">Aurinkokuntamme ja maapallo sen mukana kiert\u00e4\u00e4 ymp\u00e4ri kotigalaksimme eli Linnunradan keskustaa nopeudella, joka on arvioitu noin 792\u202f000 kilometriksi tunnissa.<\/p>\n<p class=\"article-body mb-nof-24 px-nof-16\">Yksi kierros t\u00e4ss\u00e4 Linnunradan karusellissa kest\u00e4\u00e4 arviolta 225 miljoonaa Maan vuotta.<\/p>\n<p class=\"article-body mb-nof-24 px-nof-16\">T\u00e4htitieteilij\u00e4t uskovat laskelmiin nojaten, ett\u00e4 my\u00f6s koko Linnunrata liikkuu avaruudessa kovaa vauhtia. Se on noin 2,1 miljoonaa kilometri\u00e4 tunnissa.<\/p>\n<p class=\"article-body mb-nof-24 px-nof-16\">T\u00e4m\u00e4 liike on osa paikallisten galaksien liikett\u00e4 kohti viel\u00e4 suurempaa paikallista galaksien joukkoa. Samalla se on liikett\u00e4 verrattuna muuhun maailmankaikkeuteen.<\/p>\n<p class=\"article-body mb-nof-24 px-nof-16\">Nyt ryhm\u00e4 t\u00e4htitieteilij\u00f6it\u00e4 on laskenut <a class=\"article-genericlink\" href=\"https:\/\/aktuell.uni-bielefeld.de\/2025\/11\/13\/our-solar-system-is-moving-faster-than-expected\/?lang=en\" rel=\"nofollow noopener\" target=\"_blank\">Bielefeldin yliopistossa<\/a> Saksassa, ett\u00e4 maapallon oma vauhti olisi paljon aiempaa suurempi.<\/p>\n<p class=\"article-body mb-nof-24 px-nof-16\">Se olisi yli kolminkertainen vanhaan arvioon verrattuna.<\/p>\n<p class=\"article-body mb-nof-24 px-nof-16\">Tutkimus tehtiin kartoittamalla tarkasti avaruuden radiogalakseja.<\/p>\n<p class=\"article-body mb-nof-24 px-nof-16\">Radiogalakseja kutsutaan radiogalakseiksi, koska ne s\u00e4teilev\u00e4t voimakkaasti eri radioaaltoja verrattuna tavallisiin galakseihin.<\/p>\n<p class=\"article-body mb-nof-24 px-nof-16\">Radiogalaksit ovat avaruudessa usein miljardien valovuosien p\u00e4\u00e4ss\u00e4. Niiden oma liike kaukana on merkitykset\u00f6nt\u00e4 verrattuna omaamme.<\/p>\n<p class=\"article-body mb-nof-24 px-nof-16\">N\u00e4in ne tarjoavat yhden vakaan taustan, jota vasten t\u00e4htitieteilij\u00e4t voivat mitata omaa liikett\u00e4mme avaruudessa. Vaikkapa oman aurinkokuntamme liikett\u00e4.<\/p>\n<p class=\"article-body mb-nof-24 px-nof-16\">T\u00e4htitieteilij\u00e4t laskivat radiogalaksien paikkoja ja liikkeit\u00e4 t\u00e4ll\u00e4 kertaa erityisen tarkasti.<\/p>\n<p class=\"article-body mb-nof-24 px-nof-16\">Siin\u00e4 otettiin huomioon kolmen eri radioteleskoopin hankkimaa dataa, kertoo <a class=\"article-genericlink\" href=\"https:\/\/www.sciencedaily.com\/releases\/2025\/11\/251121090738.htm\" rel=\"nofollow noopener\" target=\"_blank\">verkkosivu Science Daily<\/a>.<\/p>\n<p class=\"article-body mb-nof-24 px-nof-16\">Syvin kartoitus tehtiin eurooppalaisella<a class=\"article-genericlink\" href=\"https:\/\/en.wikipedia.org\/wiki\/Low-Frequency_Array\" rel=\"nofollow noopener\" target=\"_blank\"> LOFAR-radioteleskooppien<\/a> verkostolla.<\/p>\n<p class=\"article-body mb-nof-24 px-nof-16\">Kun Lofarin tulokset yhdistettiin kahden muun radioteleskoopin laskelmiin, tutkijat saattoivat laskea radiogalaksien jakaumaa hyvin tarkasti.<\/p>\n<p class=\"article-body mb-nof-24 px-nof-16\">Radiogalaksien jakauma kertoo siit\u00e4, miten n\u00e4m\u00e4 radiotaajuuksilla s\u00e4teilev\u00e4t galaksit ovat levitt\u00e4ytyneet avaruudessa.<\/p>\n<p class=\"article-body mb-nof-24 px-nof-16\">Mittaukset osoittivat, ett\u00e4 radiogalaksien jakauma on maapallon liikkeen suuntaan isoissa mittakaavoissa yli kolminkertainen siihen verrattuna, mit\u00e4 on ennustettu.<\/p>\n<p class=\"article-body mb-nof-24 px-nof-16\">Radiogalaksien jakauman avulla voi mitata liikett\u00e4mme avaruudessa suhteessa siihen, ett\u00e4 maailmankaikkeus n\u00e4ytt\u00e4isi olevan kuin \u201dlevossa\u201d suuressa mittakaavassa.<\/p>\n<p class=\"article-body mb-nof-24 px-nof-16\">Nyt tehty laskelma tarkoittaa, ett\u00e4 oma aurinkokuntamme ja sen mukana maapallo liikkuisi avaruudessa yli kolminkertaisella nopeudella verrattuna siihen, mit\u00e4 aiemmin on laskettu.<\/p>\n<p class=\"article-body mb-nof-24 px-nof-16\">\u201dToinen vaihtoehto on, ett\u00e4 radiogalaksit eiv\u00e4t ole jakautuneet avaruuteen niin tasaisesti kuin tutkijat ovat uskoneet\u201d, sanoo kosmologi <a class=\"article-personlink\" href=\"https:\/\/www.hs.fi\/haku\/?query=Dominik%20J.%20Schwarz\" rel=\"nofollow noopener\" target=\"_blank\">Dominik J. Schwarz<\/a> Bielefeldin yliopistosta.<\/p>\n<p class=\"article-body mb-nof-24 px-nof-16\">Silloinkin nykyisi\u00e4 malleja on tarkasteltava uudelleen.<\/p>\n<p class=\"article-body mb-nof-24 px-nof-16\">Tutkimuksen julkaisi <a class=\"article-genericlink\" href=\"https:\/\/journals.aps.org\/prl\/abstract\/10.1103\/6z32-3zf4\" rel=\"nofollow noopener\" target=\"_blank\">Physical Review Letters<\/a>.<\/p>\n","protected":false},"excerpt":{"rendered":"T\u00e4htitiede|Radiogalaksien tarkka kartoitus viittaa siihen, ett\u00e4 maapallo liikkuu kotigalaksi Linnunradan mukana avaruudessa paljon nopeammin kuin on tulkittu. 26.11.&hellip;\n","protected":false},"author":2,"featured_media":112051,"comment_status":"","ping_status":"","sticky":false,"template":"","format":"standard","meta":{"footnotes":""},"categories":[114],"tags":[453,33,31,30,46,118,452,32,119],"class_list":{"0":"post-112050","1":"post","2":"type-post","3":"status-publish","4":"format-standard","5":"has-post-thumbnail","7":"category-avaruus","8":"tag-avaruus","9":"tag-fi","10":"tag-finland","11":"tag-finnish","12":"tag-helsingin-sanomat","13":"tag-science","14":"tag-space","15":"tag-suomi","16":"tag-tiede"},"share_on_mastodon":{"url":"https:\/\/pubeurope.com\/@fi\/115691319654498634","error":""},"_links":{"self":[{"href":"https:\/\/www.europesays.com\/fi\/wp-json\/wp\/v2\/posts\/112050","targetHints":{"allow":["GET"]}}],"collection":[{"href":"https:\/\/www.europesays.com\/fi\/wp-json\/wp\/v2\/posts"}],"about":[{"href":"https:\/\/www.europesays.com\/fi\/wp-json\/wp\/v2\/types\/post"}],"author":[{"embeddable":true,"href":"https:\/\/www.europesays.com\/fi\/wp-json\/wp\/v2\/users\/2"}],"replies":[{"embeddable":true,"href":"https:\/\/www.europesays.com\/fi\/wp-json\/wp\/v2\/comments?post=112050"}],"version-history":[{"count":0,"href":"https:\/\/www.europesays.com\/fi\/wp-json\/wp\/v2\/posts\/112050\/revisions"}],"wp:featuredmedia":[{"embeddable":true,"href":"https:\/\/www.europesays.com\/fi\/wp-json\/wp\/v2\/media\/112051"}],"wp:attachment":[{"href":"https:\/\/www.europesays.com\/fi\/wp-json\/wp\/v2\/media?parent=112050"}],"wp:term":[{"taxonomy":"category","embeddable":true,"href":"https:\/\/www.europesays.com\/fi\/wp-json\/wp\/v2\/categories?post=112050"},{"taxonomy":"post_tag","embeddable":true,"href":"https:\/\/www.europesays.com\/fi\/wp-json\/wp\/v2\/tags?post=112050"}],"curies":[{"name":"wp","href":"https:\/\/api.w.org\/{rel}","templated":true}]}}