{"id":112066,"date":"2025-12-09T20:03:09","date_gmt":"2025-12-09T20:03:09","guid":{"rendered":"https:\/\/www.europesays.com\/fi\/112066\/"},"modified":"2025-12-09T20:03:09","modified_gmt":"2025-12-09T20:03:09","slug":"nain-paljon-saastyy-veronmaksajien-rahaa-jos-maahanmuuttajien-tuesta-leikataan-yhta-rajusti-kuin-riikka-purra-haluaa","status":"publish","type":"post","link":"https:\/\/www.europesays.com\/fi\/112066\/","title":{"rendered":"N\u00e4in paljon s\u00e4\u00e4styy veronmaksajien rahaa, jos maahanmuuttajien tuesta leikataan yht\u00e4 rajusti kuin Riikka Purra haluaa"},"content":{"rendered":"<p>THL: V\u00e4kilukuun suhteutettuna Suomessa on kaksinkertainen m\u00e4\u00e4r\u00e4 toimeentulotuen saajia Ruotsiin verrattuna.<\/p>\n<p><img decoding=\"async\" class=\"image image-show image-preview\" src=\"https:\/\/www.europesays.com\/fi\/wp-content\/uploads\/2025\/11\/032f6589db8d48c871f54daaebf1cd0a0378ce70b14f519fb77fbb38557908b0.jpg\" alt=\"\"\/><img decoding=\"async\" class=\"image image-show\" src=\"https:\/\/www.europesays.com\/fi\/wp-content\/uploads\/2025\/12\/032f6589db8d48c871f54daaebf1cd0a0378ce70b14f519fb77fbb38557908b0.jpg\" alt=\"\"\/><\/p>\n<p>Arkistokuva. Valtiovarainministeri Riikka Purra (ps) hallituksen budjettiriihen tiedotustilaisuudessa Valtioneuvoston linnassa 2.9.2025. Pete Anikari<\/p>\n<p class=\"paragraph\">PS:n puheenjohtaja, valtiovarainministeri <strong>Riikka Purra<\/strong> sanoi maanantaina, ett\u00e4 Ruotsin tasoilla ja s\u00e4\u00e4nn\u00f6ill\u00e4 toimeentulotuen saajien m\u00e4\u00e4r\u00e4 olisi Suomessa puolet nykyisest\u00e4. Purra viittasi Terveyden ja hyvinvoinnin laitoksen (THL) vuodelta 2021 olevaan <a href=\"https:\/\/osf.io\/preprints\/socarxiv\/kw6uh_v1\" rel=\"noopener nofollow\" target=\"_blank\">tutkimukseen<\/a>, jonka mukaan v\u00e4kilukuun suhteutettuna Suomessa on kaksinkertainen m\u00e4\u00e4r\u00e4 toimeentulotuen saajia Ruotsiin verrattuna.<\/p>\n<p class=\"paragraph\">My\u00f6s tuen taso on suurempi kuin Ruotsissa. THL:n mukaan erot johtuvat maiden erilaisista lains\u00e4\u00e4d\u00e4nn\u00f6ist\u00e4, muista sosiaalituista ja niiden tasosta sek\u00e4 alik\u00e4yt\u00f6n m\u00e4\u00e4r\u00e4st\u00e4, joka Suomessa on pienemp\u00e4\u00e4 kuin Ruotsissa.<\/p>\n<p class=\"paragraph\">Iltalehti laski Kelasta saatujen tilastojen perusteella, mit\u00e4 asia tarkoittaa euroissa.<\/p>\n<p class=\"paragraph\">Viime vuonna Kelan maksamaa perustoimeentulotukea sai 356 437 henke\u00e4. Kotitalouksittain laskettuna saajia oli 249 600. Maksut olivat yhteens\u00e4 824,9 miljoonaa euroa.<\/p>\n<p class=\"paragraph\">Hyvin kaavamaisesti laskettuna Ruotsin malli toisi 412,5 miljoonan euron s\u00e4\u00e4st\u00f6t.<\/p>\n<p>Viimesijainen tuki<\/p>\n<p class=\"paragraph\">Toimeentulotuki on viimesijainen tuki. Sit\u00e4 voi saada Suomessa oleskeleva henkil\u00f6 tai perhe, jonka kaikki k\u00e4ytett\u00e4viss\u00e4 olevat tulot ja varat eiv\u00e4t riit\u00e4 v\u00e4ltt\u00e4m\u00e4tt\u00f6miin jokap\u00e4iv\u00e4isiin menoihin.<\/p>\n<p class=\"paragraph\">Toimeentulotuki on tarkoitettu lyhytaikaiseksi etuudeksi, ja sen tarkoitus on auttaa tilap\u00e4isten vaikeuksien yli, ehk\u00e4ist\u00e4 sellaisten syntymist\u00e4 ja edist\u00e4\u00e4 itsen\u00e4ist\u00e4 selviytymist\u00e4.<\/p>\n<p class=\"paragraph\">Todellisuudessa toimeentulotuesta on tullut monille pitk\u00e4aikainen etuus.<\/p>\n<p class=\"paragraph\">Eduskunta k\u00e4sittelee parhaillaan <strong>Petteri Orpon<\/strong> (kok) hallituksen esityst\u00e4 toimeentulotuen uudistamisesta. Asia on valiokuntak\u00e4sittelyss\u00e4.<\/p>\n<p class=\"paragraph\">Tavoitteena on v\u00e4hent\u00e4\u00e4 pitk\u00e4aikaista riippuvuutta toimeentulotuesta ja selkiytt\u00e4\u00e4 toimeentulotuen roolia viimesijaisena tukena. Toisaalta uudistuksen tavoitteena on kasvattaa ty\u00f6llisyytt\u00e4 ja s\u00e4\u00e4st\u00e4\u00e4.<\/p>\n<p class=\"paragraph\">Hallitus arvioi lakiesityksess\u00e4\u00e4n, ett\u00e4 esityksell\u00e4 on julkiseen talouteen 70 miljoonan euron etuuskuluja pienent\u00e4v\u00e4 ja verotuloja kasvattava vaikutus vuoden 2027 tasolla. S\u00e4\u00e4st\u00f6t kohdentuvat perustoimeentulotuen menoihin, joista valtio ja kunnat vastaavat t\u00e4ll\u00e4 hetkell\u00e4 puoliksi.<\/p>\n<p class=\"paragraph\">Esityksess\u00e4 painottuu se, ett\u00e4 kokoaikaty\u00f6n hakemisen velvoittavuutta lis\u00e4t\u00e4\u00e4n. Lis\u00e4ksi toimeentulotukeen n\u00e4hden ensisijaisten etuuksien hakematta j\u00e4tt\u00e4minen tulisi perusteeksi alentaa toimeentulotuen perusosaa.<\/p>\n<p class=\"paragraph\">Lakimuutoksen on tarkoitus tulla voimaan 1.2.2026.<\/p>\n","protected":false},"excerpt":{"rendered":"THL: V\u00e4kilukuun suhteutettuna Suomessa on kaksinkertainen m\u00e4\u00e4r\u00e4 toimeentulotuen saajia Ruotsiin verrattuna. Arkistokuva. Valtiovarainministeri Riikka Purra (ps) hallituksen budjettiriihen&hellip;\n","protected":false},"author":2,"featured_media":101674,"comment_status":"","ping_status":"","sticky":false,"template":"","format":"standard","meta":{"footnotes":""},"categories":[12],"tags":[35,22,23,26,27,33,31,30,863,17,24,25,28,29,15,18,21,637,886,885,887,32,19,20,16],"class_list":{"0":"post-112066","1":"post","2":"type-post","3":"status-publish","4":"format-standard","5":"has-post-thumbnail","7":"category-suomi","8":"tag-24h","9":"tag-breaking-news","10":"tag-breakingnews","11":"tag-featured-news","12":"tag-featurednews","13":"tag-fi","14":"tag-finland","15":"tag-finnish","16":"tag-hallitus","17":"tag-headlines","18":"tag-latest-news","19":"tag-latestnews","20":"tag-main-news","21":"tag-mainnews","22":"tag-news","23":"tag-otsikot","24":"tag-paauutiset","25":"tag-politiikka","26":"tag-puolueet","27":"tag-suomen-poliittiset-puolueet","28":"tag-suomen-politiikka","29":"tag-suomi","30":"tag-top-stories","31":"tag-topstories","32":"tag-uutiset"},"share_on_mastodon":{"url":"https:\/\/pubeurope.com\/@fi\/115691402450464762","error":""},"_links":{"self":[{"href":"https:\/\/www.europesays.com\/fi\/wp-json\/wp\/v2\/posts\/112066","targetHints":{"allow":["GET"]}}],"collection":[{"href":"https:\/\/www.europesays.com\/fi\/wp-json\/wp\/v2\/posts"}],"about":[{"href":"https:\/\/www.europesays.com\/fi\/wp-json\/wp\/v2\/types\/post"}],"author":[{"embeddable":true,"href":"https:\/\/www.europesays.com\/fi\/wp-json\/wp\/v2\/users\/2"}],"replies":[{"embeddable":true,"href":"https:\/\/www.europesays.com\/fi\/wp-json\/wp\/v2\/comments?post=112066"}],"version-history":[{"count":0,"href":"https:\/\/www.europesays.com\/fi\/wp-json\/wp\/v2\/posts\/112066\/revisions"}],"wp:featuredmedia":[{"embeddable":true,"href":"https:\/\/www.europesays.com\/fi\/wp-json\/wp\/v2\/media\/101674"}],"wp:attachment":[{"href":"https:\/\/www.europesays.com\/fi\/wp-json\/wp\/v2\/media?parent=112066"}],"wp:term":[{"taxonomy":"category","embeddable":true,"href":"https:\/\/www.europesays.com\/fi\/wp-json\/wp\/v2\/categories?post=112066"},{"taxonomy":"post_tag","embeddable":true,"href":"https:\/\/www.europesays.com\/fi\/wp-json\/wp\/v2\/tags?post=112066"}],"curies":[{"name":"wp","href":"https:\/\/api.w.org\/{rel}","templated":true}]}}