{"id":112080,"date":"2025-12-09T20:25:09","date_gmt":"2025-12-09T20:25:09","guid":{"rendered":"https:\/\/www.europesays.com\/fi\/112080\/"},"modified":"2025-12-09T20:25:09","modified_gmt":"2025-12-09T20:25:09","slug":"vesipyorteessa-pyorinyt-joutsen-jouduttiin-lopettamaan-porvoossa-uusimaa","status":"publish","type":"post","link":"https:\/\/www.europesays.com\/fi\/112080\/","title":{"rendered":"Vesipy\u00f6rteess\u00e4 py\u00f6rinyt joutsen jouduttiin lopettamaan Porvoossa &#8211; Uusimaa"},"content":{"rendered":"<ol>\n<li><a href=\"https:\/\/news.google.com\/rss\/articles\/CBMiVEFVX3lxTE1sWFBNM09rTjJhSlExUUN0cXp3VTlxbmJWc3JpOGwzU29nRkJxRFE3bUp2bkpqaUQyejlOY3NQWnJJYWdjVW5lTmVRSDB2ellEUDFIUA?oc=5\" target=\"_blank\" rel=\"nofollow noopener\">Vesipy\u00f6rteess\u00e4 py\u00f6rinyt joutsen jouduttiin lopettamaan Porvoossa<\/a>&nbsp;&nbsp;Uusimaa<\/li>\n<li><a href=\"https:\/\/news.google.com\/rss\/articles\/CBMiT0FVX3lxTE9LRm1OU1BQYV9WSlpCQlJwNmJMV3BVTlBPQTFRdkNWNndrdHRyMzlzcmVXWkkwMHVlOHF0SE94a0ExU3RseXRSXzdjYUdZWTQ?oc=5\" target=\"_blank\" rel=\"nofollow noopener\">LUTin ja LABin vuokrasopimus Isku Centeriss\u00e4 jatkuu viel\u00e4 ainakin yli 8 vuotta \u2013 &#8221;Keskustelu vaihtoehdoista on osa prosessia&#8221; | P\u00e4ij\u00e4t-H\u00e4me<\/a>&nbsp;&nbsp;Etel\u00e4-Suomen Sanomat<\/li>\n<li><a href=\"https:\/\/news.google.com\/rss\/articles\/CBMiS0FVX3lxTE5XazFUVDZVbGlZSEhpdy02VWhQQ21nUEpua2lQMTZQN2NpbXFHRjZ6MmJWZzc2ME14eFJHZlJGaF9hSTBqWXlPNkQ2MA?oc=5\" target=\"_blank\" rel=\"nofollow noopener\">V\u00e4h\u00e4v\u00e4kinen KeuPa taisteli mutta taipui Joensuussa<\/a>&nbsp;&nbsp;Keskisuomalainen<\/li>\n<li><a href=\"https:\/\/news.google.com\/rss\/articles\/CBMi2AFBVV95cUxOSWp6anV4T0VqbE53cHJWOVFUY2pLdzVjbWNlZGRFTXhzOS1xT0F4NjgtZVJCamhyY3J4YTFNdnJYNXpkSlJLSHFxd1RYMER4ZjBtMEtTWDkwcUtOYk4zTTBmUThFYWdvZDhEMDl5T3RIUklsVnBDTXBCWW5PMFFvV1JoMTd0Nk5ndV9ha003ZUw4bTJtLWE3SXYtQXZ2V2JSUFRLVnlfOXpZYktvOUlpWVVGb1BfUTN6S0pWb053c3ExQ09MdjlZV01zNERpVzRPX1RlZWY5eTg?oc=5\" target=\"_blank\" rel=\"nofollow noopener\">Lahden kaupunki, LUT ja LAB selvitt\u00e4v\u00e4t Ranta-Kartanon alueen mahdollisuuksia uuden Lahden kampuksen sijainniksi<\/a>&nbsp;&nbsp;lahti.fi<\/li>\n<li><a href=\"https:\/\/news.google.com\/rss\/articles\/CBMiSkFVX3lxTE9ONUlwTzhkcWxmNkx1NUlpTU9RWThBUjR2Ymp6Z1A1SXJnbHV2eS1TMzlDVkphY2NfbktVbGxKSjU0aVhFUjNuOWpn?oc=5\" target=\"_blank\" rel=\"nofollow noopener\">Lahden Taitoluistelijoiden noviisijoukkue SM-kisoihin | Urheilu<\/a>&nbsp;&nbsp;Etel\u00e4-Suomen Sanomat<\/li>\n<\/ol>\n","protected":false},"excerpt":{"rendered":"Vesipy\u00f6rteess\u00e4 py\u00f6rinyt joutsen jouduttiin lopettamaan Porvoossa&nbsp;&nbsp;Uusimaa LUTin ja LABin vuokrasopimus Isku Centeriss\u00e4 jatkuu viel\u00e4 ainakin yli 8 vuotta&hellip;\n","protected":false},"author":2,"featured_media":112081,"comment_status":"","ping_status":"","sticky":false,"template":"","format":"standard","meta":{"footnotes":""},"categories":[112],"tags":[33,31,30,72,120,123,122,54,620,118,32,119,534],"class_list":{"0":"post-112080","1":"post","2":"type-post","3":"status-publish","4":"format-standard","5":"has-post-thumbnail","7":"category-tiede","8":"tag-fi","9":"tag-finland","10":"tag-finnish","11":"tag-luonto","12":"tag-onnettomuustapaus","13":"tag-palo-ja-pelastustoimi","14":"tag-pelastaminen","15":"tag-pelastuspalvelut","16":"tag-porvoo","17":"tag-science","18":"tag-suomi","19":"tag-tiede","20":"tag-ymparisto-ja-luonto"},"share_on_mastodon":{"url":"https:\/\/pubeurope.com\/@fi\/115691488891786125","error":""},"_links":{"self":[{"href":"https:\/\/www.europesays.com\/fi\/wp-json\/wp\/v2\/posts\/112080","targetHints":{"allow":["GET"]}}],"collection":[{"href":"https:\/\/www.europesays.com\/fi\/wp-json\/wp\/v2\/posts"}],"about":[{"href":"https:\/\/www.europesays.com\/fi\/wp-json\/wp\/v2\/types\/post"}],"author":[{"embeddable":true,"href":"https:\/\/www.europesays.com\/fi\/wp-json\/wp\/v2\/users\/2"}],"replies":[{"embeddable":true,"href":"https:\/\/www.europesays.com\/fi\/wp-json\/wp\/v2\/comments?post=112080"}],"version-history":[{"count":0,"href":"https:\/\/www.europesays.com\/fi\/wp-json\/wp\/v2\/posts\/112080\/revisions"}],"wp:featuredmedia":[{"embeddable":true,"href":"https:\/\/www.europesays.com\/fi\/wp-json\/wp\/v2\/media\/112081"}],"wp:attachment":[{"href":"https:\/\/www.europesays.com\/fi\/wp-json\/wp\/v2\/media?parent=112080"}],"wp:term":[{"taxonomy":"category","embeddable":true,"href":"https:\/\/www.europesays.com\/fi\/wp-json\/wp\/v2\/categories?post=112080"},{"taxonomy":"post_tag","embeddable":true,"href":"https:\/\/www.europesays.com\/fi\/wp-json\/wp\/v2\/tags?post=112080"}],"curies":[{"name":"wp","href":"https:\/\/api.w.org\/{rel}","templated":true}]}}