{"id":112099,"date":"2025-12-09T20:49:09","date_gmt":"2025-12-09T20:49:09","guid":{"rendered":"https:\/\/www.europesays.com\/fi\/112099\/"},"modified":"2025-12-09T20:49:09","modified_gmt":"2025-12-09T20:49:09","slug":"eva-wahlstromin-rohkea-julkaisu-kerasi-kommenttiryopyn-kaikkea-on-tarjolla-aivan-liikaa","status":"publish","type":"post","link":"https:\/\/www.europesays.com\/fi\/112099\/","title":{"rendered":"Eva Wahlstr\u00f6min rohkea julkaisu ker\u00e4si kommenttiry\u00f6pyn \u2013 \u201dKaikkea on tarjolla aivan liikaa\u201d"},"content":{"rendered":"<p>Eva Wahlstr\u00f6min julkaisu sai paljon komppausta kommenttikent\u00e4ss\u00e4.<\/p>\n<p><img decoding=\"async\" class=\"image image-show image-preview\" src=\"https:\/\/www.europesays.com\/fi\/wp-content\/uploads\/2025\/12\/d2727941775fba7683c31510c0ce1d8f8540923af0438cd415fe5fdea8f2cfd8.jpg\" alt=\"\"\/><img decoding=\"async\" class=\"image image-show\" src=\"https:\/\/www.europesays.com\/fi\/wp-content\/uploads\/2025\/12\/1765313349_534_d2727941775fba7683c31510c0ce1d8f8540923af0438cd415fe5fdea8f2cfd8.jpg\" alt=\"\"\/><\/p>\n<p>Eva Wahlstr\u00f6m valmentaa nyky\u00e4\u00e4n omalla salillaan Porvoossa. Jaakko Dahlbacka<\/p>\n<p class=\"paragraph\">Nyrkkeilyvalmentaja <strong>Eva Wahlstr\u00f6mill\u00e4<\/strong> oli mieless\u00e4\u00e4n muutama retroarvo, jotka h\u00e4n haluaisi tuoda takaisin muotiin. N\u00e4in h\u00e4n aloitti <a href=\"https:\/\/www.instagram.com\/p\/DR98-fdDDYL\/\" target=\"_blank\" rel=\"noopener nofollow\">julkaisunsa Instagramissa<\/a>.<\/p>\n<p class=\"paragraph\">Wahlstr\u00f6min puheenvuoro, jossa k\u00e4siteltiin ihmissuhteita, tunteita ja luottamusta ker\u00e4sikin poikkeuksellisen suuren kommenttim\u00e4\u00e4r\u00e4n. Wahlstr\u00f6min julkaisun kommenttikentt\u00e4\u00e4n on tullut yli 200 vastausta.<\/p>\n<p class=\"paragraph\">\u2013\u2009Tosi cooleja ja jopa kapinallisia ajassa, jolloin kaikkea on tarjolla aivan liikaa ja dopamiiniry\u00f6pyt vie meit\u00e4 kuin litran mittaa, Wahlstr\u00f6m kuvaili kannattamiaan arvoja ennen niiden luettelemista.<\/p>\n<p class=\"paragraph\">Ensimm\u00e4isen\u00e4 h\u00e4n nosti esiin \u201dyksiavioisuuden ja luottamuksen\u201d.<\/p>\n<p class=\"paragraph\">\u2013\u2009Ihmisten ei kuuluisi olla kertak\u00e4ytt\u00f6kamaa. En ole 12 vuoteen vilkuillut sivuille, meni meill\u00e4 kotona hyvin tai huonosti. V\u00e4lill\u00e4 toinen vituttaa yli kaiken, puolin ja toisin, mutta aina pystyy luottamaan ett\u00e4 ollaan toisimme varten.<\/p>\n<p class=\"paragraph\">Wahlstr\u00f6min mielest\u00e4 on coolia siet\u00e4\u00e4 tylsyytt\u00e4 joskus ja taistella asioiden puolesta.<\/p>\n<p class=\"paragraph\">\u2013\u2009J\u00e4nnitys ja flirtti tapahtuu oman puolison kanssa, yst\u00e4vyys syvenee ja seksi sen kun paranee. Emotionaalinen turvallisuus on lis\u00e4ksi luksusta, h\u00e4n jatkoi.<\/p>\n<p class=\"paragraph\">Toisena arvona h\u00e4n nosti \u201dterveen paksunahkaisuuden\u201d. Sill\u00e4 h\u00e4n tarkoitti, ettei kaikesta tarvitse loukkaantua.<\/p>\n<p class=\"paragraph\">\u2013\u2009Eri\u00e4v\u00e4t mielipiteet ei my\u00f6sk\u00e4\u00e4n tarvitse automaattisesti johtaa konfliktiin, p\u00e4invastoin voisi ne olla mahdollisuus oppia uutta.<\/p>\n<p class=\"paragraph\">Kolmantena kohtana oli \u201dlupausten pit\u00e4minen\u201d.<\/p>\n<p class=\"paragraph\">\u2013\u2009Aiemmin sanottiin ett\u00e4 &#8221;sana on sana&#8221; tai ett\u00e4 &#8221;ly\u00f6d\u00e4\u00e4n k\u00e4tt\u00e4 p\u00e4\u00e4lle&#8221; ja se tarkoitti, ett\u00e4 kun jotain on luvattu sanallisesti siit\u00e4 pidet\u00e4\u00e4n kiinni ja se on yht\u00e4 p\u00e4tev\u00e4\u00e4 kuin kirjallinen sopimus. Nyky\u00e4\u00e4n tuntuu et sovitut asiat muuttuvat viime hetkess\u00e4, ett\u00e4 lupaukset on yht\u00e4 tyhj\u00e4n kanssa ja ettei lojaaliutta ilman taka-ajatusta juuri ole olemassakaan.<\/p>\n<p class=\"paragraph\">Julkaisun kuvassa Wahlstr\u00f6m loikoili s\u00e4ngyll\u00e4 puolisonsa <strong>Niklas R\u00e4s\u00e4sen<\/strong> kanssa.<\/p>\n<p class=\"paragraph\">Nyrkkeilyuransa j\u00e4lkeen Wahlstr\u00f6m on keskittynyt valmentamaan. H\u00e4n avasi t\u00e4n\u00e4 vuonna Porvooseen P-Town Boxing Gymin.<\/p>\n<p><script async src=\"\/\/www.instagram.com\/embed.js\"><\/script><\/p>\n","protected":false},"excerpt":{"rendered":"Eva Wahlstr\u00f6min julkaisu sai paljon komppausta kommenttikent\u00e4ss\u00e4. Eva Wahlstr\u00f6m valmentaa nyky\u00e4\u00e4n omalla salillaan Porvoossa. Jaakko Dahlbacka Nyrkkeilyvalmentaja Eva&hellip;\n","protected":false},"author":2,"featured_media":112100,"comment_status":"","ping_status":"","sticky":false,"template":"","format":"standard","meta":{"footnotes":""},"categories":[158],"tags":[35,33,31,30,101,3844,41,875,103,159,32,160],"class_list":{"0":"post-112099","1":"post","2":"type-post","3":"status-publish","4":"format-standard","5":"has-post-thumbnail","7":"category-urheilu","8":"tag-24h","9":"tag-fi","10":"tag-finland","11":"tag-finnish","12":"tag-ihmissuhteet","13":"tag-kamppailu-urheilu","14":"tag-liikunta-ja-urheilu","15":"tag-seksi","16":"tag-sosiaalikysymykset","17":"tag-sports","18":"tag-suomi","19":"tag-urheilu"},"share_on_mastodon":{"url":"https:\/\/pubeurope.com\/@fi\/115691583524824093","error":""},"_links":{"self":[{"href":"https:\/\/www.europesays.com\/fi\/wp-json\/wp\/v2\/posts\/112099","targetHints":{"allow":["GET"]}}],"collection":[{"href":"https:\/\/www.europesays.com\/fi\/wp-json\/wp\/v2\/posts"}],"about":[{"href":"https:\/\/www.europesays.com\/fi\/wp-json\/wp\/v2\/types\/post"}],"author":[{"embeddable":true,"href":"https:\/\/www.europesays.com\/fi\/wp-json\/wp\/v2\/users\/2"}],"replies":[{"embeddable":true,"href":"https:\/\/www.europesays.com\/fi\/wp-json\/wp\/v2\/comments?post=112099"}],"version-history":[{"count":0,"href":"https:\/\/www.europesays.com\/fi\/wp-json\/wp\/v2\/posts\/112099\/revisions"}],"wp:featuredmedia":[{"embeddable":true,"href":"https:\/\/www.europesays.com\/fi\/wp-json\/wp\/v2\/media\/112100"}],"wp:attachment":[{"href":"https:\/\/www.europesays.com\/fi\/wp-json\/wp\/v2\/media?parent=112099"}],"wp:term":[{"taxonomy":"category","embeddable":true,"href":"https:\/\/www.europesays.com\/fi\/wp-json\/wp\/v2\/categories?post=112099"},{"taxonomy":"post_tag","embeddable":true,"href":"https:\/\/www.europesays.com\/fi\/wp-json\/wp\/v2\/tags?post=112099"}],"curies":[{"name":"wp","href":"https:\/\/api.w.org\/{rel}","templated":true}]}}