{"id":112127,"date":"2025-12-09T21:22:12","date_gmt":"2025-12-09T21:22:12","guid":{"rendered":"https:\/\/www.europesays.com\/fi\/112127\/"},"modified":"2025-12-09T21:22:12","modified_gmt":"2025-12-09T21:22:12","slug":"onni-valakarille-miljoonasiirto","status":"publish","type":"post","link":"https:\/\/www.europesays.com\/fi\/112127\/","title":{"rendered":"Onni Valakarille miljoonasiirto"},"content":{"rendered":"<p>Valakari onnistui lainapestill\u00e4\u00e4n MLS:ss\u00e4.<\/p>\n<p><img decoding=\"async\" class=\"image image-show image-preview\" src=\"https:\/\/www.europesays.com\/fi\/wp-content\/uploads\/2025\/12\/86830f764895180051bf06ed1720e289608f9a280a866e96d9420e6783cbdb1a.jpg\" alt=\"\"\/><img decoding=\"async\" class=\"image image-show\" src=\"https:\/\/www.europesays.com\/fi\/wp-content\/uploads\/2025\/12\/1765315332_570_86830f764895180051bf06ed1720e289608f9a280a866e96d9420e6783cbdb1a.jpg\" alt=\"\"\/><\/p>\n<p>Onni Valakarin ura jatkuu San Diegossa. AOP<\/p>\n<p class=\"paragraph\">Suomen maajoukkueessakin t\u00e4m\u00e4n vuoden aikana n\u00e4hty <strong>Onni Valakari<\/strong> jatkaa uraansa Yhdysvalloissa. San Diego FC halusi pit\u00e4\u00e4 lainalla olleen Valakarin itsell\u00e4\u00e4n ja lunasti h\u00e4net nyt kyproslaisesta Pafosista.<\/p>\n<p class=\"paragraph\">Iltalehden tietojen mukaan San Diego maksoi Pafosille 1,5 miljoonaa euroa hy\u00f6kk\u00e4\u00e4v\u00e4st\u00e4 keskikentt\u00e4pelaajasta.<\/p>\n<p class=\"paragraph\">Valakari, 26, siirtyi San Diegoon lainalle tammikuussa. Kausi oli onnistunut. San Diego voitti l\u00e4ntisen konferenssin ja eteni pudotuspeleiss\u00e4 v\u00e4lieriin asti. Vancouver Whitecaps eteni v\u00e4lier\u00e4ottelusta jatkoon.<\/p>\n<p class=\"paragraph\">Runkosarjassa Valakari pelasi 34 ottelussa, suurimman osan avauksessa. Maaleja syntyi nelj\u00e4 ja maaliin johtaneita sy\u00f6tt\u00f6j\u00e4 kahdeksan. Viidess\u00e4 pudotuspeliottelussa Valakari ker\u00e4si tehot 1+1.<\/p>\n<p class=\"paragraph\">\u2013\u2009San Diego vakuutti minut ensimm\u00e4isest\u00e4 p\u00e4iv\u00e4st\u00e4 alkaen. Kaupungissa on jalkapallobuumi: fanit ovat uskomattoman intohimoisia ja stadion on t\u00e4ynn\u00e4 l\u00e4hes joka viikko, Valakari kertoo Iltalehdelle.<\/p>\n<p class=\"paragraph\">Uusi sopimus ulottuu kauteen 2028 ja sis\u00e4lt\u00e4\u00e4 option kaudesta 2029.<\/p>\n<p>Helppo p\u00e4\u00e4t\u00f6s<\/p>\n<p class=\"paragraph\">P\u00e4\u00e4ttynyt MLS-kausi oli kaiken lis\u00e4ksi San Diegon ensimm\u00e4inen p\u00e4\u00e4sarjassa. Seura perustettiin kev\u00e4\u00e4ll\u00e4 2023.<\/p>\n<p class=\"paragraph\">\u2013\u2009Seuran kunnianhimo ja heid\u00e4n luottonsa minuun tekiv\u00e4t suuren vaikutuksen. Kausi oli mahtava, ja n\u00e4in laadukkaassa sarjassa onnistuminen oli erityist\u00e4.<\/p>\n<p class=\"paragraph\">Kysynt\u00e4\u00e4 riitti muualtakin, mutta p\u00e4\u00e4t\u00f6s jatkosta oli Valakarin mukaan helppo.<\/p>\n<p class=\"paragraph\">\u2013\u2009Kun San Diego ilmoitti haluavansa ostaa minut Pafosista, tuntui se heti oikealta siirrolta. Sain ison roolin kauden aikana, ja seurassa uskottiin minuun koko kauden ajan. T\u00e4\u00e4ll\u00e4 voin kehitty\u00e4 parhaalla mahdollisella tavalla.<\/p>\n<p class=\"paragraph\">Ennen Valakarin siirron varmistumista asiasta uutisoi Suomessa ensimm\u00e4isen\u00e4 <a href=\"https:\/\/www.mtvuutiset.fi\/artikkeli\/onni-valakari-miljoonasiirto\/9263940\" target=\"_blank\" rel=\"noopener nofollow\">MTV Urheilu<\/a>.<\/p>\n<p class=\"paragraph\">Valakari on pelannut Suomen A-maajoukkueessa 13 ottelua ja tehnyt yhden maalin.<\/p>\n<p>Onni Valakarin viihtyy Kaliforniassa. SPG<\/p>\n","protected":false},"excerpt":{"rendered":"Valakari onnistui lainapestill\u00e4\u00e4n MLS:ss\u00e4. Onni Valakarin ura jatkuu San Diegossa. AOP Suomen maajoukkueessakin t\u00e4m\u00e4n vuoden aikana n\u00e4hty Onni&hellip;\n","protected":false},"author":2,"featured_media":112128,"comment_status":"","ping_status":"","sticky":false,"template":"","format":"standard","meta":{"footnotes":""},"categories":[5],"tags":[35,22,23,26,27,33,31,30,17,43,42,1745,1984,24,25,41,28,29,15,18,21,32,19,20,16],"class_list":{"0":"post-112127","1":"post","2":"type-post","3":"status-publish","4":"format-standard","5":"has-post-thumbnail","7":"category-otsikot","8":"tag-24h","9":"tag-breaking-news","10":"tag-breakingnews","11":"tag-featured-news","12":"tag-featurednews","13":"tag-fi","14":"tag-finland","15":"tag-finnish","16":"tag-headlines","17":"tag-jalkapallo","18":"tag-jalkapalloon-perustuvat-lajit","19":"tag-jalkapallopelaajat","20":"tag-jalkapallopelaajat-miehet","21":"tag-latest-news","22":"tag-latestnews","23":"tag-liikunta-ja-urheilu","24":"tag-main-news","25":"tag-mainnews","26":"tag-news","27":"tag-otsikot","28":"tag-paauutiset","29":"tag-suomi","30":"tag-top-stories","31":"tag-topstories","32":"tag-uutiset"},"share_on_mastodon":{"url":"https:\/\/pubeurope.com\/@fi\/115691713226424545","error":""},"_links":{"self":[{"href":"https:\/\/www.europesays.com\/fi\/wp-json\/wp\/v2\/posts\/112127","targetHints":{"allow":["GET"]}}],"collection":[{"href":"https:\/\/www.europesays.com\/fi\/wp-json\/wp\/v2\/posts"}],"about":[{"href":"https:\/\/www.europesays.com\/fi\/wp-json\/wp\/v2\/types\/post"}],"author":[{"embeddable":true,"href":"https:\/\/www.europesays.com\/fi\/wp-json\/wp\/v2\/users\/2"}],"replies":[{"embeddable":true,"href":"https:\/\/www.europesays.com\/fi\/wp-json\/wp\/v2\/comments?post=112127"}],"version-history":[{"count":0,"href":"https:\/\/www.europesays.com\/fi\/wp-json\/wp\/v2\/posts\/112127\/revisions"}],"wp:featuredmedia":[{"embeddable":true,"href":"https:\/\/www.europesays.com\/fi\/wp-json\/wp\/v2\/media\/112128"}],"wp:attachment":[{"href":"https:\/\/www.europesays.com\/fi\/wp-json\/wp\/v2\/media?parent=112127"}],"wp:term":[{"taxonomy":"category","embeddable":true,"href":"https:\/\/www.europesays.com\/fi\/wp-json\/wp\/v2\/categories?post=112127"},{"taxonomy":"post_tag","embeddable":true,"href":"https:\/\/www.europesays.com\/fi\/wp-json\/wp\/v2\/tags?post=112127"}],"curies":[{"name":"wp","href":"https:\/\/api.w.org\/{rel}","templated":true}]}}