{"id":112179,"date":"2025-12-09T22:53:12","date_gmt":"2025-12-09T22:53:12","guid":{"rendered":"https:\/\/www.europesays.com\/fi\/112179\/"},"modified":"2025-12-09T22:53:12","modified_gmt":"2025-12-09T22:53:12","slug":"lasse-lehtonen-palasi-xaan-ilta-sanomat","status":"publish","type":"post","link":"https:\/\/www.europesays.com\/fi\/112179\/","title":{"rendered":"Lasse Lehtonen palasi X:\u00e4\u00e4n &#8211; Ilta-Sanomat"},"content":{"rendered":"<p>Lehtonen poisti X-tilins\u00e4 17. marraskuuta.<\/p>\n<p>Kelan hallitus kertoi p\u00e4\u00e4johtaja Lasse Lehtosen tilanteesta.<\/p>\n<p>9.12. 14:40<\/p>\n<p class=\"article-body mb-nof-24 px-nof-16\">Kelan sairaslomalla olevan p\u00e4\u00e4johtajan <a class=\"article-personlink\" href=\"https:\/\/www.is.fi\/haku\/?query=Lasse%20Lehtosen\" rel=\"nofollow noopener\" target=\"_blank\">Lasse Lehtosen<\/a> X-tili n\u00e4ytt\u00e4\u00e4 palanneen.<\/p>\n<p class=\"article-body mb-nof-24 px-nof-16\">Lehtonen poisti X-tilins\u00e4 17. marraskuuta. IS:n selvityksen mukaan X-tilin voi laittaa vain pysyv\u00e4sti kiinni. Tilin saa kuitenkin palautettua, jos sen aktivoi uudelleen 30 p\u00e4iv\u00e4n sis\u00e4ll\u00e4. Lehtosen tili\u00e4 ei en\u00e4\u00e4 marraskuussa l\u00f6ytynyt X:st\u00e4.<\/p>\n<p class=\"article-body mb-nof-24 px-nof-16\">Nyt Lasse Lehtosen tili n\u00e4kyy j\u00e4lleen viestipalvelu X:ss\u00e4.<\/p>\n<p class=\"article-body mb-nof-24 px-nof-16\">Ennen X-tilins\u00e4 poistoa Lehtonen kertoi aikovansa pit\u00e4\u00e4 sometaukoa ja lis\u00e4si, ett\u00e4 sit\u00e4 suosittelivat h\u00e4nen \u00e4itins\u00e4 ja vaimonsa.<\/p>\n<p class=\"article-body mb-nof-24 px-nof-16\">\u2013 Olen seuraavat pari viikkoa melko lailla matkoilla, joten todenn\u00e4k\u00f6isesti deaktivoin X:n tuoksi ajaksi (17.11\u201330.11.), ettei tule kiusausta liikaa viestitell\u00e4 ja p\u00e4\u00e4see itsekin v\u00e4h\u00e4n rauhoittumaan t\u00e4m\u00e4n parin viikon mediary\u00f6pytyksen j\u00e4lkeen, Lehtonen kirjoitti t\u00e4ll\u00f6in.<\/p>\n<p class=\"article-body mb-nof-24 px-nof-16\">Sometaukoilmoituksen j\u00e4lkeen Lehtonen jatkoi viel\u00e4 viestittely\u00e4\u00e4n. H\u00e4n vastasi X:ss\u00e4 viestiin, jossa todettiin Kelan henkil\u00f6st\u00f6n voittaneen ja saavuttaneen koskemattomuuden mahdollisilta saneeraustoimilta.<\/p>\n<p class=\"article-body mb-nof-24 px-nof-16\">\u2013 Wait and see&#8230; Lehtonen vastasi pohdiskelevan emojin kera.<\/p>\n","protected":false},"excerpt":{"rendered":"Lehtonen poisti X-tilins\u00e4 17. marraskuuta. Kelan hallitus kertoi p\u00e4\u00e4johtaja Lasse Lehtosen tilanteesta. 9.12. 14:40 Kelan sairaslomalla olevan p\u00e4\u00e4johtajan&hellip;\n","protected":false},"author":2,"featured_media":112180,"comment_status":"","ping_status":"","sticky":false,"template":"","format":"standard","meta":{"footnotes":""},"categories":[136],"tags":[407,137,33,31,30,34,408,32,109],"class_list":{"0":"post-112179","1":"post","2":"type-post","3":"status-publish","4":"format-standard","5":"has-post-thumbnail","7":"category-julkkikset","8":"tag-celebrities","9":"tag-entertainment","10":"tag-fi","11":"tag-finland","12":"tag-finnish","13":"tag-ilta-sanomat","14":"tag-julkkikset","15":"tag-suomi","16":"tag-viihde"},"share_on_mastodon":{"url":"https:\/\/pubeurope.com\/@fi\/115692070745415678","error":""},"_links":{"self":[{"href":"https:\/\/www.europesays.com\/fi\/wp-json\/wp\/v2\/posts\/112179","targetHints":{"allow":["GET"]}}],"collection":[{"href":"https:\/\/www.europesays.com\/fi\/wp-json\/wp\/v2\/posts"}],"about":[{"href":"https:\/\/www.europesays.com\/fi\/wp-json\/wp\/v2\/types\/post"}],"author":[{"embeddable":true,"href":"https:\/\/www.europesays.com\/fi\/wp-json\/wp\/v2\/users\/2"}],"replies":[{"embeddable":true,"href":"https:\/\/www.europesays.com\/fi\/wp-json\/wp\/v2\/comments?post=112179"}],"version-history":[{"count":0,"href":"https:\/\/www.europesays.com\/fi\/wp-json\/wp\/v2\/posts\/112179\/revisions"}],"wp:featuredmedia":[{"embeddable":true,"href":"https:\/\/www.europesays.com\/fi\/wp-json\/wp\/v2\/media\/112180"}],"wp:attachment":[{"href":"https:\/\/www.europesays.com\/fi\/wp-json\/wp\/v2\/media?parent=112179"}],"wp:term":[{"taxonomy":"category","embeddable":true,"href":"https:\/\/www.europesays.com\/fi\/wp-json\/wp\/v2\/categories?post=112179"},{"taxonomy":"post_tag","embeddable":true,"href":"https:\/\/www.europesays.com\/fi\/wp-json\/wp\/v2\/tags?post=112179"}],"curies":[{"name":"wp","href":"https:\/\/api.w.org\/{rel}","templated":true}]}}