{"id":112190,"date":"2025-12-09T23:06:10","date_gmt":"2025-12-09T23:06:10","guid":{"rendered":"https:\/\/www.europesays.com\/fi\/112190\/"},"modified":"2025-12-09T23:06:10","modified_gmt":"2025-12-09T23:06:10","slug":"poliisi-varoittaa-identiteettivarkauksista-kohdistettu-terveydenhuollon-ammattilaisiin","status":"publish","type":"post","link":"https:\/\/www.europesays.com\/fi\/112190\/","title":{"rendered":"Poliisi varoittaa identiteettivarkauksista \u2013 Kohdistettu terveydenhuollon ammattilaisiin"},"content":{"rendered":"<p>Topline.com-sivustoon liittyvi\u00e4 rikosilmoituksia on tehty yhteens\u00e4 197 kappaletta.<\/p>\n<p><img decoding=\"async\" class=\"image image-show image-preview\" src=\"https:\/\/www.europesays.com\/fi\/wp-content\/uploads\/2025\/12\/e933231a5478f25d2711edfdace495c0ae457a68cb3249037f653dccdd80b4de.jpg\" alt=\"\"\/><img decoding=\"async\" class=\"image image-show\" src=\"https:\/\/www.europesays.com\/fi\/wp-content\/uploads\/2025\/12\/1765321570_497_e933231a5478f25d2711edfdace495c0ae457a68cb3249037f653dccdd80b4de.jpg\" alt=\"\"\/><\/p>\n<p>Poliisille on tullut l\u00e4hes 200 rikosilmoitusta identiteettivarkauksista Topline-sivustolta. Kuvituskuva. Jenni G\u00e4stgivar<\/p>\n<p class=\"paragraph\">Poliisi kertoo tiedotteessaan, ett\u00e4 Yhdysvaltoihin rekister\u00f6idylle Topline.com-sivustolle on luotu valeprofiileja p\u00e4\u00e4osin suomalaisista terveydenhuollon ammattilaisista. Valeprofiileja on tehty my\u00f6s muiden alojen asiantuntijoista. Valeprofiilit on tehty kopioimalla uhrien Linkedin-profiilit.<\/p>\n<p class=\"paragraph\">Sivustoon liittyvi\u00e4 rikosilmoituksia on tehty Suomessa yhteens\u00e4 197 kappaletta.<\/p>\n<p class=\"paragraph\">Sivustolla myyd\u00e4\u00e4n asiantuntijapalveluita. Poliisin tiedossa ei ole, ett\u00e4 uhreille olisi aiheutunut identiteettivarkauksista taloudellista vahinkoa. Tiedossa ei ole my\u00f6sk\u00e4\u00e4n, onko joku ostanut palveluita valeprofiileilta.<\/p>\n<p class=\"paragraph\">Poliisi kehottaa varovaisuuteen verkosta palveluita tai tavaroita ostaessa.<\/p>\n<p class=\"paragraph\">\u2013 Verkkoalustojen myynti-ilmoituksissa olevien linkkien kanssa on syyt\u00e4 olla tarkkana sek\u00e4 varmistaa, mist\u00e4 osoitteesta s\u00e4hk\u00f6postiin l\u00e4hetetyt myynti-ilmoitukset ja mainokset ovat tulleet, poliisi huomauttaa.<\/p>\n","protected":false},"excerpt":{"rendered":"Topline.com-sivustoon liittyvi\u00e4 rikosilmoituksia on tehty yhteens\u00e4 197 kappaletta. Poliisille on tullut l\u00e4hes 200 rikosilmoitusta identiteettivarkauksista Topline-sivustolta. Kuvituskuva. Jenni&hellip;\n","protected":false},"author":2,"featured_media":112191,"comment_status":"","ping_status":"","sticky":false,"template":"","format":"standard","meta":{"footnotes":""},"categories":[12],"tags":[35,22,23,26,27,33,31,30,17,53,24,25,28,29,15,18,21,978,38,32,3152,19,20,546,16],"class_list":{"0":"post-112190","1":"post","2":"type-post","3":"status-publish","4":"format-standard","5":"has-post-thumbnail","7":"category-suomi","8":"tag-24h","9":"tag-breaking-news","10":"tag-breakingnews","11":"tag-featured-news","12":"tag-featurednews","13":"tag-fi","14":"tag-finland","15":"tag-finnish","16":"tag-headlines","17":"tag-laki-oikeus-ja-rikos","18":"tag-latest-news","19":"tag-latestnews","20":"tag-main-news","21":"tag-mainnews","22":"tag-news","23":"tag-otsikot","24":"tag-paauutiset","25":"tag-rikoksen-teko","26":"tag-rikos","27":"tag-suomi","28":"tag-talousrikokset-finanssirikokset","29":"tag-top-stories","30":"tag-topstories","31":"tag-turvallisuus","32":"tag-uutiset"},"share_on_mastodon":{"url":"https:\/\/pubeurope.com\/@fi\/115692122046712966","error":""},"_links":{"self":[{"href":"https:\/\/www.europesays.com\/fi\/wp-json\/wp\/v2\/posts\/112190","targetHints":{"allow":["GET"]}}],"collection":[{"href":"https:\/\/www.europesays.com\/fi\/wp-json\/wp\/v2\/posts"}],"about":[{"href":"https:\/\/www.europesays.com\/fi\/wp-json\/wp\/v2\/types\/post"}],"author":[{"embeddable":true,"href":"https:\/\/www.europesays.com\/fi\/wp-json\/wp\/v2\/users\/2"}],"replies":[{"embeddable":true,"href":"https:\/\/www.europesays.com\/fi\/wp-json\/wp\/v2\/comments?post=112190"}],"version-history":[{"count":0,"href":"https:\/\/www.europesays.com\/fi\/wp-json\/wp\/v2\/posts\/112190\/revisions"}],"wp:featuredmedia":[{"embeddable":true,"href":"https:\/\/www.europesays.com\/fi\/wp-json\/wp\/v2\/media\/112191"}],"wp:attachment":[{"href":"https:\/\/www.europesays.com\/fi\/wp-json\/wp\/v2\/media?parent=112190"}],"wp:term":[{"taxonomy":"category","embeddable":true,"href":"https:\/\/www.europesays.com\/fi\/wp-json\/wp\/v2\/categories?post=112190"},{"taxonomy":"post_tag","embeddable":true,"href":"https:\/\/www.europesays.com\/fi\/wp-json\/wp\/v2\/tags?post=112190"}],"curies":[{"name":"wp","href":"https:\/\/api.w.org\/{rel}","templated":true}]}}