{"id":112212,"date":"2025-12-09T23:48:11","date_gmt":"2025-12-09T23:48:11","guid":{"rendered":"https:\/\/www.europesays.com\/fi\/112212\/"},"modified":"2025-12-09T23:48:11","modified_gmt":"2025-12-09T23:48:11","slug":"amazing-race-suomi-kilpailijoiden-paljastukset-kulissien-takaa","status":"publish","type":"post","link":"https:\/\/www.europesays.com\/fi\/112212\/","title":{"rendered":"Amazing Race Suomi: Kilpailijoiden paljastukset kulissien takaa"},"content":{"rendered":"<p>\n            Amazing Racen jakson perusteella Joel Volanen suoriutui k\u00e4\u00e4rmeteht\u00e4v\u00e4st\u00e4 nopeasti. Totuus oli toinen.<br \/>\n            Sanoma\n        <\/p>\n<p class=\"subtitle \">Joel Volaselta jymypaljastus ohjelman kulisseista.<\/p>\n<p class=\"article-content article-content-width !bg-background\">Amazing Race Suomi -kisan tuoreimmassa televisiossa n\u00e4ytetyss\u00e4 jaksossa kisaajia koettelivat muun muassa vaikea palapeli, k\u00e4\u00e4rmeet ja sipulit. Jakson esitt\u00e4misen j\u00e4lkeen osa kilpailijoista teki paljastuksia kuvausten kulisseista.<\/p>\n<p class=\"font-weight-bold m-font-weight-bold article-content article-content-width !bg-background\">Video: Mari Perankoski kertoo, olisiko Jouni Hynynen hyv\u00e4 kisaaja.<\/p>\n<p class=\"article-content article-content-width !bg-background\">\u00c4itins\u00e4  kanssa kisassa mukana oleva  julkaisi viikonloppuna Instagram-tilill\u00e4\u00e4n <a href=\"https:\/\/www.instagram.com\/p\/DR5dz7gjB_V\/?igsh=MWZreHk3MnJjNjNseQ==\" target=\"_blank\" rel=\"nofollow noopener\">p\u00e4ivityksen<\/a>, jossa h\u00e4n kertoi, kuinka k\u00e4\u00e4rmeteht\u00e4v\u00e4 oikeasti sujui.<\/p>\n<p class=\"article-content article-content-width !bg-background\">Teht\u00e4v\u00e4ss\u00e4 kilpailijan piti etsi\u00e4 saamaansa korttia vastaava k\u00e4\u00e4rme l\u00e4pin\u00e4kyvist\u00e4 laatikoista ja kantaa sitten k\u00e4\u00e4rme tuomarin tarkastettavaksi.\u00a0<\/p>\n<p class=\"article-content article-content-width !bg-background\">Ohjelmassa n\u00e4ytti silt\u00e4 kuin Joel olisi selvinnyt teht\u00e4v\u00e4st\u00e4 todella nopeasti ja helposti. Jaksossa Joelin n\u00e4htiin k\u00e4velev\u00e4n k\u00e4\u00e4rmelaatikolle, viev\u00e4n k\u00e4\u00e4rmeen rauhallisesti tuomarille ja l\u00e4p\u00e4isev\u00e4n teht\u00e4\u00e4n.<\/p>\n<p class=\"article-content article-content-width !bg-background\">Totuus oli h\u00e4nen mukaansa kuitenkin toinen.<\/p>\n<p class=\"article-content article-content-width !bg-background\">\u2013\u00a0Arvatkaa, kuka idiootti kanto sinne joku 8 k\u00e4\u00e4rmett\u00e4 kun ei l\u00f6yt\u00e4ny oikeeta. M\u00e4 en tii\u00e4 olenko sokea vai oliko kortti huono, mutta kannoin ekana sellasen, joka oli l\u00e4himp\u00e4n\u00e4 kortin k\u00e4\u00e4rmett\u00e4, ja kun se oli v\u00e4\u00e4r\u00e4 tein p\u00e4\u00e4t\u00f6ksen ett\u00e4 n\u00e4it\u00e4h\u00e4n ei ole hirveen monta, niin m\u00e4 kannan sit joka ikisen n\u00e4ist\u00e4 ja p\u00e4\u00e4sen pakolla l\u00e4pi. Eli ei todellakaan mennyt ekalla l\u00e4pi niinku jakso anto ymm\u00e4rt\u00e4\u00e4, Joel paljastaa Instagram-p\u00e4ivityksess\u00e4\u00e4n.<\/p>\n<p>                <img loading=\"lazy\" decoding=\"async\" src=\"https:\/\/www.europesays.com\/fi\/wp-content\/uploads\/2025\/12\/2015315.webp\" width=\"576\" height=\"317\" title=\"Tuomaksen ja Sinin sormet joutuivat koville sipuliteht\u00e4v\u00e4ss\u00e4.\" alt=\"Tuomas ja Sini Peltom\u00e4ki kuorivat sipuleita.\" \/>            <\/p>\n<p>\n            Tuomaksen ja Sinin sormet joutuivat koville sipuliteht\u00e4v\u00e4ss\u00e4.<br \/>\n            Sanoma\n        <\/p>\n<p>        <a itemprop=\"url\" href=\"https:\/\/www.seiska.fi\/katso\/sara-sieppi-itkee-hysteerisesti-nain-artturi-veli-toimii\/2011699\" rel=\"nofollow noopener\" target=\"_blank\"><\/p>\n<p>\nSara Sieppi\n<\/p>\n<p class=\"section-date\">\n        <strong class=\"article-section\" data-section=\"katso\"><br \/>\n            katso<br \/>\n        <\/strong><br \/>\n        4.12. 16:15\n    <\/p>\n<p>Sara Sieppi itkee hysteerisesti \u2013 n\u00e4in Artturi-veli toimii\n    <\/p>\n<p itemprop=\"description\" class=\"subtitle \">\n    Sara Sieppi joutuu kohtaamaan pelkonsa Amazing Race Suomi -ohjelmassa.\n<\/p>\n<p>        <\/a><\/p>\n<p>Sipuli l\u00f6yhk\u00e4si viel\u00e4 Suomessakin<\/p>\n<p class=\"article-content article-content-width !bg-background\">Monet parit joutuivat koville valitessaan jaksossa teht\u00e4v\u00e4kseen sipulien kuorimisen.  on avautunut <a href=\"https:\/\/www.instagram.com\/p\/DR5T1w_jWdX\/?igsh=MXM4MXcwdXdyZHdxaA==\" target=\"_blank\" rel=\"nofollow noopener\">Instagram-tilill\u00e4\u00e4n<\/a> teht\u00e4v\u00e4n j\u00e4lkiseurauksista.<\/p>\n<p class=\"article-content article-content-width !bg-background\">\u2013\u00a0Mutta voin sanoa ett\u00e4 viel\u00e4 pitk\u00e4\u00e4n Suomessakin kynnet ja kynsilihat ja vallit ja nauhat ja kaikki haisi aivan salottisipulille. Niin voimakkaasti ett\u00e4 jos k\u00e4si unessa meni naamalle niin her\u00e4sin siihen sipulin lemuun. Ja kuoriminen sattui! Ajatelkaa silleen ett\u00e4 pist\u00e4tte eka sormenne pari kierrosta lyijykyn\u00e4nteroittimessa ja sen j\u00e4lkeen lilluttelette niit\u00e4 lasillisessa sipulihappoa, Tuomas maalailee.<\/p>\n<p class=\"article-content article-content-width !bg-background\">Jo jaksossa n\u00e4htiin, miten kisaajat valittivat kuorimisen aiheuttamaa kipua. Tuomas ja siskonsa  suorittivat kuorintateht\u00e4v\u00e4\u00e4 yht\u00e4 aikaa  ja  kanssa.<\/p>\n<p class=\"article-content article-content-width !bg-background\">Tuomas kommentoi Instagramissa, ett\u00e4 sipulimehu sitoo nyt h\u00e4net, Sinin, Paulan ja Katin yhteen jollakin joka on vahvempi kuin maalliset siteet.<\/p>\n<p>                <img loading=\"lazy\" decoding=\"async\" src=\"https:\/\/www.europesays.com\/fi\/wp-content\/uploads\/2025\/12\/1765324091_466_2011517.webp\" width=\"576\" height=\"274\" alt=\"Paula Noronen ja Kati Launiainen putosivat tuoreimmassa tv-jaksossa. Kaksikko oli viime viikonloppuna viihteell\u00e4 Helsingiss\u00e4.\" \/>            <\/p>\n<p>\n            Paula Noronen ja Kati Launiainen putosivat tuoreimmassa tv-jaksossa. Kaksikko oli viime viikonloppuna viihteell\u00e4 Helsingiss\u00e4.<br \/>\n            Sanoma\n        <\/p>\n<p>        <a itemprop=\"url\" href=\"https:\/\/www.seiska.fi\/katso\/katsojat-huolestuivat-amazing-race-kisaajien-terveydesta\/2009400\" rel=\"nofollow noopener\" target=\"_blank\"><\/p>\n<p>\nAmazing Race\n<\/p>\n<p class=\"section-date\">\n        <strong class=\"article-section\" data-section=\"katso\"><br \/>\n            katso<br \/>\n        <\/strong><br \/>\n        2.12. 16:15\n    <\/p>\n<p>Katsojat huolestuivat Amazing Race -kisaajien terveydest\u00e4\n    <\/p>\n<p itemprop=\"description\" class=\"subtitle \">\n    Usean kilpailijan sairastuminen her\u00e4tt\u00e4\u00e4 my\u00f6s \u00e4rtymyst\u00e4 ja paheksuntaa.\n<\/p>\n<p>        <\/a><\/p>\n<p>&#8221;Amazing Race n\u00e4k\u00f6j\u00e4\u00e4n jatkuu&#8221;<\/p>\n<p class=\"article-content article-content-width !bg-background\">Amazing Race -kisaajat vaikuttavat viihtyv\u00e4n yhdess\u00e4 viel\u00e4 ohjelman kuvausten j\u00e4lkeenkin.\u00a0<\/p>\n<p class=\"article-content article-content-width !bg-background\">Mari julkaisi sunnuntaina <a href=\"https:\/\/www.instagram.com\/p\/DR9ggLCjd1B\/?igsh=MTRjbW1id3J0dGo0NQ==\" target=\"_blank\" rel=\"nofollow noopener\">Instagramissa<\/a> p\u00e4ivityksen, joka paljasti h\u00e4nen juhlineen itsen\u00e4isyysp\u00e4iv\u00e4n\u00e4 Paulan ja Katin kanssa Helsingin Tavastialla, jossa Kotiteollisuus-yhtyeell\u00e4 oli keikka.\u00a0<\/p>\n<p class=\"article-content article-content-width !bg-background\">P\u00e4ivityksen perusteella illasta ei puuttunut vauhtia.<\/p>\n<p class=\"article-content article-content-width !bg-background\">\u2013\u00a0Kissat l\u00e4hti kirkolle. Hetki sen j\u00e4lkeen kun taksikuski yritti veloittaa 300 e matkalla Kalevankatu-Tavastia ja sit\u00e4 ennen kun  omisti Tuonelan koivut nuorelle Noroselle ja piparikassi h\u00e4visi, Amazing Race n\u00e4k\u00f6j\u00e4\u00e4n jatkuu, Mari p\u00e4ivitteli.<\/p>\n<p class=\"article-content article-content-width !bg-background\">Seuraajan kysymykseen siit\u00e4, miten taksimatka lopulta p\u00e4\u00e4ttyi Mari vastasi: \u201cParemmin kuin Aasiassa.\u201d<\/p>\n<p class=\"italic m-italic article-content article-content-width !bg-background\">Amazing Race Suomi lauantaisin kello 19.30 Nelosella. Uusia jaksoja julkaistaan ennen tv-esityst\u00e4 Ruutu+:ssa.<\/p>\n<p>        <a itemprop=\"url\" href=\"https:\/\/www.seiska.fi\/katso\/katsojilta-tyly-arvio-amazing-race-suomen-kilpailijoista\/2010207\" rel=\"nofollow noopener\" target=\"_blank\"><\/p>\n<p>\nAmazing Race Suomi\n<\/p>\n<p class=\"section-date\">\n        <strong class=\"article-section\" data-section=\"katso\"><br \/>\n            katso<br \/>\n        <\/strong><br \/>\n        8.12. 11:15\n    <\/p>\n<p>Katsojilta tyly arvio Amazing Race Suomen kilpailijoista\n    <\/p>\n<p itemprop=\"description\" class=\"subtitle \">\n    Varsinkin yksi pari on saanut katsojat \u00e4rsyyntym\u00e4\u00e4n.\n<\/p>\n<p>        <\/a><\/p>\n<p>        <a itemprop=\"url\" href=\"https:\/\/www.seiska.fi\/katso\/sara-sieppi-amazing-race-suomi-paljasti-uuden-puolen-katsojille\/2009877\" rel=\"nofollow noopener\" target=\"_blank\"><\/p>\n<p>\nAmazing Race Suomi\n<\/p>\n<p class=\"section-date\">\n        <strong class=\"article-section\" data-section=\"katso\"><br \/>\n            katso<br \/>\n        <\/strong><br \/>\n        3.12. 09:15\n    <\/p>\n<p>Sara Sieppi: Amazing Race Suomi paljasti uuden puolen katsojille\n    <\/p>\n<p itemprop=\"description\" class=\"subtitle \">\n    Amazing Race Suomen katsojat ovat kommentoineet ahkerasti tv-ruuduilla n\u00e4kem\u00e4\u00e4ns\u00e4 seikkailua.\n<\/p>\n<p>        <\/a><\/p>\n<p><script async src=\"\/\/www.instagram.com\/embed.js\"><\/script><\/p>\n","protected":false},"excerpt":{"rendered":"Amazing Racen jakson perusteella Joel Volanen suoriutui k\u00e4\u00e4rmeteht\u00e4v\u00e4st\u00e4 nopeasti. Totuus oli toinen. Sanoma Joel Volaselta jymypaljastus ohjelman kulisseista.&hellip;\n","protected":false},"author":2,"featured_media":112213,"comment_status":"","ping_status":"","sticky":false,"template":"","format":"standard","meta":{"footnotes":""},"categories":[133],"tags":[3177,137,33,31,30,16090,8470,20747,16087,8472,1758,2838,2158,16082,32,206,16079,156,109],"class_list":{"0":"post-112212","1":"post","2":"type-post","3":"status-publish","4":"format-standard","5":"has-post-thumbnail","7":"category-televisiot","8":"tag-amazing-race-suomi","9":"tag-entertainment","10":"tag-fi","11":"tag-finland","12":"tag-finnish","13":"tag-joel-volanen","14":"tag-jouni-hynynen","15":"tag-kaarme","16":"tag-kati-launiainen","17":"tag-mari-perankoski","18":"tag-nelonen","19":"tag-paula-noronen","20":"tag-ruutu","21":"tag-sini-peltomaki","22":"tag-suomi","23":"tag-televisiot","24":"tag-tuomas-peltomaki","25":"tag-tv","26":"tag-viihde"},"share_on_mastodon":{"url":"https:\/\/pubeurope.com\/@fi\/115692287213826613","error":""},"_links":{"self":[{"href":"https:\/\/www.europesays.com\/fi\/wp-json\/wp\/v2\/posts\/112212","targetHints":{"allow":["GET"]}}],"collection":[{"href":"https:\/\/www.europesays.com\/fi\/wp-json\/wp\/v2\/posts"}],"about":[{"href":"https:\/\/www.europesays.com\/fi\/wp-json\/wp\/v2\/types\/post"}],"author":[{"embeddable":true,"href":"https:\/\/www.europesays.com\/fi\/wp-json\/wp\/v2\/users\/2"}],"replies":[{"embeddable":true,"href":"https:\/\/www.europesays.com\/fi\/wp-json\/wp\/v2\/comments?post=112212"}],"version-history":[{"count":0,"href":"https:\/\/www.europesays.com\/fi\/wp-json\/wp\/v2\/posts\/112212\/revisions"}],"wp:featuredmedia":[{"embeddable":true,"href":"https:\/\/www.europesays.com\/fi\/wp-json\/wp\/v2\/media\/112213"}],"wp:attachment":[{"href":"https:\/\/www.europesays.com\/fi\/wp-json\/wp\/v2\/media?parent=112212"}],"wp:term":[{"taxonomy":"category","embeddable":true,"href":"https:\/\/www.europesays.com\/fi\/wp-json\/wp\/v2\/categories?post=112212"},{"taxonomy":"post_tag","embeddable":true,"href":"https:\/\/www.europesays.com\/fi\/wp-json\/wp\/v2\/tags?post=112212"}],"curies":[{"name":"wp","href":"https:\/\/api.w.org\/{rel}","templated":true}]}}