{"id":112230,"date":"2025-12-10T00:18:09","date_gmt":"2025-12-10T00:18:09","guid":{"rendered":"https:\/\/www.europesays.com\/fi\/112230\/"},"modified":"2025-12-10T00:18:09","modified_gmt":"2025-12-10T00:18:09","slug":"la-repubblica-pohjanpalon-maalitehokkuutta-ei-ole-nahty-serie-bssa-liki-sataan-vuoteen-urheilua-lyhyesti","status":"publish","type":"post","link":"https:\/\/www.europesays.com\/fi\/112230\/","title":{"rendered":"La Repubblica: Pohjanpalon maalitehokkuutta ei ole n\u00e4hty Serie B:ss\u00e4 liki sataan vuoteen | Urheilua lyhyesti"},"content":{"rendered":"<p class=\"aw-1gybjub aw-5vja16 kEtdKx kmuxyA yle__article__paragraph\">Joel Pohjanpalon poikkeuksellinen maalin\u00e4lk\u00e4 on huomioitu arvostetun La Repubblica-p\u00e4iv\u00e4lehden urheiluosiossa Italiassa.<\/p>\n<p><img decoding=\"async\" alt=\"Joel Pohjanpalo juhlii maaliaan Serie B:n ottelussa Empolin ja Palermon v\u00e4lill\u00e4 Stadio Carlo Castellanilla 7. joulukuuta 2025 Empolissa, Italiassa.\" src=\"https:\/\/www.europesays.com\/fi\/wp-content\/uploads\/2025\/12\/39-1567073693871cfd3a72.jpeg\" class=\"aw-1l9m598 hKVVvP\"\/><\/p>\n<p>Avaa kuvien katselu<\/p>\n<p>Joel Pohjanpalo juhlii maaliaan Serie B:n ottelussa Empolin ja Palermon v\u00e4lill\u00e4 Stadio Carlo Castellanilla 7. joulukuuta 2025 Empolissa, Italiassa. Kuva: Getty Images<\/p>\n<p class=\"aw-1gybjub aw-1p7kakr kEtdKx cEmitX yle__article__paragraph\">Toimittaja <strong class=\"aw-ak79eh KyCXm yle__article__strong\">Valerio Tripi<\/strong> kirjoittaa, ett\u00e4 suomalainen maalihirmu <strong class=\"aw-ak79eh KyCXm yle__article__strong\">Joel Pohjanpalo<\/strong> on enn\u00e4tyksellisen tehokas jalkapallon Italian Serie B:ss\u00e4.<\/p>\n<p class=\"aw-1gybjub aw-1p7kakr kEtdKx cEmitX yle__article__paragraph\">H\u00e4nell\u00e4 on 15 liigaottelun j\u00e4lkeen kasassa kaksinumeroinen m\u00e4\u00e4r\u00e4 \u2013 kymmenen \u2013 maaleja: kaksi kahden maalin iltaa, yksi hattutemppu ja ratkaisevia osumia muun muassa Reggianaa, Speziaa ja Entellaa vastaan.<\/p>\n<p class=\"aw-1gybjub aw-1p7kakr kEtdKx cEmitX yle__article__paragraph\">Tilastoista k\u00e4y selv\u00e4ksi, miksi La Repubblica-lehti kutsuu Pohjanpaloa maalintekokoneeksi.<\/p>\n<p class=\"aw-1gybjub aw-1p7kakr kEtdKx cEmitX yle__article__paragraph\">Kaikkiaan Pohjanpalo on tehnyt 19 maalia pelaamissaan 31 ottelussa Palermon paidassa, kun mukaan lasketaan liigan, sen pudotuspelien ja cupin kamppailut hurjalla 0,6 maalin ottelukohtaisella keskiarvolla.<\/p>\n<p class=\"aw-1gybjub aw-1p7kakr kEtdKx cEmitX yle__article__paragraph\">Se on tehokkuusluku, jota ei ole n\u00e4hty Serie B:ss\u00e4 liki sataan vuoteen \u2013 sitten vuoden 1929 j\u00e4lkeen, kirjoittaa toimittaja Tripi.<\/p>\n<p><img decoding=\"async\" alt=\"Joel Pohjanpalo Palermon ottelussa.\" src=\"https:\/\/www.europesays.com\/fi\/wp-content\/uploads\/2025\/12\/1765325889_251_39-15580216921dd8102234.jpeg\" class=\"aw-1l9m598 hKVVvP\"\/><\/p>\n<p class=\"aw-1gybjub aw-1p7kakr kEtdKx cEmitX yle__article__paragraph\">Serie B:n maalip\u00f6rssiss\u00e4 31-vuotiaalla Pohjanpalolla on nyt kolmen maalin karkumatka toisena olevaan <strong class=\"aw-ak79eh KyCXm yle__article__strong\">Massimo Codaan<\/strong>, joka on sarjan legendaarisimpia hy\u00f6kk\u00e4\u00e4ji\u00e4.<\/p>\n<p class=\"aw-1gybjub aw-1p7kakr kEtdKx cEmitX yle__article__paragraph\">37-vuotiaalla Codalla on koossa 142 maalia pelaamissaan 329 ottelussa. Pohjanpalon 60 osumaa kaikkiaan 99 Serie B:n ottelussa kertoo viel\u00e4kin tehokkaammasta maalintekotaidosta.<\/p>\n<p class=\"aw-1gybjub aw-1p7kakr kEtdKx cEmitX yle__article__paragraph\">Molemmat hy\u00f6kk\u00e4\u00e4j\u00e4t ovat fyysisesti vahvoja, hyvi\u00e4 p\u00e4\u00e4pelaaja ja sijoittuvat rangaistualueella \u00e4lykk\u00e4\u00e4sti tekopaikoissa.<\/p>\n<p>Maalintekij\u00e4, joka sytytt\u00e4\u00e4 Palermon unelmat<\/p>\n<p class=\"aw-1gybjub aw-1p7kakr kEtdKx cEmitX yle__article__paragraph\">Empolissa Pohjanpalo otti selfien paljas rinta paljastettuna seurafanien edess\u00e4, nyrkki ilmassa ja vapauttava karjunta kasvoillaan.<\/p>\n<p class=\"aw-1gybjub aw-1p7kakr kEtdKx cEmitX yle__article__paragraph\">\u2013 Kun ajattelee suomalaista jalkapalloilijaa, mieleen tulevat usein viileys ja hillitty k\u00e4yt\u00f6s. Joel Pohjanpalo kuitenkin rikkoo kaikki n\u00e4m\u00e4 stereotyypit, kirjoittaa Tripi.<\/p>\n<p class=\"aw-1gybjub aw-1p7kakr kEtdKx cEmitX yle__article__paragraph\">Palermon viime sunnuntain 3\u20131-vierasvoitossa Empolissa Pohjanpalo oli j\u00e4lleen kerran ottelun keski\u00f6ss\u00e4 kahdella osumallaan.<\/p>\n<p class=\"aw-1gybjub aw-1p7kakr kEtdKx cEmitX yle__article__paragraph\">Palermolle sunnuntain voitto oli enemm\u00e4n kuin kolme pistett\u00e4. Se nosti joukkueen Serie B:n nelj\u00e4nnelle sijalle ja kavensi eron sarjak\u00e4rkeen viiteen pisteeseen.<\/p>\n<p class=\"aw-1gybjub aw-1p7kakr kEtdKx cEmitX yle__article__paragraph\">Samalla se lis\u00e4si uskoa nousu-unelmaan \u2013 ja nosti Pohjanpalon, liigan parhaan maalintekij\u00e4n, voittokarjaisun entist\u00e4 koskettavammaksi.<\/p>\n<p class=\"aw-1gybjub aw-1p7kakr kEtdKx cEmitX yle__article__paragraph\">Jos Palermon nousuhaaveet k\u00e4yv\u00e4t toteen, yksi nimi nousee ylitse muiden: Joel Pohjanpalo, suomalainen maalintekij\u00e4kone, jonka tehokkuus ja temperamentti ovat sytytt\u00e4neet koko kaupungin.<\/p>\n<p><img decoding=\"async\" alt=\"Mies seisoo sinisen lasisein\u00e4n edess\u00e4 ja pit\u00e4\u00e4 k\u00e4si\u00e4 niskan takana.\" src=\"https:\/\/www.europesays.com\/fi\/wp-content\/uploads\/2025\/12\/39-15513906911e85092577.jpeg\" class=\"aw-1l9m598 hKVVvP\"\/><\/p>\n<p class=\"aw-1gybjub aw-1p7kakr kEtdKx cEmitX yle__article__paragraph\"><a class=\"aw-iao6s4 iHOxEa yle__article__link\" href=\"https:\/\/yle.fi\/aihe\/tekstitv?P=686\" role=\"link\" rel=\"nofollow noopener\" target=\"_blank\">Serie B:n tulokset ja sarjataulukko teksti-tv:ss\u00e4.<\/a><\/p>\n","protected":false},"excerpt":{"rendered":"Joel Pohjanpalon poikkeuksellinen maalin\u00e4lk\u00e4 on huomioitu arvostetun La Repubblica-p\u00e4iv\u00e4lehden urheiluosiossa Italiassa. Avaa kuvien katselu Joel Pohjanpalo juhlii maaliaan&hellip;\n","protected":false},"author":2,"featured_media":112231,"comment_status":"","ping_status":"","sticky":false,"template":"","format":"standard","meta":{"footnotes":""},"categories":[158],"tags":[33,31,30,43,1622,4011,1623,5286,5801,159,32,160],"class_list":{"0":"post-112230","1":"post","2":"type-post","3":"status-publish","4":"format-standard","5":"has-post-thumbnail","7":"category-urheilu","8":"tag-fi","9":"tag-finland","10":"tag-finnish","11":"tag-jalkapallo","12":"tag-jalkapalloilijat","13":"tag-joel-pohjanpalo","14":"tag-miesten-jalkapallo","15":"tag-palermo-fc","16":"tag-serie-b","17":"tag-sports","18":"tag-suomi","19":"tag-urheilu"},"share_on_mastodon":{"url":"https:\/\/pubeurope.com\/@fi\/115692405666478725","error":""},"_links":{"self":[{"href":"https:\/\/www.europesays.com\/fi\/wp-json\/wp\/v2\/posts\/112230","targetHints":{"allow":["GET"]}}],"collection":[{"href":"https:\/\/www.europesays.com\/fi\/wp-json\/wp\/v2\/posts"}],"about":[{"href":"https:\/\/www.europesays.com\/fi\/wp-json\/wp\/v2\/types\/post"}],"author":[{"embeddable":true,"href":"https:\/\/www.europesays.com\/fi\/wp-json\/wp\/v2\/users\/2"}],"replies":[{"embeddable":true,"href":"https:\/\/www.europesays.com\/fi\/wp-json\/wp\/v2\/comments?post=112230"}],"version-history":[{"count":0,"href":"https:\/\/www.europesays.com\/fi\/wp-json\/wp\/v2\/posts\/112230\/revisions"}],"wp:featuredmedia":[{"embeddable":true,"href":"https:\/\/www.europesays.com\/fi\/wp-json\/wp\/v2\/media\/112231"}],"wp:attachment":[{"href":"https:\/\/www.europesays.com\/fi\/wp-json\/wp\/v2\/media?parent=112230"}],"wp:term":[{"taxonomy":"category","embeddable":true,"href":"https:\/\/www.europesays.com\/fi\/wp-json\/wp\/v2\/categories?post=112230"},{"taxonomy":"post_tag","embeddable":true,"href":"https:\/\/www.europesays.com\/fi\/wp-json\/wp\/v2\/tags?post=112230"}],"curies":[{"name":"wp","href":"https:\/\/api.w.org\/{rel}","templated":true}]}}