{"id":112269,"date":"2025-12-10T01:17:10","date_gmt":"2025-12-10T01:17:10","guid":{"rendered":"https:\/\/www.europesays.com\/fi\/112269\/"},"modified":"2025-12-10T01:17:10","modified_gmt":"2025-12-10T01:17:10","slug":"paivystysnumerossa-laaja-hairio","status":"publish","type":"post","link":"https:\/\/www.europesays.com\/fi\/112269\/","title":{"rendered":"P\u00e4ivystysnumerossa laaja h\u00e4iri\u00f6"},"content":{"rendered":"<p>Vikatilanteen takia p\u00e4ivystysnumerossa esiintyy ongelmia.<\/p>\n<p><img decoding=\"async\" class=\"image image-show image-preview\" src=\"https:\/\/www.europesays.com\/fi\/wp-content\/uploads\/2025\/11\/72a87780815859b6c5a3cba3da3e1de66fcc705f43122d4dc33b14933d325ae7.jpg\" alt=\"\"\/><img decoding=\"async\" class=\"image image-show\" src=\"https:\/\/www.europesays.com\/fi\/wp-content\/uploads\/2025\/11\/1764211748_426_72a87780815859b6c5a3cba3da3e1de66fcc705f43122d4dc33b14933d325ae7.jpg\" alt=\"\"\/><\/p>\n<p>P\u00e4ivystysavun numerossa on t\u00e4ll\u00e4 hetkell\u00e4 ongelmia. colourbox<\/p>\n<p><a href=\"https:\/\/www.iltalehti.fi\/kirjoittajat\/Lilja Hannila\" rel=\"nofollow noopener\" target=\"_blank\"><img decoding=\"async\" class=\"author-image-img\" alt=\"Tekij\u00e4n kuva\" src=\"https:\/\/www.europesays.com\/fi\/wp-content\/uploads\/2025\/12\/54e5d0a3f23b21eab851bff328e8ba367afaa987996e94e2353f0fe12e94aa1b.png\"\/><\/a><a href=\"https:\/\/www.iltalehti.fi\/kirjoittajat\/Anne Salminen\" rel=\"nofollow noopener\" target=\"_blank\"><img decoding=\"async\" class=\"author-image-img\" alt=\"Tekij\u00e4n kuva\" src=\"https:\/\/www.europesays.com\/fi\/wp-content\/uploads\/2025\/09\/5785136f6f964120f24f5db3407e2b452c017c3c9ee470d35dd360b6c3468191.png\"\/><\/a><\/p>\n<p>Eilen klo 22:53 (p\u00e4ivitetty t\u00e4n\u00e4\u00e4n klo 1:00)<\/p>\n<p class=\"paragraph\">Telian valtakunnallisen vikatilanteen takia p\u00e4ivystysavun numerossa esiintyy t\u00e4ll\u00e4 hetkell\u00e4 h\u00e4iri\u00f6it\u00e4.<\/p>\n<p class=\"paragraph\">P\u00e4ivystysnumerossa 116 117 kerrotaan olevan ongelmia ainakin <a href=\"https:\/\/www.ekhva.fi\/2025\/12\/paivystysavun-116-117-numerossa-hairio-katso-toimintaohjeet-paivystyksellista-hoitoa-vaativiin-tilanteisiin\/\" target=\"_blank\" rel=\"noopener nofollow\">Etel\u00e4-Karjalan<\/a> ja <a href=\"https:\/\/satakunnanhyvinvointialue.fi\/2025\/12\/09\/paivystysapunumero-116117-ei-toimi-satakunnassa\/\" target=\"_blank\" rel=\"noopener nofollow\">Satakunnan<\/a> alueilla. Ongelmia oli aiemmin my\u00f6s <a href=\"https:\/\/lapha.fi\/w\/p%C3%A4ivystysapunumerossa-116-117-on-havaittu-h%C3%A4iri%C3%B6-9.12.-noin-klo-19-aikaan\" target=\"_blank\" rel=\"noopener nofollow\">Lapin<\/a> alueella, mutta sivuston mukaan  h\u00e4iri\u00f6 on nyt ohitse.<\/p>\n<p class=\"paragraph\">Osa hyvinvointialueista on ottanut k\u00e4ytt\u00f6\u00f6n varaj\u00e4rjestelm\u00e4n vian vuoksi. Varaj\u00e4rjestelm\u00e4\u00e4n ei voi j\u00e4tt\u00e4\u00e4 soittopyynt\u00f6\u00e4, mutta jonottaminen linjalla on mahdollista.<\/p>\n<p class=\"paragraph\">Asiasta uutisoi ensimm\u00e4isen\u00e4 <a href=\"https:\/\/yle.fi\/a\/74-20198843?origin=rss\" target=\"_blank\" rel=\"noopener nofollow\">Yle<\/a>.<\/p>\n<p class=\"paragraph\">Lapin hyvinvointialueen Laphan mukaan ongelma alkoi iltaseitsem\u00e4n aikaan.<\/p>\n<p class=\"paragraph\">Etel\u00e4-Karjalan hyvinvointialue tiedottaa, ett\u00e4 se odottaa t\u00e4ll\u00e4 hetkell\u00e4 lis\u00e4tietoja asiasta Telialta.<\/p>\n<p class=\"paragraph\">Telia <a href=\"https:\/\/www.telia.fi\/asiakastuki\/hairiotiedote?id=sabre_967534500&amp;lang=fi\" target=\"_blank\" rel=\"noopener nofollow\">tiedotti<\/a> sivustollaan h\u00e4iri\u00f6st\u00e4 Telia Play -palvelussa sek\u00e4 tietoliikenne- ja viestint\u00e4palveluissa. Osassa tv-palveluissa on my\u00f6s ollut vikaa.<\/p>\n<p class=\"paragraph\">Osa h\u00e4iri\u00f6ist\u00e4 on saatu korjattua. Telia ACE-viestint\u00e4palvelussa ongelmia voi kuitenkin edelleen esiinty\u00e4.<\/p>\n<p class=\"paragraph\">\u2013 Palveluiden palautumista hidastaa odottamaton tekninen este, jonka korjaamisessa on kest\u00e4nyt odotettua pidemp\u00e4\u00e4n, sivustolla sanotaan.<\/p>\n<p class=\"paragraph\">\u2013 Telia suosittaa varaohjausten pit\u00e4miss\u00e4 voimassa toistaiseksi kunnes palvelut saadaan palautettua.<\/p>\n<p class=\"paragraph\">Telian viestint\u00e4p\u00e4\u00e4llikk\u00f6 <strong>Timo Launonen<\/strong> kertoi Ylelle, ett\u00e4 vian taustalla on sovelluspohjainen vikatilanne.<\/p>\n<p class=\"paragraph\">H\u00e4iri\u00f6 n\u00e4kyi my\u00f6h\u00e4\u00e4n tiistaina my\u00f6s Telian omilla verkkosivuilla.<\/p>\n<p class=\"paragraph\">H\u00e4t\u00e4tilanteessa tulee aina soittaa numeroon 112.<\/p>\n","protected":false},"excerpt":{"rendered":"Vikatilanteen takia p\u00e4ivystysnumerossa esiintyy ongelmia. P\u00e4ivystysavun numerossa on t\u00e4ll\u00e4 hetkell\u00e4 ongelmia. colourbox Eilen klo 22:53 (p\u00e4ivitetty t\u00e4n\u00e4\u00e4n klo&hellip;\n","protected":false},"author":2,"featured_media":101075,"comment_status":"","ping_status":"","sticky":false,"template":"","format":"standard","meta":{"footnotes":""},"categories":[5],"tags":[35,22,23,26,27,33,31,30,17,2367,24,25,28,29,631,633,15,18,21,632,32,149,19,20,16],"class_list":{"0":"post-112269","1":"post","2":"type-post","3":"status-publish","4":"format-standard","5":"has-post-thumbnail","7":"category-otsikot","8":"tag-24h","9":"tag-breaking-news","10":"tag-breakingnews","11":"tag-featured-news","12":"tag-featurednews","13":"tag-fi","14":"tag-finland","15":"tag-finnish","16":"tag-headlines","17":"tag-langaton-teknologia","18":"tag-latest-news","19":"tag-latestnews","20":"tag-main-news","21":"tag-mainnews","22":"tag-matkapuhelimet-ja-mobiililaitteet","23":"tag-mobiiliteknologia","24":"tag-news","25":"tag-otsikot","26":"tag-paauutiset","27":"tag-puhelin","28":"tag-suomi","29":"tag-tietojenkasittely-ja-informaatioteknologia","30":"tag-top-stories","31":"tag-topstories","32":"tag-uutiset"},"share_on_mastodon":{"url":"https:\/\/pubeurope.com\/@fi\/115692637185058708","error":""},"_links":{"self":[{"href":"https:\/\/www.europesays.com\/fi\/wp-json\/wp\/v2\/posts\/112269","targetHints":{"allow":["GET"]}}],"collection":[{"href":"https:\/\/www.europesays.com\/fi\/wp-json\/wp\/v2\/posts"}],"about":[{"href":"https:\/\/www.europesays.com\/fi\/wp-json\/wp\/v2\/types\/post"}],"author":[{"embeddable":true,"href":"https:\/\/www.europesays.com\/fi\/wp-json\/wp\/v2\/users\/2"}],"replies":[{"embeddable":true,"href":"https:\/\/www.europesays.com\/fi\/wp-json\/wp\/v2\/comments?post=112269"}],"version-history":[{"count":0,"href":"https:\/\/www.europesays.com\/fi\/wp-json\/wp\/v2\/posts\/112269\/revisions"}],"wp:featuredmedia":[{"embeddable":true,"href":"https:\/\/www.europesays.com\/fi\/wp-json\/wp\/v2\/media\/101075"}],"wp:attachment":[{"href":"https:\/\/www.europesays.com\/fi\/wp-json\/wp\/v2\/media?parent=112269"}],"wp:term":[{"taxonomy":"category","embeddable":true,"href":"https:\/\/www.europesays.com\/fi\/wp-json\/wp\/v2\/categories?post=112269"},{"taxonomy":"post_tag","embeddable":true,"href":"https:\/\/www.europesays.com\/fi\/wp-json\/wp\/v2\/tags?post=112269"}],"curies":[{"name":"wp","href":"https:\/\/api.w.org\/{rel}","templated":true}]}}