{"id":112303,"date":"2025-12-10T02:35:08","date_gmt":"2025-12-10T02:35:08","guid":{"rendered":"https:\/\/www.europesays.com\/fi\/112303\/"},"modified":"2025-12-10T02:35:08","modified_gmt":"2025-12-10T02:35:08","slug":"poliisi-varoittaa-mahdollisesti-vaarallisesta-villisiasta","status":"publish","type":"post","link":"https:\/\/www.europesays.com\/fi\/112303\/","title":{"rendered":"Poliisi varoittaa mahdollisesti vaarallisesta villisiasta"},"content":{"rendered":"<p>El\u00e4imet|Henkil\u00f6auto t\u00f6rm\u00e4si villisikaan Vihdiss\u00e4.<\/p>\n<p class=\"article-body mb-nof-24 px-nof-16\">Poliisi varoittaa loukkaantuneesta villisiasta Vihdiss\u00e4.<\/p>\n<p class=\"article-body mb-nof-24 px-nof-16\">Poliisin mukaan henkil\u00f6auto t\u00f6rm\u00e4si Vihdin Tarvontiell\u00e4 villisikaan tiistaina iltaseitsem\u00e4n j\u00e4lkeen. T\u00f6rm\u00e4yksen j\u00e4lkeen villisika poistui maastoon ja on mahdollisesti loukkaantunut. Poliisi varoittaa, ettei el\u00e4int\u00e4 tule l\u00e4hesty\u00e4, sill\u00e4 se voi olla vaarallinen.<\/p>\n<p class=\"article-body mb-nof-24 px-nof-16\">Kaikki havainnot villisiasta pyydet\u00e4\u00e4n tekem\u00e4\u00e4n h\u00e4t\u00e4keskukseen 112.<\/p>\n<p class=\"article-body mb-nof-24 px-nof-16\">Henkil\u00f6auton kerrotaan selvinneen t\u00f6rm\u00e4yksest\u00e4 pienin vaurioin, kuljettaja ei loukkaantunut.<\/p>\n","protected":false},"excerpt":{"rendered":"El\u00e4imet|Henkil\u00f6auto t\u00f6rm\u00e4si villisikaan Vihdiss\u00e4. Poliisi varoittaa loukkaantuneesta villisiasta Vihdiss\u00e4. Poliisin mukaan henkil\u00f6auto t\u00f6rm\u00e4si Vihdin Tarvontiell\u00e4 villisikaan tiistaina iltaseitsem\u00e4n&hellip;\n","protected":false},"author":2,"featured_media":96697,"comment_status":"","ping_status":"","sticky":false,"template":"","format":"standard","meta":{"footnotes":""},"categories":[5],"tags":[22,23,26,27,33,31,30,17,46,24,25,28,29,15,18,21,32,19,20,16],"class_list":{"0":"post-112303","1":"post","2":"type-post","3":"status-publish","4":"format-standard","5":"has-post-thumbnail","7":"category-otsikot","8":"tag-breaking-news","9":"tag-breakingnews","10":"tag-featured-news","11":"tag-featurednews","12":"tag-fi","13":"tag-finland","14":"tag-finnish","15":"tag-headlines","16":"tag-helsingin-sanomat","17":"tag-latest-news","18":"tag-latestnews","19":"tag-main-news","20":"tag-mainnews","21":"tag-news","22":"tag-otsikot","23":"tag-paauutiset","24":"tag-suomi","25":"tag-top-stories","26":"tag-topstories","27":"tag-uutiset"},"share_on_mastodon":{"url":"https:\/\/pubeurope.com\/@fi\/115692943669425515","error":""},"_links":{"self":[{"href":"https:\/\/www.europesays.com\/fi\/wp-json\/wp\/v2\/posts\/112303","targetHints":{"allow":["GET"]}}],"collection":[{"href":"https:\/\/www.europesays.com\/fi\/wp-json\/wp\/v2\/posts"}],"about":[{"href":"https:\/\/www.europesays.com\/fi\/wp-json\/wp\/v2\/types\/post"}],"author":[{"embeddable":true,"href":"https:\/\/www.europesays.com\/fi\/wp-json\/wp\/v2\/users\/2"}],"replies":[{"embeddable":true,"href":"https:\/\/www.europesays.com\/fi\/wp-json\/wp\/v2\/comments?post=112303"}],"version-history":[{"count":0,"href":"https:\/\/www.europesays.com\/fi\/wp-json\/wp\/v2\/posts\/112303\/revisions"}],"wp:featuredmedia":[{"embeddable":true,"href":"https:\/\/www.europesays.com\/fi\/wp-json\/wp\/v2\/media\/96697"}],"wp:attachment":[{"href":"https:\/\/www.europesays.com\/fi\/wp-json\/wp\/v2\/media?parent=112303"}],"wp:term":[{"taxonomy":"category","embeddable":true,"href":"https:\/\/www.europesays.com\/fi\/wp-json\/wp\/v2\/categories?post=112303"},{"taxonomy":"post_tag","embeddable":true,"href":"https:\/\/www.europesays.com\/fi\/wp-json\/wp\/v2\/tags?post=112303"}],"curies":[{"name":"wp","href":"https:\/\/api.w.org\/{rel}","templated":true}]}}