{"id":112311,"date":"2025-12-10T02:57:12","date_gmt":"2025-12-10T02:57:12","guid":{"rendered":"https:\/\/www.europesays.com\/fi\/112311\/"},"modified":"2025-12-10T02:57:12","modified_gmt":"2025-12-10T02:57:12","slug":"ensimmaiset-kuvat-motorola-moto-g-stylus-2026-puhelimesta-ja-moto-tag-2-seurantalaitteesta-paljastuivat-yllatystieto-myos-edge-70-ultrasta","status":"publish","type":"post","link":"https:\/\/www.europesays.com\/fi\/112311\/","title":{"rendered":"Ensimm\u00e4iset kuvat Motorola Moto G Stylus 2026 -puhelimesta ja Moto Tag 2 -seurantalaitteesta paljastuivat \u2013 yll\u00e4tystieto my\u00f6s Edge 70 Ultrasta"},"content":{"rendered":"<p><img loading=\"lazy\" decoding=\"async\" aria-describedby=\"caption-attachment-149279\" class=\"size-large wp-image-149279\" src=\"https:\/\/www.europesays.com\/fi\/wp-content\/uploads\/2025\/12\/Motorola-Moto-G-Stylus-2026-AH-exclusive-1024x661.jpg\" alt=\"\" width=\"1024\" height=\"661\"\/><\/p>\n<p id=\"caption-attachment-149279\" class=\"wp-caption-text\">Motorola Moto G Stylus 2026<\/p>\n<p>Motorolalta on vuotanut verkkoon ensi vuotta koskeva laaja laitepaketti, sill\u00e4 ensimm\u00e4iset kuvat Moto G Stylus 2026 -puhelimesta ja uuden sukupolven Moto Tag 2 -seurantalaitteesta ovat nyt paljastuneet. Samalla paljastui my\u00f6s odottamaton tieto yhti\u00f6n tulevasta Motorola Edge 70 Ultra -puhelimesta.<\/p>\n<p>Moto G Stylus 2026 -malli on aiemmin n\u00e4hty verkossa, mutta alkuper\u00e4inen vuoto osoittautui virheelliseksi ja koski lopulta t\u00e4ysin eri mallia. Nyt julkaistut kuvat paljastavat ensimm\u00e4isen todellisen katsauksen ensi vuoden stylus-puhelimeen, joka kantaa koodinime\u00e4 \u201dDallas\u201d. Laitteesta n\u00e4hd\u00e4\u00e4n kaksi v\u00e4rivaihtoehtoa, eli vaalea laventeli ja tummanharmaa versio. Kyn\u00e4 sijoittuu tuttuun tapaan puhelimen alaosaan integroitavaan koloon.<\/p>\n<p>\n\t\t\tArtikkeli jatkuu mainoksen j\u00e4lkeen\n\t\t<\/p>\n<p>Motorola jatkaa selv\u00e4sti omaa muotokielt\u00e4\u00e4n, sill\u00e4 takakannen viimeistely on toteutettu ekonahkaa, josta on tullut yhti\u00f6n tunnusmerkki. Se tarjoaa enemm\u00e4n pitoa kuin lasi ja tekee laitteesta visuaalisesti yhten\u00e4isen, sill\u00e4 my\u00f6s kamerakoroke on p\u00e4\u00e4llystetty samalla materiaalilla. Takaa l\u00f6ytyy kolme kameraa sek\u00e4 LED-salama, ja kehys muuttaa v\u00e4ri\u00e4 puhelimen version mukaan.<\/p>\n<p>Teknisist\u00e4 ominaisuuksista ei ole viel\u00e4 kattavaa varmuutta, mutta odotuksena on 6,7 tuuman OLED-n\u00e4ytt\u00f6 120 hertsin virkistystaajuudella sek\u00e4 Qualcommin tai MediaTekin keskihintaluokan j\u00e4rjestelm\u00e4piiri. Viime vuoden mallissa k\u00e4ytettiin Snapdragon 6 Gen 3 -piiri\u00e4, joten vastaavan tason seuraaja vaikuttaa todenn\u00e4k\u00f6iselt\u00e4.<\/p>\n<p>\n\t\t\tArtikkeli jatkuu mainoksen j\u00e4lkeen\n\t\t<\/p>\n<p>Muistivaihtoehdoiksi povataan 8 tai 12 gigatavua RAM-muistia ja 128 tai 256 gigatavun tallennustilaa, jonka odotetaan olevan edelleen laajennettavissa microSD-kortilla. Akkukoon arvioidaan pysyv\u00e4n 5000 milliampeeritunnin tasolla, ja laite tukee 68 watin pikalatausta sek\u00e4 15 watin langatonta latausta. K\u00e4ytt\u00f6j\u00e4rjestelm\u00e4ksi on luonnollisesti tulossa Android 16.<\/p>\n<p><img loading=\"lazy\" decoding=\"async\" aria-describedby=\"caption-attachment-149278\" class=\"size-large wp-image-149278\" src=\"https:\/\/www.europesays.com\/fi\/wp-content\/uploads\/2025\/12\/Motorola-Moto-Tag-2-AH-exclusive-804x1024.jpg\" alt=\"\" width=\"804\" height=\"1024\"\/><\/p>\n<p id=\"caption-attachment-149278\" class=\"wp-caption-text\">Motorola Moto Tag<\/p>\n<p>Vuodon toinen osa koskee t\u00e4ysin uutta Moto Tag 2 -seurantalaitetta, josta ei ole aiemmin n\u00e4hty edes mainintoja verkossa. Nyt julkaistut kuvat n\u00e4ytt\u00e4v\u00e4t py\u00f6re\u00e4n, minimalistisen laitteen beigen\u00e4 ja oranssina versiona. Motorolan toisen sukupolven Bluetooth-paikannin tukee odotetusti Googlen Find My Device -verkkoa ja my\u00f6s UWB-teknologiaa paikannustarkkuuden parantamiseksi.<\/p>\n<p>Laitteelle odotetaan IP67-luokitusta sek\u00e4 parempaa k\u00e4ytt\u00f6tuntumaa ja pidemp\u00e4\u00e4 akkukestoa, joka ensimm\u00e4isess\u00e4 mallissa oli noin vuoden luokkaa. Julkaisuaikataulua ei viel\u00e4 tiedet\u00e4, mutta laite saattaa saapua markkinoille Moto G Stylus 2026 -mallin rinnalla.<\/p>\n<p>\n\t\t\tArtikkeli jatkuu mainoksen j\u00e4lkeen\n\t\t<\/p>\n<p>Kolmas ja ehk\u00e4 yll\u00e4tt\u00e4vin paljastus koskee Motorola Edge 70 Ultra -huippupuhelinta. Yhti\u00f6n seuraavan sukupolven lippulaiva tukee vuodon mukaan stylus-kyn\u00e4\u00e4, mik\u00e4 tekee siit\u00e4 yhden harvoista premium-malleista, joissa ominaisuus on saatavilla.<\/p>\n<p>Nykyinen Edge 70 ei tue stylusta lainkaan, joten ominaisuuden tuominen Ultra-malliin on monille t\u00e4ysi yll\u00e4tys. Toistaiseksi ei tiedet\u00e4, integroidaanko kyn\u00e4 laitteen runkoon vai myyd\u00e4\u00e4nk\u00f6 se erillisen\u00e4 lis\u00e4laitteena. Motorola G Stylus -sarjan kyn\u00e4t ovat olleet melko yksinkertaisia ilman painetunnistusta, joten j\u00e4\u00e4 n\u00e4ht\u00e4v\u00e4ksi, mill\u00e4 tasolla Edge 70 Ultran stylus-toteutus lopulta on.<\/p>\n<p><strong>L\u00e4hde<\/strong>: <a href=\"https:\/\/www.androidheadlines.com\/motorola-moto-g-stylus-2026\" target=\"_blank\" rel=\"noopener nofollow\">Android Headlines\u00a0<\/a><\/p>\n","protected":false},"excerpt":{"rendered":"Motorola Moto G Stylus 2026 Motorolalta on vuotanut verkkoon ensi vuotta koskeva laaja laitepaketti, sill\u00e4 ensimm\u00e4iset kuvat Moto&hellip;\n","protected":false},"author":2,"featured_media":112312,"comment_status":"","ping_status":"","sticky":false,"template":"","format":"standard","meta":{"footnotes":""},"categories":[84],"tags":[33,31,30,2431,20151,20765,20766,32,91,92],"class_list":{"0":"post-112311","1":"post","2":"type-post","3":"status-publish","4":"format-standard","5":"has-post-thumbnail","7":"category-teknologia","8":"tag-fi","9":"tag-finland","10":"tag-finnish","11":"tag-motorola","12":"tag-motorola-edge-70-ultra","13":"tag-motorola-moto-g-stylus-2026","14":"tag-motorola-moto-tag-2","15":"tag-suomi","16":"tag-technology","17":"tag-teknologia"},"share_on_mastodon":{"url":"https:\/\/pubeurope.com\/@fi\/115693030353637155","error":""},"_links":{"self":[{"href":"https:\/\/www.europesays.com\/fi\/wp-json\/wp\/v2\/posts\/112311","targetHints":{"allow":["GET"]}}],"collection":[{"href":"https:\/\/www.europesays.com\/fi\/wp-json\/wp\/v2\/posts"}],"about":[{"href":"https:\/\/www.europesays.com\/fi\/wp-json\/wp\/v2\/types\/post"}],"author":[{"embeddable":true,"href":"https:\/\/www.europesays.com\/fi\/wp-json\/wp\/v2\/users\/2"}],"replies":[{"embeddable":true,"href":"https:\/\/www.europesays.com\/fi\/wp-json\/wp\/v2\/comments?post=112311"}],"version-history":[{"count":0,"href":"https:\/\/www.europesays.com\/fi\/wp-json\/wp\/v2\/posts\/112311\/revisions"}],"wp:featuredmedia":[{"embeddable":true,"href":"https:\/\/www.europesays.com\/fi\/wp-json\/wp\/v2\/media\/112312"}],"wp:attachment":[{"href":"https:\/\/www.europesays.com\/fi\/wp-json\/wp\/v2\/media?parent=112311"}],"wp:term":[{"taxonomy":"category","embeddable":true,"href":"https:\/\/www.europesays.com\/fi\/wp-json\/wp\/v2\/categories?post=112311"},{"taxonomy":"post_tag","embeddable":true,"href":"https:\/\/www.europesays.com\/fi\/wp-json\/wp\/v2\/tags?post=112311"}],"curies":[{"name":"wp","href":"https:\/\/api.w.org\/{rel}","templated":true}]}}