{"id":112317,"date":"2025-12-10T03:00:10","date_gmt":"2025-12-10T03:00:10","guid":{"rendered":"https:\/\/www.europesays.com\/fi\/112317\/"},"modified":"2025-12-10T03:00:10","modified_gmt":"2025-12-10T03:00:10","slug":"vaihto-opiskelijalle-9-vuotta-vankeutta-neljasta-raiskauksesta","status":"publish","type":"post","link":"https:\/\/www.europesays.com\/fi\/112317\/","title":{"rendered":"Vaihto-opiskelijalle 9 vuotta vankeutta nelj\u00e4st\u00e4 raiskauksesta"},"content":{"rendered":"<p><strong class=\"typography-bold\">Vaihto-oppilaan teot osoittivat oikeuden mukaan suunnitelmallisuutta ja erityist\u00e4 piittaamattomuutta.<\/strong><\/p>\n<p>23- vuotias mies tuomittiin 9 vuodeksi vankeuteen kolmesta raiskauksesta ja yhdest\u00e4 t\u00f6rke\u00e4st\u00e4 lapsenraiskauksesta Pohjois-Savon k\u00e4r\u00e4j\u00e4oikeudessa maanantaina.\u00a0<\/p>\n<p>Oikeuden tuomion mukaan vuonna 2002 syntynyt <strong class=\"typography-bold\">Abdul Aziz <\/strong>raiskasi yhteens\u00e4 nelj\u00e4 uhria, joista kaksi oli alaik\u00e4isi\u00e4. Nuorin uhri oli rikoksen tapahtumahetkell\u00e4 14-vuotias.<\/p>\n<p>Yksi raiskauksista oli tapahtunut oikeuden mukaan heti sen j\u00e4lkeen, kun Aziz oli saapunut Suomeen vaihto-opiskelijana vuoden 2024 loppupuolella. \u00a0Muut teot tapahtuivat alkuvuodesta 2025 Kuopiossa ja Jyv\u00e4skyl\u00e4ss\u00e4.\u00a0<\/p>\n<p>Oikeus piti merkitt\u00e4v\u00e4n\u00e4 sit\u00e4, ett\u00e4 rikokset olivat kesken\u00e4\u00e4n samantyyppisi\u00e4 rikoksia, ja ett\u00e4 ne olivat tapahtuneet melko lyhyell\u00e4 aikav\u00e4lill\u00e4.<\/p>\n<p>T\u00e4ten ei ollut kyse satunnaisesta rikosajatuksesta vaan oikeuden mukaan kokonaisuus osoitti suunnitelmallisuutta ja erityist\u00e4 piittaamattomuutta uhrien seksuaalisesta itsem\u00e4\u00e4r\u00e4\u00e4misoikeudesta.<\/p>\n<p><strong class=\"typography-bold\">Kiisti rikokset<\/strong><\/p>\n<p>Aziz kiisti oikeudessa syyllistyneens\u00e4 rikoksiin. H\u00e4nen mukaansa seksi\u00e4 oli harrastettu yhteisymm\u00e4rryksess\u00e4 uhrien kanssa, eik\u00e4 h\u00e4n ollut pakottanut ket\u00e4\u00e4n.<\/p>\n<p>23-vuotias tekij\u00e4 kertoi, ett\u00e4 nuorin uhreista, 14-vuotias, oli itse v\u00e4itt\u00e4nyt olevansa tapahtumahetkell\u00e4 16-vuotias.<\/p>\n<p>Uhrien mukaan kyseess\u00e4 ei ollut suostumuksellinen seksi. Tekotapa kaikissa rikoksissa oli samankaltainen.\u00a0<\/p>\n<p>Kolme raiskauksista oli tapahtunut j\u00e4\u00e4kiekkohallin miestenvessassa, mukaan lukien 14-vuotiaan raiskaus.<\/p>\n<p><strong class=\"typography-bold\">Tutustui muun muassa somessa uhreihin<\/strong><\/p>\n<p>Osaan uhreista Aziz oli tutustunut Snapchat-sovelluksessa ennen heid\u00e4n tapaamistaan kasvokkain.\u00a0<\/p>\n<p>Ensimm\u00e4isen raiskauksen uhrin kanssa he olivat viestitelleet jo ennen miehen saapumista Suomeen. Oikeus kuitenkin huomautti, ett\u00e4 vaikka uhri ja tekij\u00e4 olisivat aiemmin viestitelleet ja puhuneet seksin harrastamisesta, se ei merkitse sit\u00e4, ett\u00e4 uhrin olisi pit\u00e4nyt suostua seksiin tapahtumahetkell\u00e4.\u00a0<\/p>\n<p>Osassa tapauksissa Aziz oli my\u00f6s k\u00e4ytt\u00e4nyt v\u00e4kivaltaa ja juottanut uhrille alkoholia.\u00a0<\/p>\n<p>Uhrit kertoivat oikeudessa my\u00f6s kivusta ja s\u00e4ryst\u00e4.\u00a0<\/p>\n","protected":false},"excerpt":{"rendered":"Vaihto-oppilaan teot osoittivat oikeuden mukaan suunnitelmallisuutta ja erityist\u00e4 piittaamattomuutta. 23- vuotias mies tuomittiin 9 vuodeksi vankeuteen kolmesta raiskauksesta&hellip;\n","protected":false},"author":2,"featured_media":112318,"comment_status":"","ping_status":"","sticky":false,"template":"","format":"standard","meta":{"footnotes":""},"categories":[12],"tags":[22,23,26,27,33,31,30,17,24,25,28,29,15,18,21,32,19,20,16],"class_list":{"0":"post-112317","1":"post","2":"type-post","3":"status-publish","4":"format-standard","5":"has-post-thumbnail","7":"category-suomi","8":"tag-breaking-news","9":"tag-breakingnews","10":"tag-featured-news","11":"tag-featurednews","12":"tag-fi","13":"tag-finland","14":"tag-finnish","15":"tag-headlines","16":"tag-latest-news","17":"tag-latestnews","18":"tag-main-news","19":"tag-mainnews","20":"tag-news","21":"tag-otsikot","22":"tag-paauutiset","23":"tag-suomi","24":"tag-top-stories","25":"tag-topstories","26":"tag-uutiset"},"share_on_mastodon":{"url":"https:\/\/pubeurope.com\/@fi\/115693042068286835","error":""},"_links":{"self":[{"href":"https:\/\/www.europesays.com\/fi\/wp-json\/wp\/v2\/posts\/112317","targetHints":{"allow":["GET"]}}],"collection":[{"href":"https:\/\/www.europesays.com\/fi\/wp-json\/wp\/v2\/posts"}],"about":[{"href":"https:\/\/www.europesays.com\/fi\/wp-json\/wp\/v2\/types\/post"}],"author":[{"embeddable":true,"href":"https:\/\/www.europesays.com\/fi\/wp-json\/wp\/v2\/users\/2"}],"replies":[{"embeddable":true,"href":"https:\/\/www.europesays.com\/fi\/wp-json\/wp\/v2\/comments?post=112317"}],"version-history":[{"count":0,"href":"https:\/\/www.europesays.com\/fi\/wp-json\/wp\/v2\/posts\/112317\/revisions"}],"wp:featuredmedia":[{"embeddable":true,"href":"https:\/\/www.europesays.com\/fi\/wp-json\/wp\/v2\/media\/112318"}],"wp:attachment":[{"href":"https:\/\/www.europesays.com\/fi\/wp-json\/wp\/v2\/media?parent=112317"}],"wp:term":[{"taxonomy":"category","embeddable":true,"href":"https:\/\/www.europesays.com\/fi\/wp-json\/wp\/v2\/categories?post=112317"},{"taxonomy":"post_tag","embeddable":true,"href":"https:\/\/www.europesays.com\/fi\/wp-json\/wp\/v2\/tags?post=112317"}],"curies":[{"name":"wp","href":"https:\/\/api.w.org\/{rel}","templated":true}]}}