{"id":112319,"date":"2025-12-10T03:01:11","date_gmt":"2025-12-10T03:01:11","guid":{"rendered":"https:\/\/www.europesays.com\/fi\/112319\/"},"modified":"2025-12-10T03:01:11","modified_gmt":"2025-12-10T03:01:11","slug":"valiokunta-haluaa-helpottaa-saukon-metsastysta-tasta-hammentavassa-saagassa-on-kyse","status":"publish","type":"post","link":"https:\/\/www.europesays.com\/fi\/112319\/","title":{"rendered":"Valiokunta haluaa helpottaa saukon mets\u00e4styst\u00e4 \u2013 t\u00e4st\u00e4 h\u00e4mment\u00e4v\u00e4ss\u00e4 saagassa on kyse"},"content":{"rendered":"<p>\u201dEih\u00e4n saukkoja voida mets\u00e4st\u00e4\u00e4\u201d, valiokunnan puheenjohtaja Ritva Elomaa (ps) parahtaa.<\/p>\n<p>9.12. 21:42<\/p>\n<p>Lue tiivistelm\u00e4<\/p>\n<p>Tiivistelm\u00e4 on teko\u00e4lyn tekem\u00e4 ja ihmisen tarkistama.<\/p>\n<p class=\"article-body mb-nof-24 px-nof-16 sndp-summary-bullet-point-font\">Eduskunnan maa- ja mets\u00e4talousvaliokunta on hyv\u00e4ksynyt mietinn\u00f6n, joka teknisesti helpottaa my\u00f6s saukon mets\u00e4styst\u00e4, vaikka valiokunta ei ole k\u00e4sitellyt saukkoa yhdess\u00e4k\u00e4\u00e4n kokouksessaan.<\/p>\n<p class=\"article-body mb-nof-24 px-nof-16 sndp-summary-bullet-point-font\">Valiokunnan puheenjohtaja Ritva Elomaa perussuomalaisista sanoo, ett\u00e4 saukko on ollut mets\u00e4styslaissa aiemmin ja on \u201djotenkin j\u00e4\u00e4nyt sinne\u201d.<\/p>\n<p class=\"article-body mb-nof-24 px-nof-16 sndp-summary-bullet-point-font\">Mietint\u00f6 koskee alun perin suden, karhun ja ilveksen kannanhoidollista kiinti\u00f6mets\u00e4styst\u00e4, ja lain on m\u00e4\u00e4r\u00e4 tulla voimaan vuoden alussa.<\/p>\n<p class=\"article-body mb-nof-24 px-nof-16\">Maa- ja mets\u00e4talousvaliokunnan esitys teknisest\u00e4 saukon mets\u00e4styksen helpottamisesta on her\u00e4tt\u00e4nyt kummastusta eduskunnassa.<\/p>\n<p class=\"article-body mb-nof-24 px-nof-16\">Valiokunta hyv\u00e4ksyi tiistaina mietinn\u00f6n mets\u00e4styslain muutoksesta, joka mahdollistaa suden, karhun ja ilveksen kannanhoidollisen kiinti\u00f6mets\u00e4styksen.<\/p>\n<p class=\"article-body mb-nof-24 px-nof-16\">Alun perin hallitus esitti suden mets\u00e4styksen aloittamista.<\/p>\n<p class=\"article-body mb-nof-24 px-nof-16\">Edes valiokunta itse ei vaikuttanut t\u00e4ysin olevan perill\u00e4 siit\u00e4, ett\u00e4 sen esityksest\u00e4 saukon mets\u00e4st\u00e4minen k\u00e4yt\u00e4nn\u00f6ss\u00e4 helpottuu. Tiedotustilaisuudessa tiistaina valiokunnan j\u00e4sen <a class=\"article-personlink\" href=\"https:\/\/www.is.fi\/haku\/?query=Markku%20Eestil%C3%A4\" rel=\"nofollow noopener\" target=\"_blank\">Markku Eestil\u00e4<\/a> (kok).<\/p>\n<p class=\"article-body mb-nof-24 px-nof-16\">H\u00e4n totesi, ett\u00e4 mietinn\u00f6n mukaan kiinti\u00f6mets\u00e4stys vaatii mets\u00e4styksen johtajan.<\/p>\n<p class=\"article-body mb-nof-24 px-nof-16\">\u2013 T\u00e4ss\u00e4 kohdassa mietinn\u00f6ss\u00e4 lukee susi, karhu ja ilves. Muita el\u00e4imi\u00e4 siin\u00e4 ei ole.<\/p>\n<p class=\"article-body mb-nof-24 px-nof-16\">Mietinn\u00f6n poikkeuslupia koskevassa kohdassa kuitenkin mainitaan my\u00f6s saukko.<\/p>\n<blockquote class=\"[font-style:var(--blockquote-font-style,italic)] m-[var(--blockquote-margin)] pl-[calc(var(--nof-core-dimension-200)+var(--blockquote-border-width))] relative before:absolute before:left-0 before:h-full before:w-[var(--blockquote-border-width)] before:border-l-[length:var(--blockquote-border-width)] before:border-l-[color:var(--blockquote-border-color)] before:-skew-y-[var(--blockquote-border-skew,0deg)]\">\n<p class=\"article-body mb-nof-8\">Ehdotuksen sis\u00e4lt\u00f6n\u00e4 on yhdess\u00e4 41 a \u00a7:n 4 momenttiin ehdotettavan muutoksen kanssa sallia karhun, ilveksen ja saukon rauhoituksesta poikkeaminen alueellisen kiinti\u00f6mets\u00e4styksen keinoin my\u00f6s poronhoitoalueen ulkopuolella.<\/p>\n<\/blockquote>\n<p><img decoding=\"async\" src=\"https:\/\/www.europesays.com\/fi\/wp-content\/uploads\/2025\/12\/1765335670_471_468.jpg\" alt=\"Saukko on ollut Suomessa sukupuuton partaalla pariin otteeseen. Saukkokanta on elpynyt sen j\u00e4lkeen, kun laji rauhoitettiin viimeksi vuonna 1974.\" class=\"_Img_1rerz_1\" style=\"aspect-ratio:1.3773314203730274\" loading=\"eager\"\/><\/p>\n<p class=\"article-picture-caption\">Saukko on ollut Suomessa sukupuuton partaalla pariin otteeseen. Saukkokanta on elpynyt sen j\u00e4lkeen, kun laji rauhoitettiin viimeksi vuonna 1974. Kuva:\u00a0juhametso<\/p>\n<p class=\"article-body mb-nof-24 px-nof-16\">Viel\u00e4 maanantaina saukon mainitsemista pidettiin virheen\u00e4, joka piti valiokunnan kokouksessa tiistaina poistaa. Mietinn\u00f6n osa vuodettiin maanantaina IS:lle.<\/p>\n<p class=\"article-body mb-nof-24 px-nof-16\">\u2013 Vuodetussa mietint\u00f6luonnoksessa on virheellisesti maininta saukon kiinti\u00f6mets\u00e4styksest\u00e4. Virheellinen maininta saukosta poistetaan heti tiistain 9.12. kokouksessa, <a class=\"article-personlink\" href=\"https:\/\/www.is.fi\/haku\/?query=Teemu%20Kinnari\" rel=\"nofollow noopener\" target=\"_blank\">Teemu Kinnari <\/a>(kok) totesi maanantaina.<\/p>\n<p class=\"article-body mb-nof-24 px-nof-16\">Saukko kuitenkin j\u00e4i.<\/p>\n<p class=\"article-body mb-nof-24 px-nof-16\"><a class=\"article-personlink\" href=\"https:\/\/www.is.fi\/haku\/?query=Jenna%20Simula\" rel=\"nofollow noopener\" target=\"_blank\">Jenna Simula <\/a>(ps) totesi, ett\u00e4 saukko on ollut mets\u00e4styslain pyk\u00e4l\u00e4ss\u00e4 aiemmin. Saukkoa on saanut poronhoitoalueella mets\u00e4st\u00e4\u00e4 poikkeusluvalla.<\/p>\n<p class=\"article-body mb-nof-24 px-nof-16\">\u2013 Nyt kun poronhoitoalue yliviivataan sielt\u00e4, se tavallaan ulottuu saukkoon sitten.<\/p>\n<p><img decoding=\"async\" src=\"https:\/\/www.europesays.com\/fi\/wp-content\/uploads\/2025\/12\/1765335671_844_468.jpg\" alt=\"Perussuomalaisten kansanedustaja Ritva \u201dKike\u201d Elomaa on maa- ja mets\u00e4talous\u00advaliokunnan puheenjohtaja.\" class=\"_Img_1rerz_1\" style=\"aspect-ratio:1\" loading=\"eager\"\/><\/p>\n<p class=\"article-picture-caption\">Perussuomalaisten kansanedustaja Ritva \u201dKike\u201d Elomaa on maa- ja mets\u00e4talous\u00advaliokunnan puheenjohtaja. Kuva:\u00a0Antti H\u00e4m\u00e4l\u00e4inen<\/p>\n<p class=\"article-body mb-nof-24 px-nof-16\">Maa- ja mets\u00e4talous\u00advaliokunnan puheenjohtaja <a class=\"article-personlink\" href=\"https:\/\/www.is.fi\/haku\/?query=Ritva%20%E2%80%9DKike%E2%80%9D%20Elomaa\" rel=\"nofollow noopener\" target=\"_blank\">Ritva \u201dKike\u201d Elomaa<\/a> (ps) selitt\u00e4\u00e4 IS:lle, ett\u00e4 saukko on ollut mets\u00e4styslaissa \u201di\u00e4t ajat\u201d.<\/p>\n<p class=\"article-body mb-nof-24 px-nof-16\">\u2013 Me emme ole koko saukkoa k\u00e4sitelleet yhdess\u00e4k\u00e4\u00e4n kokouksessamme. Mietinn\u00f6ss\u00e4 se ei tule esille. Se on jostain syyst\u00e4 ollut siell\u00e4 vaikka kuinka kauan.<\/p>\n<p class=\"article-body mb-nof-24 px-nof-16\">\u2013 Se on vain j\u00e4\u00e4nyt sinne aikaisemmin.<\/p>\n<p class=\"article-body mb-nof-24 px-nof-16\">Elomaa painottaa, ettei valiokunta vaadi saukon mets\u00e4styst\u00e4. Saukon mets\u00e4styksen aloittaminen vaatisi erillisen maa- ja mets\u00e4talous\u00administeri\u00f6n asetuksen.<\/p>\n<p class=\"article-body mb-nof-24 px-nof-16\">Eli saukko on ik\u00e4\u00e4n kuin ty\u00f6tapaturmana siell\u00e4?<\/p>\n<p class=\"article-body mb-nof-24 px-nof-16\">\u2013 Jotenkin se on sinne j\u00e4\u00e4nyt. En tied\u00e4 koska.<\/p>\n<p class=\"article-body mb-nof-24 px-nof-16\">Elomaan mukaan olisi ollut teknisesti vaikeaa poistaa saukko valiokunnan mietinn\u00f6st\u00e4, kun karhun ja ilveksen mets\u00e4stys haluttiin mahdollistaa. H\u00e4nen mukaansa j\u00e4\u00e4 my\u00f6hemmin pohdittavaksi, pit\u00e4isik\u00f6 saukko poistaa laista.<\/p>\n<p class=\"article-body mb-nof-24 px-nof-16\">\u2013 Eih\u00e4n saukkoa voida ruveta mets\u00e4stelem\u00e4\u00e4n.<\/p>\n<p class=\"article-body mb-nof-24 px-nof-16\">Mutta teknisesti nyt siis saukon mets\u00e4st\u00e4minen helpottuu?<\/p>\n<p class=\"article-body mb-nof-24 px-nof-16\">\u2013 Kyll\u00e4 se n\u00e4in on teknisesti kyll\u00e4.<\/p>\n<p class=\"article-body mb-nof-24 px-nof-16\">Valiokunnan mietint\u00f6 sai kovaa kritiikki\u00e4 <a class=\"article-personlink\" href=\"https:\/\/www.is.fi\/haku\/?query=Veronika%20Honkasalolta\" rel=\"nofollow noopener\" target=\"_blank\">Veronika Honkasalolta<\/a> (vas) ja <a class=\"article-personlink\" href=\"https:\/\/www.is.fi\/haku\/?query=Tiina%20Elolta\" rel=\"nofollow noopener\" target=\"_blank\">Tiina Elolta<\/a> (vihr). He kritisoivat mietinn\u00f6n sis\u00e4ll\u00f6n lis\u00e4ksi sit\u00e4, ett\u00e4 sen valmistelussa ei ole tarpeeksi kuultu asiantuntijoita. He arvostelivat hallitusta asian runnomisesta l\u00e4pi.<\/p>\n<p class=\"article-body mb-nof-24 px-nof-16\">Lain on m\u00e4\u00e4r\u00e4 tulla voimaan vuoden alussa. Seuraavaksi se etenee eduskunnan k\u00e4sittelyyn.<\/p>\n","protected":false},"excerpt":{"rendered":"\u201dEih\u00e4n saukkoja voida mets\u00e4st\u00e4\u00e4\u201d, valiokunnan puheenjohtaja Ritva Elomaa (ps) parahtaa. 9.12. 21:42 Lue tiivistelm\u00e4 Tiivistelm\u00e4 on teko\u00e4lyn tekem\u00e4&hellip;\n","protected":false},"author":2,"featured_media":112320,"comment_status":"","ping_status":"","sticky":false,"template":"","format":"standard","meta":{"footnotes":""},"categories":[5],"tags":[22,23,26,27,33,31,30,17,34,24,25,28,29,15,18,21,32,19,20,16],"class_list":{"0":"post-112319","1":"post","2":"type-post","3":"status-publish","4":"format-standard","5":"has-post-thumbnail","7":"category-otsikot","8":"tag-breaking-news","9":"tag-breakingnews","10":"tag-featured-news","11":"tag-featurednews","12":"tag-fi","13":"tag-finland","14":"tag-finnish","15":"tag-headlines","16":"tag-ilta-sanomat","17":"tag-latest-news","18":"tag-latestnews","19":"tag-main-news","20":"tag-mainnews","21":"tag-news","22":"tag-otsikot","23":"tag-paauutiset","24":"tag-suomi","25":"tag-top-stories","26":"tag-topstories","27":"tag-uutiset"},"share_on_mastodon":{"url":"https:\/\/pubeurope.com\/@fi\/115693046168885823","error":""},"_links":{"self":[{"href":"https:\/\/www.europesays.com\/fi\/wp-json\/wp\/v2\/posts\/112319","targetHints":{"allow":["GET"]}}],"collection":[{"href":"https:\/\/www.europesays.com\/fi\/wp-json\/wp\/v2\/posts"}],"about":[{"href":"https:\/\/www.europesays.com\/fi\/wp-json\/wp\/v2\/types\/post"}],"author":[{"embeddable":true,"href":"https:\/\/www.europesays.com\/fi\/wp-json\/wp\/v2\/users\/2"}],"replies":[{"embeddable":true,"href":"https:\/\/www.europesays.com\/fi\/wp-json\/wp\/v2\/comments?post=112319"}],"version-history":[{"count":0,"href":"https:\/\/www.europesays.com\/fi\/wp-json\/wp\/v2\/posts\/112319\/revisions"}],"wp:featuredmedia":[{"embeddable":true,"href":"https:\/\/www.europesays.com\/fi\/wp-json\/wp\/v2\/media\/112320"}],"wp:attachment":[{"href":"https:\/\/www.europesays.com\/fi\/wp-json\/wp\/v2\/media?parent=112319"}],"wp:term":[{"taxonomy":"category","embeddable":true,"href":"https:\/\/www.europesays.com\/fi\/wp-json\/wp\/v2\/categories?post=112319"},{"taxonomy":"post_tag","embeddable":true,"href":"https:\/\/www.europesays.com\/fi\/wp-json\/wp\/v2\/tags?post=112319"}],"curies":[{"name":"wp","href":"https:\/\/api.w.org\/{rel}","templated":true}]}}