{"id":112321,"date":"2025-12-10T03:13:08","date_gmt":"2025-12-10T03:13:08","guid":{"rendered":"https:\/\/www.europesays.com\/fi\/112321\/"},"modified":"2025-12-10T03:13:08","modified_gmt":"2025-12-10T03:13:08","slug":"en-saa-happea-mirellan-ja-sexmanen-juhlaeleganssi-ihastuttaa","status":"publish","type":"post","link":"https:\/\/www.europesays.com\/fi\/112321\/","title":{"rendered":"&#8221;En saa happea&#8221; \u2013 Mirellan ja Sexmanen juhlaeleganssi ihastuttaa"},"content":{"rendered":"<p>Popt\u00e4hti <strong>Mirellalla<\/strong>, koko nimelt\u00e4\u00e4n <strong>Mirella Roinisella<\/strong>, piti kiirett\u00e4 itsen\u00e4isyysp\u00e4iv\u00e4n\u00e4.<\/p>\n<p>Laulaja esiintyi sek\u00e4 Linnan juhlissa ett\u00e4 niiden hotelli K\u00e4mpiss\u00e4 j\u00e4rjestetyill\u00e4 jatkoilla.<\/p>\n<p>Lue my\u00f6s: <a href=\"https:\/\/www.voice.fi\/viihde\/muodin-raamattu-vogue-julkaisi-linnan-juhlien-upeimmat-asut\" title=\"Muodin raamattu Vogue julkaisi Linnan juhlien upeimmat asut\" class=\"underline-custom !font-montserrat !font-bold !underline-offset-4 !decoration-4 !decoration-tilt-light !text-md\" rel=\"nofollow noopener\" target=\"_blank\">Muodin raamattu Vogue julkaisi Linnan juhlien upeimmat asut<\/a><\/p>\n<p>Lue my\u00f6s: <a href=\"https:\/\/www.voice.fi\/viihde\/huomiota-haettu-erika-vikmanin-ja-erna-huskon-suukottelu-linnan-juhlien-jatkoilla-sai-somen-ryopsahtamaan\" title=\"\u201dHuomiota haettu\u201d \u2013 Erika Vikmanin  ja Erna Huskon suukottelu Linnan juhlien jatkoilla sai somen ry\u00f6ps\u00e4ht\u00e4m\u00e4\u00e4n\" class=\"underline-custom !font-montserrat !font-bold !underline-offset-4 !decoration-4 !decoration-tilt-light !text-md\" rel=\"nofollow noopener\" target=\"_blank\">\u201dHuomiota haettu\u201d \u2013 Erika Vikmanin  ja Erna Huskon suukottelu Linnan juhlien jatkoilla sai somen ry\u00f6ps\u00e4ht\u00e4m\u00e4\u00e4n<\/a><\/p>\n<p>Mirella julkaisi <a href=\"https:\/\/www.instagram.com\/mirellavirallinen\/\" target=\"_blank\" rel=\"noreferrer noopener nofollow\">Instagram-tililleen<\/a> kuvakoosteen juhlista. Osassa kuvista h\u00e4n poseeraa yksin, osassa esittelee yksityiskohtia upeasta mekostaan, ja toisissa h\u00e4n nauttii juhlallisuuksista muiden kanssa.<\/p>\n<p>Joukossa on my\u00f6s kaksi yhteiskuvaa h\u00e4nen puolisonsa <strong>Sexmanen<\/strong>, oikealta nimelt\u00e4\u00e4n <strong>Max Senen<\/strong>, kanssa. Tyylik\u00e4s pariskunta n\u00e4ytt\u00e4\u00e4 iloisilta yhdess\u00e4.<\/p>\n<blockquote class=\"instagram-media\" data-instgrm-captioned=\"\" data-instgrm-permalink=\"https:\/\/www.instagram.com\/p\/DR-NH-Vjc0V\/?utm_source=ig_embed&amp;utm_campaign=loading\" data-instgrm-version=\"14\" style=\" background:#FFF; border:0; border-radius:3px; box-shadow:0 0 1px 0 rgba(0,0,0,0.5),0 1px 10px 0 rgba(0,0,0,0.15); margin: 1px; max-width:500px; min-width:326px; padding:0; width:99.375%; width:-webkit-calc(100% - 2px); width:calc(100% - 2px);\"><p> <a href=\"https:\/\/www.instagram.com\/p\/DR-NH-Vjc0V\/?utm_source=ig_embed&amp;utm_campaign=loading\" style=\" background:#FFFFFF; line-height:0; padding:0 0; text-align:center; text-decoration:none; width:100%;\" target=\"_blank\" rel=\"nofollow noopener\">       <\/p>\n<p>View this post on Instagram<\/p>\n<p>            <\/a><\/p><\/blockquote>\n<p>Saatetekstiss\u00e4 Mirella kirjoittaa esiintymisen t\u00e4yteisen p\u00e4iv\u00e4n olleen absurdi, mutta my\u00f6s valtava kunnia.<\/p>\n<p>\u2013 Iso kiitos mun rakkaille jotka piti musta huolen.<\/p>\n<p>Lue my\u00f6s: <a href=\"https:\/\/www.voice.fi\/viihde\/oon-pettynyt-etta-alennut-tammoiseen-wilma-schlizewskin-linnan-juhlien-suorasukainen-kommentointi-kuohuttaa\" title=\"\u201dOon pettynyt ett\u00e4 alennut t\u00e4mm\u00f6iseen\u201d \u2013 Wilma Schlizewskin Linnan juhlien suorasukainen kommentointi kuohuttaa\" class=\"underline-custom !font-montserrat !font-bold !underline-offset-4 !decoration-4 !decoration-tilt-light !text-md\" rel=\"nofollow noopener\" target=\"_blank\">\u201dOon pettynyt ett\u00e4 alennut t\u00e4mm\u00f6iseen\u201d \u2013 Wilma Schlizewskin Linnan juhlien suorasukainen kommentointi kuohuttaa<\/a><\/p>\n<p>Lue my\u00f6s: <a href=\"https:\/\/www.voice.fi\/viihde\/antonio-flores-jatti-kalsarinsa-vessaan-ensimmaisissa-linnan-juhlissaan\" title=\"Antonio Flores j\u00e4tti kalsarinsa vessaan ensimm\u00e4isiss\u00e4 Linnan juhlissaan\" class=\"underline-custom !font-montserrat !font-bold !underline-offset-4 !decoration-4 !decoration-tilt-light !text-md\" rel=\"nofollow noopener\" target=\"_blank\">Antonio Flores j\u00e4tti kalsarinsa vessaan ensimm\u00e4isiss\u00e4 Linnan juhlissaan<\/a><\/p>\n<p>H\u00e4n kiitt\u00e4\u00e4 my\u00f6s kauniin pukunsa suunnitelleita <strong>Malin Elmviki\u00e4<\/strong> ja <strong>Heini Lambertia<\/strong>.<\/p>\n<p>P\u00e4ivitys on ker\u00e4nnyt runsaasti ylistyst\u00e4:<\/p>\n<p>\u2013 Oot niin upee.<\/p>\n<p>\u2013 Suloset.<\/p>\n<p>\u2013 Oot mun lempiprinsessa!<\/p>\n<p>\u2013 Huhhu, en saa happea, niin upee oot.<\/p>\n<p>\u2013 Oon niin ylpe\u00e4 susta Mirella.<\/p>\n<p>\u2013 Linnan upein prinsessa.<\/p>\n<p>\u2013 Upea puku! Ja onnellisen n\u00e4k\u00f6inen pariskunta.<\/p>\n<p>\u2013 Maailman paras pari.<\/p>\n<p>\u2013 Kaunein prinsessa! Ja upea pariskunta iloisen n\u00e4k\u00f6isin\u00e4.<\/p>\n<p>My\u00f6s <strong>Linda Lampenius<\/strong> on reagoinut kuviin syd\u00e4nemojeilla.<\/p>\n<p>\t\t\t\t\t\t<script async src=\"\/\/www.instagram.com\/embed.js\"><\/script><\/p>\n","protected":false},"excerpt":{"rendered":"Popt\u00e4hti Mirellalla, koko nimelt\u00e4\u00e4n Mirella Roinisella, piti kiirett\u00e4 itsen\u00e4isyysp\u00e4iv\u00e4n\u00e4. Laulaja esiintyi sek\u00e4 Linnan juhlissa ett\u00e4 niiden hotelli K\u00e4mpiss\u00e4&hellip;\n","protected":false},"author":2,"featured_media":112322,"comment_status":"","ping_status":"","sticky":false,"template":"","format":"standard","meta":{"footnotes":""},"categories":[136],"tags":[407,137,33,31,30,408,14062,32,109,20101],"class_list":{"0":"post-112321","1":"post","2":"type-post","3":"status-publish","4":"format-standard","5":"has-post-thumbnail","7":"category-julkkikset","8":"tag-celebrities","9":"tag-entertainment","10":"tag-fi","11":"tag-finland","12":"tag-finnish","13":"tag-julkkikset","14":"tag-linnan-juhlat","15":"tag-suomi","16":"tag-viihde","17":"tag-yhteiskuvat"},"share_on_mastodon":{"url":"https:\/\/pubeurope.com\/@fi\/115693093101082784","error":""},"_links":{"self":[{"href":"https:\/\/www.europesays.com\/fi\/wp-json\/wp\/v2\/posts\/112321","targetHints":{"allow":["GET"]}}],"collection":[{"href":"https:\/\/www.europesays.com\/fi\/wp-json\/wp\/v2\/posts"}],"about":[{"href":"https:\/\/www.europesays.com\/fi\/wp-json\/wp\/v2\/types\/post"}],"author":[{"embeddable":true,"href":"https:\/\/www.europesays.com\/fi\/wp-json\/wp\/v2\/users\/2"}],"replies":[{"embeddable":true,"href":"https:\/\/www.europesays.com\/fi\/wp-json\/wp\/v2\/comments?post=112321"}],"version-history":[{"count":0,"href":"https:\/\/www.europesays.com\/fi\/wp-json\/wp\/v2\/posts\/112321\/revisions"}],"wp:featuredmedia":[{"embeddable":true,"href":"https:\/\/www.europesays.com\/fi\/wp-json\/wp\/v2\/media\/112322"}],"wp:attachment":[{"href":"https:\/\/www.europesays.com\/fi\/wp-json\/wp\/v2\/media?parent=112321"}],"wp:term":[{"taxonomy":"category","embeddable":true,"href":"https:\/\/www.europesays.com\/fi\/wp-json\/wp\/v2\/categories?post=112321"},{"taxonomy":"post_tag","embeddable":true,"href":"https:\/\/www.europesays.com\/fi\/wp-json\/wp\/v2\/tags?post=112321"}],"curies":[{"name":"wp","href":"https:\/\/api.w.org\/{rel}","templated":true}]}}