{"id":112323,"date":"2025-12-10T03:20:09","date_gmt":"2025-12-10T03:20:09","guid":{"rendered":"https:\/\/www.europesays.com\/fi\/112323\/"},"modified":"2025-12-10T03:20:09","modified_gmt":"2025-12-10T03:20:09","slug":"mls-seura-san-diego-lunasti-lainalla-olleen-onni-valakarin-urheilua-lyhyesti","status":"publish","type":"post","link":"https:\/\/www.europesays.com\/fi\/112323\/","title":{"rendered":"MLS-seura San Diego lunasti lainalla olleen Onni Valakarin | Urheilua lyhyesti"},"content":{"rendered":"<p class=\"aw-1gybjub aw-5vja16 kEtdKx kmuxyA yle__article__paragraph\">San Diego eteni t\u00e4ll\u00e4 kaudella konferenssi\u00adfinaaliin asti. Mediatietojen mukaan siirtokorvaus kyproslaiselle Pafosille on 1,5 miljoonaa.<\/p>\n<p><img decoding=\"async\" alt=\"Jalkapallojoukkue juhlii kent\u00e4ll\u00e4 maalin j\u00e4lkeen.\" src=\"https:\/\/www.europesays.com\/fi\/wp-content\/uploads\/2025\/12\/39-154389368fefc970ddcc.jpeg\" class=\"aw-1l9m598 hKVVvP\"\/><\/p>\n<p>Avaa kuvien katselu<\/p>\n<p>Onni Valakari teki uransa ensimm\u00e4ist\u00e4 pudotuspelimaalin MLS:ss\u00e4 27. lokakuuta. Kuva: Orlando Ramirez \/ Getty Images<\/p>\n<p class=\"aw-1gybjub aw-1p7kakr kEtdKx cEmitX yle__article__paragraph\">Pohjois-Amerikan Major League Soccer -sarjassa pelaava San Diego FC on k\u00e4ytt\u00e4nyt pysyv\u00e4n siirto-optionsa suomalaiseen keskikentt\u00e4pelaajaan <strong class=\"aw-ak79eh KyCXm yle__article__strong\">Onni Valakariin<\/strong>. Seura tiedotti asiasta tiistaina.<\/p>\n<p class=\"aw-1gybjub aw-1p7kakr kEtdKx cEmitX yle__article__paragraph\">26-vuotias Suomen maajoukkuepelaaja vietti kauden 2025 lainalla San Diegossa kyproslaiselta Pafos FC:lt\u00e4. Valakarilla on nyt sopimus vuoteen 2028 asti, ja siin\u00e4 on optio vuodesta 2029.<\/p>\n<p class=\"aw-1gybjub aw-1p7kakr kEtdKx cEmitX yle__article__paragraph\">Tiistaina Suomessa ensimm\u00e4isen\u00e4 siirrosta uutisoineen <a class=\"aw-iao6s4 iHOxEa yle__article__link\" href=\"https:\/\/www.iltalehti.fi\/jalkapallo\/a\/789cb43f-3917-4419-b967-5366b3b1bd7b?_gl=1*5vv4nr*_ga*MTk5NTE1MDc0Ni4xNzQ4NjE0NTA3*_ga_3L539PMN3X*czE3NjUzMTA5ODAkbzEyMyRnMSR0MTc2NTMxMjY3NCRqNTgkbDAkaDA.\" role=\"link\" rel=\"nofollow noopener\" target=\"_blank\">Iltalehden<\/a> tietojen mukaan San Diego maksoi Pafosille 1,5 miljoonaa euron korvauksen Valakarista. My\u00f6s <a class=\"aw-iao6s4 iHOxEa yle__article__link\" href=\"https:\/\/www.mtvuutiset.fi\/artikkeli\/onni-valakari-miljoonasiirto\/9263940\" role=\"link\" rel=\"nofollow noopener\" target=\"_blank\">MTV<\/a> kertoi viime viikolla, ett\u00e4 siirto on tapahtumassa 1,5 miljoonan euron summalla.<\/p>\n<p class=\"aw-1gybjub aw-1p7kakr kEtdKx cEmitX yle__article__paragraph\">Valakari teki kaudella viisi maalia ja antoi 12 maaliin johtanutta sy\u00f6tt\u00f6\u00e4 yhteens\u00e4 39 MLS-ottelussa.<\/p>\n<p class=\"aw-1gybjub aw-1p7kakr kEtdKx cEmitX yle__article__paragraph\">San Diego voitti runkosarjassa l\u00e4ntisen konferenssin. Se h\u00e4visi konferenssifinaalin Vancouver Whitecapsille maalein 1\u20133. MLS:n mestaruutta p\u00e4\u00e4si juhlimaan Inter Miami, joka voitti finaalissa Vancouverin 3\u20131.<\/p>\n","protected":false},"excerpt":{"rendered":"San Diego eteni t\u00e4ll\u00e4 kaudella konferenssi\u00adfinaaliin asti. Mediatietojen mukaan siirtokorvaus kyproslaiselle Pafosille on 1,5 miljoonaa. Avaa kuvien katselu&hellip;\n","protected":false},"author":2,"featured_media":112324,"comment_status":"","ping_status":"","sticky":false,"template":"","format":"standard","meta":{"footnotes":""},"categories":[158],"tags":[33,31,30,43,11128,20767,159,32,160],"class_list":{"0":"post-112323","1":"post","2":"type-post","3":"status-publish","4":"format-standard","5":"has-post-thumbnail","7":"category-urheilu","8":"tag-fi","9":"tag-finland","10":"tag-finnish","11":"tag-jalkapallo","12":"tag-major-league-soccer","13":"tag-onni-valakari","14":"tag-sports","15":"tag-suomi","16":"tag-urheilu"},"share_on_mastodon":{"url":"https:\/\/pubeurope.com\/@fi\/115693120861246331","error":""},"_links":{"self":[{"href":"https:\/\/www.europesays.com\/fi\/wp-json\/wp\/v2\/posts\/112323","targetHints":{"allow":["GET"]}}],"collection":[{"href":"https:\/\/www.europesays.com\/fi\/wp-json\/wp\/v2\/posts"}],"about":[{"href":"https:\/\/www.europesays.com\/fi\/wp-json\/wp\/v2\/types\/post"}],"author":[{"embeddable":true,"href":"https:\/\/www.europesays.com\/fi\/wp-json\/wp\/v2\/users\/2"}],"replies":[{"embeddable":true,"href":"https:\/\/www.europesays.com\/fi\/wp-json\/wp\/v2\/comments?post=112323"}],"version-history":[{"count":0,"href":"https:\/\/www.europesays.com\/fi\/wp-json\/wp\/v2\/posts\/112323\/revisions"}],"wp:featuredmedia":[{"embeddable":true,"href":"https:\/\/www.europesays.com\/fi\/wp-json\/wp\/v2\/media\/112324"}],"wp:attachment":[{"href":"https:\/\/www.europesays.com\/fi\/wp-json\/wp\/v2\/media?parent=112323"}],"wp:term":[{"taxonomy":"category","embeddable":true,"href":"https:\/\/www.europesays.com\/fi\/wp-json\/wp\/v2\/categories?post=112323"},{"taxonomy":"post_tag","embeddable":true,"href":"https:\/\/www.europesays.com\/fi\/wp-json\/wp\/v2\/tags?post=112323"}],"curies":[{"name":"wp","href":"https:\/\/api.w.org\/{rel}","templated":true}]}}