{"id":112327,"date":"2025-12-10T03:24:19","date_gmt":"2025-12-10T03:24:19","guid":{"rendered":"https:\/\/www.europesays.com\/fi\/112327\/"},"modified":"2025-12-10T03:24:19","modified_gmt":"2025-12-10T03:24:19","slug":"sijoitusvuosi-2026-puhkeaako-tekoalykupla","status":"publish","type":"post","link":"https:\/\/www.europesays.com\/fi\/112327\/","title":{"rendered":"Sijoitusvuosi 2026 &#8211; puhkeaako teko\u00e4lykupla?"},"content":{"rendered":"<p>Ep\u00e4varmuustekij\u00f6ist\u00e4 huolimatta \u2013 tai oikeastaan osin niiden ansiosta \u2013 sijoittajan vuoteen 2026 l\u00e4hdet\u00e4\u00e4n hyvist\u00e4 l\u00e4ht\u00f6kohdista. Osakemarkkinat voisivat tuottaa arviomme mukaan kymmenisen prosenttia ja joukkolainasijoituksetkin noin nelj\u00e4 prosenttia. N\u00e4ill\u00e4 arvioilla p\u00e4\u00e4osa hyvin hajautetuista salkuista voisi p\u00e4\u00e4ty\u00e4 viiden prosentin tuoton paremmalle puolen. Yll\u00e4tyksiin on kuitenkin sijoittamisessa aina hyv\u00e4 varautua.<\/p>\n<p>P\u00f6rssikurssien t\u00e4rkein suunnann\u00e4ytt\u00e4j\u00e4, yhti\u00f6iden tuloskasvu, n\u00e4ytt\u00e4isi olevan hyviss\u00e4 kantimissa. T\u00e4m\u00e4nhetkiset arviot viittaavat noin nelj\u00e4ntoista prosentin parannuksiin ensi vuonna ja viel\u00e4 kolmentoista prosentin kasvuun seuraavana vuonna. Aiempiin ennusteisiin verrattuna n\u00e4m\u00e4 arviot eiv\u00e4t poikkea normaalista oleellisesti.\u00a0<\/p>\n<p>Toteutunut tuloskasvu on sen sijaan ollut viidest\u00e4 kuuteen prosenttiyksikk\u00f6\u00e4 t\u00e4t\u00e4 hitaampaa tavanomaisena vuonna. Oma arviomme on, ett\u00e4 kansainv\u00e4lisesti voitaisiin p\u00e4\u00e4ty\u00e4 noin kymmenen prosentin tuloskasvuun. T\u00e4m\u00e4 olisi my\u00f6s melko hyvin linjassa t\u00e4m\u00e4nhetkisten talousn\u00e4kymien kanssa. Odotamme t\u00e4m\u00e4n riitt\u00e4v\u00e4n varsin my\u00f6nteiseen vuoteen osakemarkkinoilla.<\/p>\n<p>Viime vuosina tuloskasvu on kansainv\u00e4lisesti ollut l\u00e4hinn\u00e4 teknologia-alojen harteilla. Kasvu on v\u00e4hitellen kuitenkin hiipinyt muillekin aloille. Ensi vuonna odotamme tasaisempia tulosparannuksia, vaikka teknologia-ala jatkaakin omassa sarjassaan. Tasaisemman tuloskehityksen my\u00f6t\u00e4 koko vuoden n\u00e4kym\u00e4t ovat my\u00f6s vakaammalla pohjalla.<\/p>\n<p>Teko\u00e4lykupla kiritt\u00e4isi kurssit korkeuksiin<\/p>\n<p>Todenn\u00e4k\u00f6isesti vuosi 2026 j\u00e4\u00e4 historian kirjoihin j\u00e4lleen yhten\u00e4 vuotena, jona teko\u00e4lykupla ei puhjennut \u2013 l\u00e4hinn\u00e4 siksi, ett\u00e4 ainakaan koko markkinoiden mittakaavassa kuplaa ei viel\u00e4 ole.\u00a0<\/p>\n<p>Jos k\u00e4visi niin, ett\u00e4 kupla puhkeaisi, sen pit\u00e4isi ensin t\u00e4ytty\u00e4 puhkeamispisteeseen. T\u00e4ll\u00e4 matkalla ei olisi mitenk\u00e4\u00e4n erikoista n\u00e4hd\u00e4 teknologia-alojen kurssien nousevan viel\u00e4 kymmeni\u00e4 prosentteja nykytasoltaan pirte\u00e4n tuloskasvun ja arvostuskertoimien reippaan nousun my\u00f6t\u00e4. T\u00e4ll\u00f6in kansainv\u00e4listen osakkeiden tuotot voisivat ensi vuonnakin ylt\u00e4\u00e4 helposti yli kahdenkymmenen prosentin.<\/p>\n<p>Samalla on kuitenkin todettava, ett\u00e4 t\u00e4llainen kehitys ei ole toivottavaa \u2013 eik\u00e4 t\u00e4ll\u00e4 hetkell\u00e4 n\u00e4ytt\u00e4isi toteutuvan. Toistaiseksi sijoittajat ovat toppuutelleet velkarahoitteisia teko\u00e4lyinvestointeja, mik\u00e4 viittaa siihen, ett\u00e4 markkinoilla on tervett\u00e4 ep\u00e4luuloa liiallista investointi-intoa kohtaan.\u00a0<\/p>\n<p>Se, ett\u00e4 markkinoilla laajalti ei ole kuplaa, ei tarkoita, etteiv\u00e4tk\u00f6 jotkut, l\u00e4hinn\u00e4 pienemm\u00e4t, teko\u00e4ly-yhti\u00f6t voisi menn\u00e4 nurin. Olisi jopa outoa, jos n\u00e4in ei jossain vaiheessa k\u00e4visi.\u00a0<\/p>\n<p>Toistuvat ep\u00e4luulot, pienempiin yhti\u00f6ihin liittyv\u00e4 ep\u00e4varmuus ja alan korkeat arvostuskertoimet johtavat luultavasti melko tuuliseen markkinakehitykseen ensi vuonna. Sijoittajan onkin hyv\u00e4 varautua hyvist\u00e4 tuotton\u00e4kymist\u00e4 huolimatta my\u00f6s kurssiheiluntaan matkan varrella.\u00a0<\/p>\n<p>T\u00e4t\u00e4 ei ole kuitenkaan syyt\u00e4 s\u00e4ik\u00e4ht\u00e4\u00e4. Ajoittaiset kurssilaskut kuuluvat nousumarkkinoihin. Muuten osakesijoituksista ei olisi perusteltua odottaa talletuksia parempia tuottoja.<\/p>\n","protected":false},"excerpt":{"rendered":"Ep\u00e4varmuustekij\u00f6ist\u00e4 huolimatta \u2013 tai oikeastaan osin niiden ansiosta \u2013 sijoittajan vuoteen 2026 l\u00e4hdet\u00e4\u00e4n hyvist\u00e4 l\u00e4ht\u00f6kohdista. Osakemarkkinat voisivat tuottaa&hellip;\n","protected":false},"author":2,"featured_media":112328,"comment_status":"","ping_status":"","sticky":false,"template":"","format":"standard","meta":{"footnotes":""},"categories":[76],"tags":[79,77,33,31,30,32,78],"class_list":{"0":"post-112327","1":"post","2":"type-post","3":"status-publish","4":"format-standard","5":"has-post-thumbnail","7":"category-talous","8":"tag-business","9":"tag-economy","10":"tag-fi","11":"tag-finland","12":"tag-finnish","13":"tag-suomi","14":"tag-talous"},"share_on_mastodon":{"url":"https:\/\/pubeurope.com\/@fi\/115693136435686251","error":""},"_links":{"self":[{"href":"https:\/\/www.europesays.com\/fi\/wp-json\/wp\/v2\/posts\/112327","targetHints":{"allow":["GET"]}}],"collection":[{"href":"https:\/\/www.europesays.com\/fi\/wp-json\/wp\/v2\/posts"}],"about":[{"href":"https:\/\/www.europesays.com\/fi\/wp-json\/wp\/v2\/types\/post"}],"author":[{"embeddable":true,"href":"https:\/\/www.europesays.com\/fi\/wp-json\/wp\/v2\/users\/2"}],"replies":[{"embeddable":true,"href":"https:\/\/www.europesays.com\/fi\/wp-json\/wp\/v2\/comments?post=112327"}],"version-history":[{"count":0,"href":"https:\/\/www.europesays.com\/fi\/wp-json\/wp\/v2\/posts\/112327\/revisions"}],"wp:featuredmedia":[{"embeddable":true,"href":"https:\/\/www.europesays.com\/fi\/wp-json\/wp\/v2\/media\/112328"}],"wp:attachment":[{"href":"https:\/\/www.europesays.com\/fi\/wp-json\/wp\/v2\/media?parent=112327"}],"wp:term":[{"taxonomy":"category","embeddable":true,"href":"https:\/\/www.europesays.com\/fi\/wp-json\/wp\/v2\/categories?post=112327"},{"taxonomy":"post_tag","embeddable":true,"href":"https:\/\/www.europesays.com\/fi\/wp-json\/wp\/v2\/tags?post=112327"}],"curies":[{"name":"wp","href":"https:\/\/api.w.org\/{rel}","templated":true}]}}