{"id":112329,"date":"2025-12-10T03:25:09","date_gmt":"2025-12-10T03:25:09","guid":{"rendered":"https:\/\/www.europesays.com\/fi\/112329\/"},"modified":"2025-12-10T03:25:09","modified_gmt":"2025-12-10T03:25:09","slug":"venajalla-kiinnostuttiin-trumpin-edustajasta-hyodyllinen-venajalle","status":"publish","type":"post","link":"https:\/\/www.europesays.com\/fi\/112329\/","title":{"rendered":"Ven\u00e4j\u00e4ll\u00e4 kiinnostuttiin Trumpin edustajasta: &#8221;Hy\u00f6dyllinen Ven\u00e4j\u00e4lle&#8221;"},"content":{"rendered":"<p>Donald Trumpin v\u00e4vypojan, liikemies Jared Kushnerin roolia neuvotteluissa pidet\u00e4\u00e4n Ven\u00e4j\u00e4ll\u00e4 merkitt\u00e4v\u00e4n\u00e4 muutoksena. Ven\u00e4j\u00e4n-tuntija varoittaa Yhdysvaltoja uskomasta kaupank\u00e4ynnin \u201dmaagisiin\u201d vaikutuksiin Ven\u00e4j\u00e4n suhteen.<\/p>\n<p><img decoding=\"async\" class=\"image image-show image-preview\" src=\"https:\/\/www.europesays.com\/fi\/wp-content\/uploads\/2025\/12\/d0f09cc3e399c674e58624ddc8c07b1d7826e9d350a954cf740c2914bf08f3ee.jpg\" alt=\"\"\/><img decoding=\"async\" class=\"image image-show\" src=\"https:\/\/www.europesays.com\/fi\/wp-content\/uploads\/2025\/12\/1765337109_910_d0f09cc3e399c674e58624ddc8c07b1d7826e9d350a954cf740c2914bf08f3ee.jpg\" alt=\"\"\/><\/p>\n<p>Ven\u00e4j\u00e4n erityisedustaja Kirill Dmitriev sek\u00e4 Yhdysvaltain edustajat Jared Kushner ja Steve Witkoff Moskovassa joulukuun alussa. Yekaterina Shamarova\/TASS via ZUMA Press<\/p>\n<p class=\"paragraph\">Yhdysvaltain presidentin <strong>Donald Trumpin<\/strong> v\u00e4vy, liikemies <strong>Jared Kushner<\/strong> on Ven\u00e4j\u00e4n median mukaan noussut avainhenkil\u00f6ksi Yhdysvaltain ja Ven\u00e4j\u00e4n v\u00e4lisiss\u00e4 neuvotteluissa mahdollisista Ukrainan ratkaisuista ja maiden v\u00e4lisest\u00e4 taloudellisesta yhteisty\u00f6st\u00e4.<\/p>\n<p class=\"paragraph\">Valtiollinen uutistoimisto Tass siteeraa Izvestija-lehte\u00e4 kertoen, ett\u00e4 Kushnerin mukaantulo neuvotteluihin \u201dsignaloi Washingtonin kasvavaa kiinnostusta l\u00f6yt\u00e4\u00e4 kompromissi Ukrainasta\u201d.<\/p>\n<p class=\"paragraph\"><a href=\"https:\/\/tass.com\/pressreview\/2055059\" target=\"_blank\" rel=\"noopener nofollow\">Tassin mediakatsauksen<\/a> mukaan Kushnerin rooli on erityisen huomionarvoinen, ja Yhdysvaltain erityisl\u00e4hettil\u00e4\u00e4n <strong>Steve Witkoffin<\/strong> \u201dsooloteht\u00e4v\u00e4n laajentaminen kattamaan Trumpin v\u00e4vypojan on hy\u00f6dyllist\u00e4 sek\u00e4 Yhdysvalloille ett\u00e4 Ven\u00e4j\u00e4lle\u201d. N\u00e4in arvioi Izvestijan kuulema ven\u00e4l\u00e4isanalyytikko, jonka mukaan Yhdysvalloilla on Kushnerissa ylim\u00e4\u00e4r\u00e4inen v\u00e4litt\u00e4j\u00e4, joka \u201dsuojaa Trumpia Witkoffiin kohdistuvilta puolueellisuus- tai asiattomuussyyt\u00f6ksilt\u00e4\u201d.<\/p>\n<p class=\"paragraph\">Witkoffin on syytetty edist\u00e4v\u00e4n Ven\u00e4j\u00e4n etuja neuvotteluissa.<\/p>\n<p class=\"paragraph\">Kushner ja Witkoff k\u00e4viv\u00e4t ven\u00e4l\u00e4isosapuolen kanssa neuvotteluja Miamissa joulukuun alussa, ja Trumpin v\u00e4vy vieraili my\u00f6s Ven\u00e4j\u00e4ll\u00e4 tapaamassa <strong>Vladimir Putinia<\/strong> yhdess\u00e4 Witkoffin kanssa. Aiemmin l\u00e4hinn\u00e4 liike-el\u00e4m\u00e4st\u00e4 tunnettu Kushner on osallistunut my\u00f6s L\u00e4hi-id\u00e4n neuvotteluihin jo Trumpin ensimm\u00e4isell\u00e4 kaudella ja t\u00e4ll\u00e4 kaudella h\u00e4n oli mukana sorvaamassa Gaza-ratkaisua. Ven\u00e4j\u00e4n mediassa kehutaan nyt sek\u00e4 h\u00e4nen osaamistaan ett\u00e4 l\u00e4heist\u00e4 suhdettaan Trumpin kanssa, sill\u00e4 l\u00e4heisyys takaa Trumpin huomion asialle.<\/p>\n<p>Jared Kushner (kuvassa oikealla) on liittynyt Steve Witkoffin seuraan Trumpin keskeiseksi edustajaksi neuvotteluissa. Kristina Kormilitsyna\/TASS via ZUMA Press<\/p>\n<p>Asiantuntija: USA:ssa uskoa taikakeinoon<\/p>\n<p class=\"paragraph\">Ven\u00e4j\u00e4\u00e4n ja It\u00e4-Eurooppaan perehtynyt toimittaja ja kirjailija <strong>Charles Hecker<\/strong> varoittaa Yhdysvaltain rauhanpyrkimyksist\u00e4 ven\u00e4l\u00e4islehti <a href=\"https:\/\/www.themoscowtimes.com\/2025\/12\/08\/global-business-didnt-save-russia-in-the-1990s-it-wont-today-either-a91366\" target=\"_blank\" rel=\"noopener nofollow\">The Moscow Timesin n\u00e4k\u00f6kulmassaan<\/a>. H\u00e4nen mukaansa Trumpin leiri hakee sodan lopettamisen yhteydess\u00e4 itselleen maksimaalista taloudellista hy\u00f6ty\u00e4, mutta sortuu sen lis\u00e4ksi uskomaan kaupank\u00e4ynnin \u201dmaagiseen\u201d voimaan. Heckerin mukaan vuosikymmenien saatossa on kuitenkin jo aiemmin n\u00e4hty, ett\u00e4 taloudellinen yhteisty\u00f6 ei johda kest\u00e4v\u00e4\u00e4n rauhaan Ven\u00e4j\u00e4n kanssa.<\/p>\n<p class=\"paragraph\">Heckerin mukaan kansainv\u00e4linen kauppa ei pelastanut Ven\u00e4j\u00e4\u00e4 1990-luvun myllerryksess\u00e4 eik\u00e4 pelasta sit\u00e4 nytk\u00e4\u00e4n. Kaupank\u00e4ynti ei johtanut normaaliin markkinatalouteen Ven\u00e4j\u00e4ll\u00e4 kuten ei my\u00f6sk\u00e4\u00e4n l\u00e4nsimaiseen demokratiaan, vaikka n\u00e4in haluttiin uskoa.<\/p>\n<p class=\"paragraph\">\u2013 Rahanteko, niin ajateltiin, tekisi Ven\u00e4j\u00e4st\u00e4 v\u00e4hemm\u00e4n uhkaavan vihollisen geopoliittisesti. Nyt tied\u00e4mme, mihin nuo oletukset ja niiden stressitestaamisen unohtaminen ovat vieneet meid\u00e4t, Hecker kirjoittaa.<\/p>\n<p class=\"paragraph\">Witkoff ja Kushner ovat poikkeuksellisen voimakkaasti kaupank\u00e4yntiin keskittyv\u00e4n Valkoisen talon l\u00e4hettil\u00e4it\u00e4 ja heid\u00e4n ven\u00e4l\u00e4isen vastineensa, <a href=\"https:\/\/www.iltalehti.fi\/henkilot\/Kirill Dmitriev\" class=\"article-link-person-page\" rel=\"nofollow noopener\" target=\"_blank\">Kirill Dmitrievin<\/a>, teht\u00e4v\u00e4 on heilutella heid\u00e4n edess\u00e4\u00e4n taloudellisen yhteistoiminnan mahdollisuuksia, Hecker tiivist\u00e4\u00e4.<\/p>\n<p class=\"paragraph\">Sen sijaan Putinin keskeinen ajuri ei ole talous muutoin kuin l\u00e4hipiirin omaisuuden kartuttamisen osalta, h\u00e4n katsoo, eiv\u00e4tk\u00e4 bisnessopimukset tule pyyhkim\u00e4\u00e4n pois ideologisia eroja Ven\u00e4j\u00e4n ja Yhdysvaltain v\u00e4lill\u00e4.<\/p>\n<p class=\"paragraph\">Heckerin mukaan on my\u00f6s mahdollista, ett\u00e4 Trumpin hallinto ei tosiasiassa usko sovintoon Ven\u00e4j\u00e4n, Ukrainan ja itsens\u00e4 v\u00e4lill\u00e4. T\u00e4ss\u00e4 skenaariossa Valkoinen talo voisi hyl\u00e4t\u00e4 Ukrainan kokonaan ja ryhty\u00e4 taloudelliseen yhteisty\u00f6h\u00f6n Ven\u00e4j\u00e4n kanssa, tuoden yhdysvaltalaiset yritykset mukanaan, h\u00e4n varoittaa.<\/p>\n<p class=\"paragraph\">Tassin mukaan my\u00f6s Ven\u00e4j\u00e4n mediassa varoitetaan, ett\u00e4 Trump tavoittelee nopeaa rauhansopimusta hinnalla mill\u00e4 hyv\u00e4ns\u00e4, mik\u00e4 voi johtaa heikkoon rauhaan. My\u00f6sk\u00e4\u00e4n Ven\u00e4j\u00e4n ei uskota toistaiseksi tavoittelevan rauhaa siin\u00e4 mieless\u00e4, ett\u00e4 se olisi valmis taipumaan mist\u00e4\u00e4n omista vaatimuksistaan Ukrainan suhteen. Putin on varoittanut Ukrainaa, ett\u00e4 jos aluevaatimuksiin ei suostuta, ottaa Ven\u00e4j\u00e4 muun muassa Donbasin haltuunsa sotatoimin.<\/p>\n","protected":false},"excerpt":{"rendered":"Donald Trumpin v\u00e4vypojan, liikemies Jared Kushnerin roolia neuvotteluissa pidet\u00e4\u00e4n Ven\u00e4j\u00e4ll\u00e4 merkitt\u00e4v\u00e4n\u00e4 muutoksena. Ven\u00e4j\u00e4n-tuntija varoittaa Yhdysvaltoja uskomasta kaupank\u00e4ynnin \u201dmaagisiin\u201d&hellip;\n","protected":false},"author":2,"featured_media":112330,"comment_status":"","ping_status":"","sticky":false,"template":"","format":"standard","meta":{"footnotes":""},"categories":[14],"tags":[35,22,23,26,27,33,31,30,17,24,25,28,29,15,18,21,142,637,144,32,19,20,56,16,638,59,60,61,143],"class_list":{"0":"post-112329","1":"post","2":"type-post","3":"status-publish","4":"format-standard","5":"has-post-thumbnail","7":"category-ulkomaat","8":"tag-24h","9":"tag-breaking-news","10":"tag-breakingnews","11":"tag-featured-news","12":"tag-featurednews","13":"tag-fi","14":"tag-finland","15":"tag-finnish","16":"tag-headlines","17":"tag-latest-news","18":"tag-latestnews","19":"tag-main-news","20":"tag-mainnews","21":"tag-news","22":"tag-otsikot","23":"tag-paauutiset","24":"tag-poliitikot","25":"tag-politiikka","26":"tag-presidentti","27":"tag-suomi","28":"tag-top-stories","29":"tag-topstories","30":"tag-ulkomaat","31":"tag-uutiset","32":"tag-valtiovalta","33":"tag-world","34":"tag-world-news","35":"tag-worldnews","36":"tag-yhdysvaltain-politiikka"},"share_on_mastodon":{"url":"https:\/\/pubeurope.com\/@fi\/115693140509817078","error":""},"_links":{"self":[{"href":"https:\/\/www.europesays.com\/fi\/wp-json\/wp\/v2\/posts\/112329","targetHints":{"allow":["GET"]}}],"collection":[{"href":"https:\/\/www.europesays.com\/fi\/wp-json\/wp\/v2\/posts"}],"about":[{"href":"https:\/\/www.europesays.com\/fi\/wp-json\/wp\/v2\/types\/post"}],"author":[{"embeddable":true,"href":"https:\/\/www.europesays.com\/fi\/wp-json\/wp\/v2\/users\/2"}],"replies":[{"embeddable":true,"href":"https:\/\/www.europesays.com\/fi\/wp-json\/wp\/v2\/comments?post=112329"}],"version-history":[{"count":0,"href":"https:\/\/www.europesays.com\/fi\/wp-json\/wp\/v2\/posts\/112329\/revisions"}],"wp:featuredmedia":[{"embeddable":true,"href":"https:\/\/www.europesays.com\/fi\/wp-json\/wp\/v2\/media\/112330"}],"wp:attachment":[{"href":"https:\/\/www.europesays.com\/fi\/wp-json\/wp\/v2\/media?parent=112329"}],"wp:term":[{"taxonomy":"category","embeddable":true,"href":"https:\/\/www.europesays.com\/fi\/wp-json\/wp\/v2\/categories?post=112329"},{"taxonomy":"post_tag","embeddable":true,"href":"https:\/\/www.europesays.com\/fi\/wp-json\/wp\/v2\/tags?post=112329"}],"curies":[{"name":"wp","href":"https:\/\/api.w.org\/{rel}","templated":true}]}}