{"id":112335,"date":"2025-12-10T03:35:24","date_gmt":"2025-12-10T03:35:24","guid":{"rendered":"https:\/\/www.europesays.com\/fi\/112335\/"},"modified":"2025-12-10T03:35:24","modified_gmt":"2025-12-10T03:35:24","slug":"unohda-virtuaalitodellisuus-tassa-ovat-atk-vuoden-2019-tarkeimmat-trendit","status":"publish","type":"post","link":"https:\/\/www.europesays.com\/fi\/112335\/","title":{"rendered":"Unohda virtuaalitodellisuus, t\u00e4ss\u00e4 ovat ATK-vuoden 2019 t\u00e4rkeimm\u00e4t trendit"},"content":{"rendered":"<p><a href=\"https:\/\/www.iltalehti.fi\/bitti\" class=\"breadcrumb breadcrumb-bitti\" rel=\"nofollow noopener\" target=\"_blank\">Bitti<\/a><\/p>\n<p>Digivuosi alkaa aina komeasti Las Vegasin j\u00e4ttim\u00e4isell\u00e4 CES-tapahtumalla, jossa esill\u00e4 on kaikki mahdollinen digitaaliseen el\u00e4m\u00e4ntapaan liittyv\u00e4. Mikrobitin kaksimiehinen toimitus ravasi viikon ajan l\u00e4pi messuhalleja ja lehdist\u00f6tilaisuuksia tiivist\u00e4\u00e4kseen olennaisen messuannin. Mit\u00e4 messuista j\u00e4i k\u00e4teen?<\/p>\n<p>tiistai 22.1.2019 klo 16:03<\/p>\n","protected":false},"excerpt":{"rendered":"Bitti Digivuosi alkaa aina komeasti Las Vegasin j\u00e4ttim\u00e4isell\u00e4 CES-tapahtumalla, jossa esill\u00e4 on kaikki mahdollinen digitaaliseen el\u00e4m\u00e4ntapaan liittyv\u00e4. Mikrobitin&hellip;\n","protected":false},"author":2,"featured_media":112336,"comment_status":"","ping_status":"","sticky":false,"template":"","format":"standard","meta":{"footnotes":"","_share_on_mastodon":"0"},"categories":[88],"tags":[20772,20771,20770,20769,659,9155,33,31,30,32,91,92,1247,109,424,422,423],"class_list":["post-112335","post","type-post","status-publish","format-standard","has-post-thumbnail","category-virtuaalitodellisuus","tag-4k-ja-uhd","tag-8k","tag-digilelut","tag-digitaalinen-teknologia","tag-digitalisaatio","tag-digitalous","tag-fi","tag-finland","tag-finnish","tag-suomi","tag-technology","tag-teknologia","tag-televisio","tag-viihde","tag-virtuaalitodellisuus","tag-virtual-reality","tag-vr"],"share_on_mastodon":{"url":"https:\/\/pubeurope.com\/@fi\/115693179591070626","error":""},"_links":{"self":[{"href":"https:\/\/www.europesays.com\/fi\/wp-json\/wp\/v2\/posts\/112335","targetHints":{"allow":["GET"]}}],"collection":[{"href":"https:\/\/www.europesays.com\/fi\/wp-json\/wp\/v2\/posts"}],"about":[{"href":"https:\/\/www.europesays.com\/fi\/wp-json\/wp\/v2\/types\/post"}],"author":[{"embeddable":true,"href":"https:\/\/www.europesays.com\/fi\/wp-json\/wp\/v2\/users\/2"}],"replies":[{"embeddable":true,"href":"https:\/\/www.europesays.com\/fi\/wp-json\/wp\/v2\/comments?post=112335"}],"version-history":[{"count":0,"href":"https:\/\/www.europesays.com\/fi\/wp-json\/wp\/v2\/posts\/112335\/revisions"}],"wp:featuredmedia":[{"embeddable":true,"href":"https:\/\/www.europesays.com\/fi\/wp-json\/wp\/v2\/media\/112336"}],"wp:attachment":[{"href":"https:\/\/www.europesays.com\/fi\/wp-json\/wp\/v2\/media?parent=112335"}],"wp:term":[{"taxonomy":"category","embeddable":true,"href":"https:\/\/www.europesays.com\/fi\/wp-json\/wp\/v2\/categories?post=112335"},{"taxonomy":"post_tag","embeddable":true,"href":"https:\/\/www.europesays.com\/fi\/wp-json\/wp\/v2\/tags?post=112335"}],"curies":[{"name":"wp","href":"https:\/\/api.w.org\/{rel}","templated":true}]}}