{"id":112345,"date":"2025-12-10T03:51:08","date_gmt":"2025-12-10T03:51:08","guid":{"rendered":"https:\/\/www.europesays.com\/fi\/112345\/"},"modified":"2025-12-10T03:51:08","modified_gmt":"2025-12-10T03:51:08","slug":"tama-tiedetaan-ukrainan-tilanteesta-keskiviikkona","status":"publish","type":"post","link":"https:\/\/www.europesays.com\/fi\/112345\/","title":{"rendered":"T\u00e4m\u00e4 tiedet\u00e4\u00e4n Ukrainan tilanteesta keskiviikkona"},"content":{"rendered":"<p>T\u00e4m\u00e4 tiedet\u00e4\u00e4n|Presidentti Alexander Stubbin mukaan rauhansuunnitelman valmiiksi saamisessa ollaan nyt l\u00e4hemp\u00e4n\u00e4 kuin aiemmin sodan aikana.<\/p>\n<p class=\"article-body mb-nof-24 px-nof-16\">Ukrainan presidentti <a class=\"article-personlink\" href=\"https:\/\/www.hs.fi\/haku\/?query=Volodymyr%20Zelenskyi\" rel=\"nofollow noopener\" target=\"_blank\">Volodymyr Zelenskyi <\/a>arvioi tiistaina, ett\u00e4 maanantaina Britannian, Ranskan ja Saksan johtajien kanssa hahmoteltu, p\u00e4ivitetty versio rauhan\u00adsuunnitelmasta voitaisiin esitell\u00e4 Yhdysvalloille keskiviikkona.<\/p>\n<p class=\"article-body mb-nof-24 px-nof-16\">Financial Timesin haastattelemat virkamiesl\u00e4hteet kertovat presidentti <a class=\"article-personlink\" href=\"https:\/\/www.hs.fi\/haku\/?query=Donald%20Trumpin\" rel=\"nofollow noopener\" target=\"_blank\">Donald Trumpin<\/a> edustajien esitt\u00e4neen toiveen, ett\u00e4 sopimus 20-kohtaisesta rauhansuunnitelmasta syntyy jouluun menness\u00e4. Alkuper\u00e4inen Yhdysvaltojen luonnostelema rauhansuunnitelma oli 28-kohtainen.<\/p>\n<p class=\"article-body mb-nof-24 px-nof-16\">Zelenskyi kertoi tiistaina pit\u00e4m\u00e4ss\u00e4\u00e4n lehdist\u00f6tilaisuudessa Yhdysvaltojen vaatineen, ett\u00e4 Ukrainalla t\u00e4ytyy saada \u201drealistiset turvatakuut\u201d.<\/p>\n<p class=\"article-body mb-nof-24 px-nof-16\">Presidentti <a class=\"article-personlink\" href=\"https:\/\/www.hs.fi\/haku\/?query=Alexander%20Stubb\" rel=\"nofollow noopener\" target=\"_blank\">Alexander Stubb<\/a> sanoi tiistaina, ett\u00e4 rauhansuunnitelman valmistumisessa ollaan nyt l\u00e4hemp\u00e4n\u00e4 kuin aiemmin sodan aikana. Stubb kertoi, ett\u00e4 Ukraina ja sen eurooppalaiset tukijat ovat ty\u00f6skennelleet kolmen erillisen dokumentin parissa. Ne ovat 20-kohtainen kehys, esitys turvatakuista ja suunnitelma Ukrainan uudelleenrakentamisesta.<\/p>\n<p class=\"article-body mb-nof-24 px-nof-16\">Yhdysvaltojen varal\u00e4hettil\u00e4s <a class=\"article-personlink\" href=\"https:\/\/www.hs.fi\/haku\/?query=Jennifer%20Locetta\" rel=\"nofollow noopener\" target=\"_blank\">Jennifer Locetta<\/a> sanoi YK:n turvallisuuskokouksessa Yhdysvaltojen ty\u00f6skentelev\u00e4n kaventaakseen railoa Kiovan ja Moskovan v\u00e4lill\u00e4. H\u00e4n sanoi, ett\u00e4 tavoite on varmistaa pysyv\u00e4 tulitauko ja \u201dyhteisesti hyv\u00e4ksytty rauhansuunnitelma, jolla s\u00e4ilytet\u00e4\u00e4n Ukrainan itsen\u00e4isyys ja mahdollisuus todelliseen menestykseen\u201d.<\/p>\n<p class=\"article-body mb-nof-24 px-nof-16\">FT:n l\u00e4hteiden mukaan Trumpin Ukraina-l\u00e4hettil\u00e4\u00e4t <a class=\"article-personlink\" href=\"https:\/\/www.hs.fi\/haku\/?query=Steve%20Witkoff\" rel=\"nofollow noopener\" target=\"_blank\">Steve Witkoff<\/a> ja v\u00e4vy <a class=\"article-personlink\" href=\"https:\/\/www.hs.fi\/haku\/?query=Jared%20Kushner\" rel=\"nofollow noopener\" target=\"_blank\">Jared Kushner<\/a> olisivat painostaneet Zelenskyi\u00e4 nopeaan p\u00e4\u00e4t\u00f6ksentekoon ja antaneet presidentille \u201dp\u00e4ivi\u00e4\u201d aikaa vastata Yhdysvaltain rauhanehdotukseen.<\/p>\n<p class=\"article-body mb-nof-24 px-nof-16\">Trump sanoi tiistaina julkaistussa Politico-lehden haastattelussa, ett\u00e4 Ukrainassa olisi aika j\u00e4rjest\u00e4\u00e4 vaalit. Ukrainassa sodan vuoksi voimassa oleva poikkeuslaki est\u00e4\u00e4 vaalien j\u00e4rjest\u00e4misen. Trumpin mukaan kyse ei en\u00e4\u00e4 ole demokratiasta.<\/p>\n<p class=\"article-body mb-nof-24 px-nof-16\">Zelenskyi vastasi t\u00e4h\u00e4n tiistaina ja sanoi olevansa valmis vaaleihin, mutta turvallisten ja vapaiden vaalien j\u00e4rjest\u00e4minen sodan aikana vaatisi Yhdysvalloilta ja Euroopan liittolaisilta apua.<\/p>\n<p class=\"article-body mb-nof-24 px-nof-16\">Jos vaalien turvallisuus voitaisiin taata, ne kyett\u00e4isiin j\u00e4rjest\u00e4m\u00e4\u00e4n presidentin mukaan seuraavien 60\u201390 vuorokauden aikana. Ukrainan parlamentin tulisi tehd\u00e4 tarvittavat lains\u00e4\u00e4d\u00e4nn\u00f6lliset toimenpiteet, jotta vaalien j\u00e4rjest\u00e4minen poikkeuslain aikana olisi mahdollista.<\/p>\n<p>Paavi: Euroopan t\u00e4ytyy olla mukana<\/p>\n<p class=\"article-body mb-nof-24 px-nof-16\">Paavi <a class=\"article-personlink\" href=\"https:\/\/www.hs.fi\/haku\/?query=Leo%20XIV\" rel=\"nofollow noopener\" target=\"_blank\">Leo XIV<\/a> per\u00e4\u00e4nkuulutti tiistaina dialogin jatkamista, jotta Ukrainassa voitaisiin saavuttaa oikeudenmukainen ja pysyv\u00e4 rauha.<\/p>\n<p class=\"article-body mb-nof-24 px-nof-16\">Lis\u00e4ksi h\u00e4n t\u00e4hdensi, ett\u00e4 Euroopalla tulee olla keskeinen rooli pyrkimyksiss\u00e4 p\u00e4\u00e4tt\u00e4\u00e4 sota ja varoitti, ett\u00e4 Euroopan sivuuttava rauhansuunnitelma ei ole realistinen.<\/p>\n<p class=\"article-body mb-nof-24 px-nof-16\">Reuters kertoo paavin korostaneen, ett\u00e4 sodan riehuessa Euroopassa mantereen tulee olla mukana turvatakuissa.<\/p>\n<p class=\"article-body mb-nof-24 px-nof-16\">\u201dKaikki eiv\u00e4t sit\u00e4 ymm\u00e4rr\u00e4\u201d, Reuters kertoo h\u00e4nen sanoneen ja vaatineen, ett\u00e4 eurooppalaisten maiden t\u00e4ytyy olla mukana jokaisissa keskusteluissa.<\/p>\n<p class=\"article-body mb-nof-24 px-nof-16\">Paavin kommentit voidaan n\u00e4hd\u00e4 nuhteluna Trumpin ajamalle rauhansuunnitelmalle, joka suosi Ven\u00e4j\u00e4\u00e4 ja j\u00e4tti Euroopan ulkopuolelle.<\/p>\n","protected":false},"excerpt":{"rendered":"T\u00e4m\u00e4 tiedet\u00e4\u00e4n|Presidentti Alexander Stubbin mukaan rauhansuunnitelman valmiiksi saamisessa ollaan nyt l\u00e4hemp\u00e4n\u00e4 kuin aiemmin sodan aikana. Ukrainan presidentti Volodymyr&hellip;\n","protected":false},"author":2,"featured_media":112346,"comment_status":"","ping_status":"","sticky":false,"template":"","format":"standard","meta":{"footnotes":""},"categories":[14],"tags":[22,23,26,27,33,31,30,17,46,24,25,28,29,15,18,21,32,19,20,56,16,59,60,61],"class_list":{"0":"post-112345","1":"post","2":"type-post","3":"status-publish","4":"format-standard","5":"has-post-thumbnail","7":"category-ulkomaat","8":"tag-breaking-news","9":"tag-breakingnews","10":"tag-featured-news","11":"tag-featurednews","12":"tag-fi","13":"tag-finland","14":"tag-finnish","15":"tag-headlines","16":"tag-helsingin-sanomat","17":"tag-latest-news","18":"tag-latestnews","19":"tag-main-news","20":"tag-mainnews","21":"tag-news","22":"tag-otsikot","23":"tag-paauutiset","24":"tag-suomi","25":"tag-top-stories","26":"tag-topstories","27":"tag-ulkomaat","28":"tag-uutiset","29":"tag-world","30":"tag-world-news","31":"tag-worldnews"},"share_on_mastodon":{"url":"https:\/\/pubeurope.com\/@fi\/115693242618121073","error":""},"_links":{"self":[{"href":"https:\/\/www.europesays.com\/fi\/wp-json\/wp\/v2\/posts\/112345","targetHints":{"allow":["GET"]}}],"collection":[{"href":"https:\/\/www.europesays.com\/fi\/wp-json\/wp\/v2\/posts"}],"about":[{"href":"https:\/\/www.europesays.com\/fi\/wp-json\/wp\/v2\/types\/post"}],"author":[{"embeddable":true,"href":"https:\/\/www.europesays.com\/fi\/wp-json\/wp\/v2\/users\/2"}],"replies":[{"embeddable":true,"href":"https:\/\/www.europesays.com\/fi\/wp-json\/wp\/v2\/comments?post=112345"}],"version-history":[{"count":0,"href":"https:\/\/www.europesays.com\/fi\/wp-json\/wp\/v2\/posts\/112345\/revisions"}],"wp:featuredmedia":[{"embeddable":true,"href":"https:\/\/www.europesays.com\/fi\/wp-json\/wp\/v2\/media\/112346"}],"wp:attachment":[{"href":"https:\/\/www.europesays.com\/fi\/wp-json\/wp\/v2\/media?parent=112345"}],"wp:term":[{"taxonomy":"category","embeddable":true,"href":"https:\/\/www.europesays.com\/fi\/wp-json\/wp\/v2\/categories?post=112345"},{"taxonomy":"post_tag","embeddable":true,"href":"https:\/\/www.europesays.com\/fi\/wp-json\/wp\/v2\/tags?post=112345"}],"curies":[{"name":"wp","href":"https:\/\/api.w.org\/{rel}","templated":true}]}}