{"id":112354,"date":"2025-12-10T04:12:07","date_gmt":"2025-12-10T04:12:07","guid":{"rendered":"https:\/\/www.europesays.com\/fi\/112354\/"},"modified":"2025-12-10T04:12:07","modified_gmt":"2025-12-10T04:12:07","slug":"ylakuluma-ketka-ovat-vastuussa-karppien-sukelluksesta","status":"publish","type":"post","link":"https:\/\/www.europesays.com\/fi\/112354\/","title":{"rendered":"Yl\u00e4kuluma: Ketk\u00e4 ovat vastuussa K\u00e4rppien sukelluksesta?"},"content":{"rendered":"<p>\n      Jutun lopusta voit kuunnella jakson Kalevan omalla soittimella.\n    <\/p>\n<p>\n      Kalevan j\u00e4\u00e4kiekkopodcastin Yl\u00e4kuluman uusimmassa jaksossa Joonas Hentil\u00e4, Janne Onnela ja Miska Peltoniemi ottavat k\u00e4sittelyyn J\u00e4\u00e4kiekon SM-liiga Oy:n taannoisen yhti\u00f6kokouksen ja K\u00e4rppien jatkuvan taaperruksen syyt.\n    <\/p>\n<p class=\"article__paragraph\">\n      Liiga teki pari viikkoa sitten suuria linjauksia tulevaisuudestaan, kun syksyst\u00e4 2027 eteenp\u00e4in sarjassa pelaa v\u00e4hemm\u00e4n joukkueita, rahanjakoa muokattiin suurseuroja suosivaksi ja Jokerit palaa p\u00e4\u00e4sarjaan ensi vuonna.\n    <\/p>\n<p class=\"article__paragraph\">\n      K\u00e4rppien alakulon syit\u00e4 pohtiessa k\u00e4yd\u00e4\u00e4n l\u00e4pi, millainen vastuu vallitsevasta tilanteesta on pelaajilla, valmentajilla, urheilujohdolla ja seurajohdolla.\n    <\/p>\n<p class=\"article__paragraph\">\n      \u2013\u202fOnko urheilu oikeasti keski\u00f6ss\u00e4 K\u00e4rppien konsernissa? Peltoniemi kysyy.\n    <\/p>\n<p>      Valitettavasti selaimesi ei tue natiivia audio-elementti\u00e4.<\/p>\n<p>Yl\u00e4kuluma, jakso 8<\/p>\n<p>Tekij\u00e4: Joonas Hentil\u00e4<\/p>\n","protected":false},"excerpt":{"rendered":"Jutun lopusta voit kuunnella jakson Kalevan omalla soittimella. Kalevan j\u00e4\u00e4kiekkopodcastin Yl\u00e4kuluman uusimmassa jaksossa Joonas Hentil\u00e4, Janne Onnela ja&hellip;\n","protected":false},"author":2,"featured_media":112355,"comment_status":"","ping_status":"","sticky":false,"template":"","format":"standard","meta":{"footnotes":""},"categories":[158],"tags":[33,31,30,159,32,160],"class_list":{"0":"post-112354","1":"post","2":"type-post","3":"status-publish","4":"format-standard","5":"has-post-thumbnail","7":"category-urheilu","8":"tag-fi","9":"tag-finland","10":"tag-finnish","11":"tag-sports","12":"tag-suomi","13":"tag-urheilu"},"share_on_mastodon":{"url":"https:\/\/pubeurope.com\/@fi\/115693325378836333","error":""},"_links":{"self":[{"href":"https:\/\/www.europesays.com\/fi\/wp-json\/wp\/v2\/posts\/112354","targetHints":{"allow":["GET"]}}],"collection":[{"href":"https:\/\/www.europesays.com\/fi\/wp-json\/wp\/v2\/posts"}],"about":[{"href":"https:\/\/www.europesays.com\/fi\/wp-json\/wp\/v2\/types\/post"}],"author":[{"embeddable":true,"href":"https:\/\/www.europesays.com\/fi\/wp-json\/wp\/v2\/users\/2"}],"replies":[{"embeddable":true,"href":"https:\/\/www.europesays.com\/fi\/wp-json\/wp\/v2\/comments?post=112354"}],"version-history":[{"count":0,"href":"https:\/\/www.europesays.com\/fi\/wp-json\/wp\/v2\/posts\/112354\/revisions"}],"wp:featuredmedia":[{"embeddable":true,"href":"https:\/\/www.europesays.com\/fi\/wp-json\/wp\/v2\/media\/112355"}],"wp:attachment":[{"href":"https:\/\/www.europesays.com\/fi\/wp-json\/wp\/v2\/media?parent=112354"}],"wp:term":[{"taxonomy":"category","embeddable":true,"href":"https:\/\/www.europesays.com\/fi\/wp-json\/wp\/v2\/categories?post=112354"},{"taxonomy":"post_tag","embeddable":true,"href":"https:\/\/www.europesays.com\/fi\/wp-json\/wp\/v2\/tags?post=112354"}],"curies":[{"name":"wp","href":"https:\/\/api.w.org\/{rel}","templated":true}]}}