{"id":112360,"date":"2025-12-10T04:16:08","date_gmt":"2025-12-10T04:16:08","guid":{"rendered":"https:\/\/www.europesays.com\/fi\/112360\/"},"modified":"2025-12-10T04:16:08","modified_gmt":"2025-12-10T04:16:08","slug":"upmn-suuri-muutos-vahemman-valmiita-tuotteita-ja-enemman-materiaaleja-muiden-jalostettavaksi-maaseudun-tulevaisuus","status":"publish","type":"post","link":"https:\/\/www.europesays.com\/fi\/112360\/","title":{"rendered":"UPM:n suuri muutos \u2013v\u00e4hemm\u00e4n valmiita tuotteita ja enemm\u00e4n materiaaleja muiden jalostettavaksi &#8211; Maaseudun Tulevaisuus"},"content":{"rendered":"<ol>\n<li><a href=\"https:\/\/news.google.com\/rss\/articles\/CBMihAFBVV95cUxNaWF2Ny12NzFXQTRGd01JODJSRWgxWXdXcW5MOVRlaUV6REJVVXhCbXA5VFowMGJzZDFjZUZXc0xCS0xHNmE1N1k0eHBfb3VPcExURVEzZUxBOFVZVmRNclF4OG9qZkVxbTRSUlRRZ09PWnFzUGhFbTFZSFE5MkhxblEyb3Q?oc=5\" target=\"_blank\" rel=\"nofollow noopener\">UPM:n suuri muutos \u2013v\u00e4hemm\u00e4n valmiita tuotteita ja enemm\u00e4n materiaaleja muiden jalostettavaksi<\/a>&nbsp;&nbsp;Maaseudun Tulevaisuus<\/li>\n<li><a href=\"https:\/\/news.google.com\/rss\/articles\/CBMifkFVX3lxTE1ZdXpnQjVwUUtoUmZWNWtaa2JfaklDRGJKRmUwRXFMQ0VzNWdkd0FmdTBmWFdsbUFNLXdKQjJMLU1JTXJxdjFQY2sxMlpraFBLUl9YbHZQZVhXVl9vSTdwLTBobk15ajJjZUdFUVhMQmtvbjRVX0xHRTJ2WktFdw?oc=5\" target=\"_blank\" rel=\"nofollow noopener\">Analyysi \/ Mets\u00e4j\u00e4tti muuttaa suuntaa \u2013 UPM:n avaukseen on selv\u00e4t syyt<\/a>&nbsp;&nbsp;Kauppalehti<\/li>\n<li><a href=\"https:\/\/news.google.com\/rss\/articles\/CBMiekFVX3lxTE53YVVnSU10WVVfY1o4bUJuUjBkeTVzUXpJYXhTcUlTTng2TmhISnU5QzRaaVVDLU51Q3kwMU1pMXp1VFZKSmFKNzBxV1NSdUhuTVlXLTk2SkNhSnRjdVZKN1k1RVhkNEpHbVdDRi1YWEJyYllNRHFKaTNR?oc=5\" target=\"_blank\" rel=\"nofollow noopener\">Mit\u00e4 Suomen paperiteollisuudessa oikein tapahtuu? \u201dEnnusmerkit eiv\u00e4t kauhean pitk\u00e4\u00e4 tulevaisuutta lupaa\u201d<\/a>&nbsp;&nbsp;Iltalehti<\/li>\n<li><a href=\"https:\/\/news.google.com\/rss\/articles\/CBMiQkFVX3lxTFAta1F6YURTYnh5RUlxODhtZFgzd0E4WktSbzQySVJSNm1sSFZ0VW84YkpsUnVEeVM0OFloVDJrTHZxdw?oc=5\" target=\"_blank\" rel=\"nofollow noopener\">UPM ja etel\u00e4afrikkalainen mets\u00e4yhti\u00f6 perustamassa yhteisyrityst\u00e4 \u2013 analyytikko: Historiallinen muutos<\/a>&nbsp;&nbsp;Yle<\/li>\n<li><a href=\"https:\/\/news.google.com\/rss\/articles\/CBMibkFVX3lxTE1NM21VY0hHVXlDNkxfbmg0SzNWR3IxSGl0bUszRXlNUE1mLVlTUHpiME1zWW9lN1dzckNRTEFwZzJ1WlNOMW9KN2dlcG9GWlNGZmF2Y0RDZmh1UmR0VVhHcVJPSmkzYzMxUUthN1Bn?oc=5\" target=\"_blank\" rel=\"nofollow noopener\">P\u00e4\u00e4kirjoitus | UPM:n suunnitelma yhteisyrityksest\u00e4 tuo pilvi\u00e4 Kymin ylle<\/a>&nbsp;&nbsp;Kouvolan Sanomat<\/li>\n<\/ol>\n","protected":false},"excerpt":{"rendered":"UPM:n suuri muutos \u2013v\u00e4hemm\u00e4n valmiita tuotteita ja enemm\u00e4n materiaaleja muiden jalostettavaksi&nbsp;&nbsp;Maaseudun Tulevaisuus Analyysi \/ Mets\u00e4j\u00e4tti muuttaa suuntaa \u2013&hellip;\n","protected":false},"author":2,"featured_media":112361,"comment_status":"","ping_status":"","sticky":false,"template":"","format":"standard","meta":{"footnotes":""},"categories":[76],"tags":[79,77,33,31,30,32,78],"class_list":{"0":"post-112360","1":"post","2":"type-post","3":"status-publish","4":"format-standard","5":"has-post-thumbnail","7":"category-talous","8":"tag-business","9":"tag-economy","10":"tag-fi","11":"tag-finland","12":"tag-finnish","13":"tag-suomi","14":"tag-talous"},"share_on_mastodon":{"url":"https:\/\/pubeurope.com\/@fi\/115693340821889508","error":""},"_links":{"self":[{"href":"https:\/\/www.europesays.com\/fi\/wp-json\/wp\/v2\/posts\/112360","targetHints":{"allow":["GET"]}}],"collection":[{"href":"https:\/\/www.europesays.com\/fi\/wp-json\/wp\/v2\/posts"}],"about":[{"href":"https:\/\/www.europesays.com\/fi\/wp-json\/wp\/v2\/types\/post"}],"author":[{"embeddable":true,"href":"https:\/\/www.europesays.com\/fi\/wp-json\/wp\/v2\/users\/2"}],"replies":[{"embeddable":true,"href":"https:\/\/www.europesays.com\/fi\/wp-json\/wp\/v2\/comments?post=112360"}],"version-history":[{"count":0,"href":"https:\/\/www.europesays.com\/fi\/wp-json\/wp\/v2\/posts\/112360\/revisions"}],"wp:featuredmedia":[{"embeddable":true,"href":"https:\/\/www.europesays.com\/fi\/wp-json\/wp\/v2\/media\/112361"}],"wp:attachment":[{"href":"https:\/\/www.europesays.com\/fi\/wp-json\/wp\/v2\/media?parent=112360"}],"wp:term":[{"taxonomy":"category","embeddable":true,"href":"https:\/\/www.europesays.com\/fi\/wp-json\/wp\/v2\/categories?post=112360"},{"taxonomy":"post_tag","embeddable":true,"href":"https:\/\/www.europesays.com\/fi\/wp-json\/wp\/v2\/tags?post=112360"}],"curies":[{"name":"wp","href":"https:\/\/api.w.org\/{rel}","templated":true}]}}