{"id":112380,"date":"2025-12-10T04:44:08","date_gmt":"2025-12-10T04:44:08","guid":{"rendered":"https:\/\/www.europesays.com\/fi\/112380\/"},"modified":"2025-12-10T04:44:08","modified_gmt":"2025-12-10T04:44:08","slug":"nama-kaikki-orpon-hallituksen-paatokset-menisivat-romukoppaan","status":"publish","type":"post","link":"https:\/\/www.europesays.com\/fi\/112380\/","title":{"rendered":"N\u00e4m\u00e4 kaikki Orpon hallituksen p\u00e4\u00e4t\u00f6kset menisiv\u00e4t romukoppaan"},"content":{"rendered":"<p>Iltalehden kyselyn perusteella SDP:n keskeiset vaikuttajat haluavat peruuttaa sek\u00e4 ty\u00f6markkinauudistuksia ett\u00e4 sosiaaliturvan leikkauksia.<\/p>\n<p><img decoding=\"async\" class=\"image image-show image-preview\" src=\"https:\/\/www.europesays.com\/fi\/wp-content\/uploads\/2025\/11\/fb781df09ea571b4e83309bfde3d9f07139350fda1fdc04cf019481b1f6d1703.jpg\" alt=\"\"\/><img decoding=\"async\" class=\"image image-show\" src=\"https:\/\/www.europesays.com\/fi\/wp-content\/uploads\/2025\/11\/1763531350_789_fb781df09ea571b4e83309bfde3d9f07139350fda1fdc04cf019481b1f6d1703.jpg\" alt=\"\"\/><\/p>\n<p>SDP:n puheenjohtaja Antti Lindtmanin joukoissa on kovaa halua perua Orpon hallituksen tekemi\u00e4 p\u00e4\u00e4t\u00f6ksi\u00e4. MATTI MATIKAINEN<\/p>\n<p class=\"paragraph\">P\u00e4\u00e4ministeri <strong>Petteri Orpon<\/strong> (kok) hallituksen tekem\u00e4t sosiaaliturvan leikkaukset ja ty\u00f6markkinauudistukset her\u00e4tt\u00e4v\u00e4t kritiikki\u00e4 SDP:n puoluevaikuttajien keskuudessa. Puolueessa on kovia haluja l\u00e4hte\u00e4 peruuttamaan t\u00e4ll\u00e4 hallituskaudella tehtyj\u00e4 p\u00e4\u00e4t\u00f6ksi\u00e4.<\/p>\n<p class=\"paragraph\">\u2013\u2009Orpon hallituksen ihmisvihamielinen politiikka on suurin suomalaisten pahoinvointia lis\u00e4\u00e4v\u00e4 ja toimeentuloa heikent\u00e4v\u00e4 tekij\u00e4. Koulutuksen edellytysten runnominen, ty\u00f6el\u00e4m\u00e4n ep\u00e4oikeudenmukaistaminen, sotepalvelujen rahoituksen tuhoaminen ja luokkajaon vahvistaminen suurituloisten verohelpotuksilla tuottavat mittavaa, pitk\u00e4aikaista vahinkoa Suomelle,  yksi SDP:n vaikuttajista arvioi.<\/p>\n<p class=\"paragraph\">\u2013\u2009Orpon-Purran pahan akseli edustaa itsek\u00e4st\u00e4, n\u00e4k\u00f6alatonta ja syy-seuraussuhteita ymm\u00e4rt\u00e4m\u00e4t\u00f6nt\u00e4 p\u00e4\u00e4t\u00f6ksentekoa. Globaalin j\u00e4rjestyksen heiluessa meid\u00e4n on turvattava vakauden perusedellytykset kotimaassa.<\/p>\n<p class=\"paragraph\">T\u00e4ll \u00e4 hallituskaudella on tehty lukuisia heikennyksi\u00e4 sosiaaliturvaan. Muun muassa ty\u00f6tt\u00f6myysturvaa ja asumistukea on leikattu ja suojaosia on poistettu. My\u00f6s ansioturvan omavastuu aikaa on pidennetty ja ty\u00f6tt\u00f6myysturvan lapsikorotukset on poistettu.<\/p>\n<p class=\"paragraph\">SDP on aiemmin luvannut muun muassa palauttaa suojaosia.<\/p>\n<p class=\"paragraph\">Iltalehti esitti puoluevaikuttajille seuraavan v\u00e4itteen, johon he saivat vastata asteikolla t\u00e4ysin samaa mielt\u00e4 \u2013\u2009t\u00e4ysin eri mielt\u00e4: \u201dJos SDP on seuraavassa hallituksessa, puolueen tulisi peruuttaa kaikki Orpon hallituksen sosiaaliturvaan kohdistumat leikkaukset.\u201d<\/p>\n<p class=\"paragraph\">V\u00e4itteen kanssa oli samaa mielt\u00e4 62,8 prosenttia vastaajista. Eri mielt\u00e4 oli 33,4 prosenttia.<\/p>\n<p>Ty\u00f6markkinauudistusten peruutukselle kannatusta<\/p>\n<p class=\"paragraph\">P\u00e4\u00e4ministeri Orpon hallitus on tehnyt hallituskaudella lukuisia ty\u00f6markkinauudistuksia. Hallitus on muun muassa kevent\u00e4nyt yt-menettely\u00e4, rajannut lakko-oikeutta ja tuonut voimaan niin sanotun vientimallin, jossa valtakunnansovittelijan toimintaa muutettiin.<\/p>\n<p class=\"paragraph\">Kyselyss\u00e4 SDP:n v\u00e4elle esitettiin v\u00e4ite: \u201dJos SDP on seuraavassa hallituksessa, puolueen tulisi peruuttaa kaikki Orpon hallituksen tekem\u00e4t ty\u00f6markkinauudistukset.\u201d<\/p>\n<p class=\"paragraph\">My\u00f6s t\u00e4m\u00e4 sai vankkaa kannatusta. Samaa mielt\u00e4 asiasta oli jopa 78 prosenttia vastaajista. Eri mielt\u00e4 oli vain 20 prosenttia vastaajista. Osa vastaajista katsoi, ett\u00e4 kaikkia uudistuksia ei voi peruuttaa, mutta jotain paikkaamista voisi tehd\u00e4.<\/p>\n<p class=\"paragraph\">\u2013\u2009T\u00e4m\u00e4n hetkisen hallituksen tekemi\u00e4 heikennyksi\u00e4 on vaikea suoraan peruuttaa, emme voi tehd\u00e4 u-k\u00e4\u00e4nn\u00f6st\u00e4 jokaisella hallituskaudella. Esimerkiksi aikuiskoulutustuki on saatava takaisin, mutta se ei tarkoita ett\u00e4 p\u00e4\u00e4t\u00f6ksi\u00e4 tulee perua, vaan ett\u00e4 tulee tehd\u00e4 uusi malli, arvioi er\u00e4s SDP:n vaikuttaja.<\/p>\n<p class=\"paragraph\">\u2013\u2009Sosiaaliturvan ja niin sanotut ty\u00f6markkinauudistukset ovat tuskin kaikki t\u00e4ysin peruttavissa, mutta ty\u00f6markkinauudistuksia tulee tehd\u00e4, esimerkiksi palkkavarkaus tulee kriminalisoida, ammattiliittojen kanneoikeus on saatava, kirjoittaa puolestaan SDP:n puoluevaltuuston j\u00e4sen <strong>Juha Jaatinen<\/strong>.<\/p>\n<p class=\"paragraph\">IL-kyselyn vastaajat ovat SDP:n puoluehallituksen, puoluevaltuuston, piirihallitusten ja paikallisyhdistysten hallitusten j\u00e4seni\u00e4 sek\u00e4 kansanedustajia.<\/p>\n<p class=\"paragraph\">Kyselyyn vastasi 104 vaikuttajaa. Moni vastaajista k\u00e4ytt\u00e4\u00e4 valtaa my\u00f6s SDP:n puoluekokouksessa. Vastausprosentti asettui 38:een.<\/p>\n<p class=\"paragraph\">Kysely l\u00e4hetettiin 274 SDP:n vaikuttajalle.<\/p>\n","protected":false},"excerpt":{"rendered":"Iltalehden kyselyn perusteella SDP:n keskeiset vaikuttajat haluavat peruuttaa sek\u00e4 ty\u00f6markkinauudistuksia ett\u00e4 sosiaaliturvan leikkauksia. SDP:n puheenjohtaja Antti Lindtmanin joukoissa&hellip;\n","protected":false},"author":2,"featured_media":112381,"comment_status":"","ping_status":"","sticky":false,"template":"","format":"standard","meta":{"footnotes":""},"categories":[12],"tags":[35,22,23,26,27,33,31,30,17,24,25,28,29,15,18,21,637,886,888,885,887,32,19,20,16],"class_list":{"0":"post-112380","1":"post","2":"type-post","3":"status-publish","4":"format-standard","5":"has-post-thumbnail","7":"category-suomi","8":"tag-24h","9":"tag-breaking-news","10":"tag-breakingnews","11":"tag-featured-news","12":"tag-featurednews","13":"tag-fi","14":"tag-finland","15":"tag-finnish","16":"tag-headlines","17":"tag-latest-news","18":"tag-latestnews","19":"tag-main-news","20":"tag-mainnews","21":"tag-news","22":"tag-otsikot","23":"tag-paauutiset","24":"tag-politiikka","25":"tag-puolueet","26":"tag-suomalaiset-poliitikot","27":"tag-suomen-poliittiset-puolueet","28":"tag-suomen-politiikka","29":"tag-suomi","30":"tag-top-stories","31":"tag-topstories","32":"tag-uutiset"},"share_on_mastodon":{"url":"https:\/\/pubeurope.com\/@fi\/115693451050109675","error":""},"_links":{"self":[{"href":"https:\/\/www.europesays.com\/fi\/wp-json\/wp\/v2\/posts\/112380","targetHints":{"allow":["GET"]}}],"collection":[{"href":"https:\/\/www.europesays.com\/fi\/wp-json\/wp\/v2\/posts"}],"about":[{"href":"https:\/\/www.europesays.com\/fi\/wp-json\/wp\/v2\/types\/post"}],"author":[{"embeddable":true,"href":"https:\/\/www.europesays.com\/fi\/wp-json\/wp\/v2\/users\/2"}],"replies":[{"embeddable":true,"href":"https:\/\/www.europesays.com\/fi\/wp-json\/wp\/v2\/comments?post=112380"}],"version-history":[{"count":0,"href":"https:\/\/www.europesays.com\/fi\/wp-json\/wp\/v2\/posts\/112380\/revisions"}],"wp:featuredmedia":[{"embeddable":true,"href":"https:\/\/www.europesays.com\/fi\/wp-json\/wp\/v2\/media\/112381"}],"wp:attachment":[{"href":"https:\/\/www.europesays.com\/fi\/wp-json\/wp\/v2\/media?parent=112380"}],"wp:term":[{"taxonomy":"category","embeddable":true,"href":"https:\/\/www.europesays.com\/fi\/wp-json\/wp\/v2\/categories?post=112380"},{"taxonomy":"post_tag","embeddable":true,"href":"https:\/\/www.europesays.com\/fi\/wp-json\/wp\/v2\/tags?post=112380"}],"curies":[{"name":"wp","href":"https:\/\/api.w.org\/{rel}","templated":true}]}}