{"id":112469,"date":"2025-12-10T06:48:07","date_gmt":"2025-12-10T06:48:07","guid":{"rendered":"https:\/\/www.europesays.com\/fi\/112469\/"},"modified":"2025-12-10T06:48:07","modified_gmt":"2025-12-10T06:48:07","slug":"kalle-rovanpera-ajoi-ensi-kertaa-super-formula-autoa-japanissa","status":"publish","type":"post","link":"https:\/\/www.europesays.com\/fi\/112469\/","title":{"rendered":"Kalle Rovanper\u00e4 ajoi ensi kertaa Super Formula -autoa Japanissa"},"content":{"rendered":"<p><strong class=\"typography-bold\">Kalle Rovanper\u00e4 on testannut ensi kertaa Super Formula -autoa Japanissa.<\/strong><\/p>\n<p>MM-rallin hyv\u00e4stellyt Rovanper\u00e4, 25, hy\u00f6kk\u00e4\u00e4 ensi vuonna formulahaasteen kimppuun. P\u00e4\u00e4paino on Japanin Super Formula -sarjassa, joka starttaa huhtikuussa.<\/p>\n<p>Keskiviikkona Rovanper\u00e4 sai ensipuraisun Super Formula -autoista. Suomalaist\u00e4hti jakoi tunnelmia ja ajovideoita testeist\u00e4 <a class=\"underline\" data-testid=\"external-link\" href=\"https:\/\/www.instagram.com\/stories\/kallerovanpera\/?hl=fi\" rel=\"noopener noreferrer nofollow\" target=\"_blank\" data-sentry-component=\"ExternalLink\" data-sentry-source-file=\"ExternalLink.tsx\">Instagramin Tarinat-osiossaan<\/a>, josta julkaisut poistuvat vuorokaudessa. Testi ajettiin F1-sarjastakin tutulla Suzukan klassikkoradalla. Paikalla oli my\u00f6s Rovanper\u00e4n faneja.\u00a0<\/p>\n<p><strong class=\"typography-bold\">Lue my\u00f6s: <\/strong><a class=\"underline\" data-testid=\"internal-link\" role=\"link\" data-sentry-element=\"Link\" data-sentry-component=\"InternalLink\" data-sentry-source-file=\"InternalLink.tsx\" href=\"https:\/\/www.mtvuutiset.fi\/artikkeli\/kalle-rovanperalta-hienoja-sanoja-tarkeasta-ystavastaan-katsonut-jokaikisen-sekunnin\/9263080\" rel=\"nofollow noopener\" target=\"_blank\"><strong class=\"typography-bold\">Kalle Rovanper\u00e4lt\u00e4 hienoja sanoja t\u00e4rke\u00e4st\u00e4 yst\u00e4v\u00e4st\u00e4\u00e4n: &#8221;Katsonut jokaikisen sekunnin&#8221;<\/strong><\/a><\/p>\n<p><a class=\"underline\" data-testid=\"internal-link\" role=\"link\" data-sentry-element=\"Link\" data-sentry-component=\"InternalLink\" data-sentry-source-file=\"InternalLink.tsx\" href=\"https:\/\/www.mtvuutiset.fi\/artikkeli\/kalle-rovanperalta-jattiuutinen-uusi-luku-alkaa-tasta\/9264022\" rel=\"nofollow noopener\" target=\"_blank\">Rovanper\u00e4n formulakausi k\u00e4ynnistyy jo tammikuussa<\/a>, kun h\u00e4n ottaa osaa Uudessa-Seelannissa ajettavaan formulasarjaan, joka kantaa nime\u00e4 Castrol Toyota Formula Regional Oceania Trophy. Sarja k\u00e4sitt\u00e4\u00e4 nelj\u00e4 kisaa per\u00e4kk\u00e4isin\u00e4 viikonloppuina.\u00a0<\/p>\n<p><script async src=\"\/\/www.instagram.com\/embed.js\"><\/script><\/p>\n","protected":false},"excerpt":{"rendered":"Kalle Rovanper\u00e4 on testannut ensi kertaa Super Formula -autoa Japanissa. MM-rallin hyv\u00e4stellyt Rovanper\u00e4, 25, hy\u00f6kk\u00e4\u00e4 ensi vuonna formulahaasteen&hellip;\n","protected":false},"author":2,"featured_media":112470,"comment_status":"","ping_status":"","sticky":false,"template":"","format":"standard","meta":{"footnotes":""},"categories":[158],"tags":[33,31,30,159,32,160],"class_list":{"0":"post-112469","1":"post","2":"type-post","3":"status-publish","4":"format-standard","5":"has-post-thumbnail","7":"category-urheilu","8":"tag-fi","9":"tag-finland","10":"tag-finnish","11":"tag-sports","12":"tag-suomi","13":"tag-urheilu"},"share_on_mastodon":{"url":"https:\/\/pubeurope.com\/@fi\/115693938643373482","error":""},"_links":{"self":[{"href":"https:\/\/www.europesays.com\/fi\/wp-json\/wp\/v2\/posts\/112469","targetHints":{"allow":["GET"]}}],"collection":[{"href":"https:\/\/www.europesays.com\/fi\/wp-json\/wp\/v2\/posts"}],"about":[{"href":"https:\/\/www.europesays.com\/fi\/wp-json\/wp\/v2\/types\/post"}],"author":[{"embeddable":true,"href":"https:\/\/www.europesays.com\/fi\/wp-json\/wp\/v2\/users\/2"}],"replies":[{"embeddable":true,"href":"https:\/\/www.europesays.com\/fi\/wp-json\/wp\/v2\/comments?post=112469"}],"version-history":[{"count":0,"href":"https:\/\/www.europesays.com\/fi\/wp-json\/wp\/v2\/posts\/112469\/revisions"}],"wp:featuredmedia":[{"embeddable":true,"href":"https:\/\/www.europesays.com\/fi\/wp-json\/wp\/v2\/media\/112470"}],"wp:attachment":[{"href":"https:\/\/www.europesays.com\/fi\/wp-json\/wp\/v2\/media?parent=112469"}],"wp:term":[{"taxonomy":"category","embeddable":true,"href":"https:\/\/www.europesays.com\/fi\/wp-json\/wp\/v2\/categories?post=112469"},{"taxonomy":"post_tag","embeddable":true,"href":"https:\/\/www.europesays.com\/fi\/wp-json\/wp\/v2\/tags?post=112469"}],"curies":[{"name":"wp","href":"https:\/\/api.w.org\/{rel}","templated":true}]}}