{"id":112500,"date":"2025-12-10T07:33:11","date_gmt":"2025-12-10T07:33:11","guid":{"rendered":"https:\/\/www.europesays.com\/fi\/112500\/"},"modified":"2025-12-10T07:33:11","modified_gmt":"2025-12-10T07:33:11","slug":"syopaa-sairastava-pate-mustajarvi-myy-kotiaan-katso-kuvat","status":"publish","type":"post","link":"https:\/\/www.europesays.com\/fi\/112500\/","title":{"rendered":"Sy\u00f6p\u00e4\u00e4 sairastava Pate Mustaj\u00e4rvi myy kotiaan \u2013 Katso kuvat"},"content":{"rendered":"<p>Pate Mustaj\u00e4rven Tampereen-koti on myynniss\u00e4.<\/p>\n<p><img decoding=\"async\" class=\"image image-show image-preview\" src=\"https:\/\/www.europesays.com\/fi\/wp-content\/uploads\/2025\/10\/4aba445c0949e9a6f681536fcda0e63214eae10730c2a30081fa8e56ab70f0f2.jpg\" alt=\"\"\/><img decoding=\"async\" class=\"image image-show\" src=\"https:\/\/www.europesays.com\/fi\/wp-content\/uploads\/2025\/10\/1760602209_877_4aba445c0949e9a6f681536fcda0e63214eae10730c2a30081fa8e56ab70f0f2.jpg\" alt=\"\"\/><\/p>\n<p>Pate Mustaj\u00e4rvi vahvisti marraskuussa sairastavansa sy\u00f6p\u00e4\u00e4. Henri K\u00e4rkk\u00e4inen<\/p>\n<p class=\"paragraph\">Muusikko <strong>Pate Mustaj\u00e4rvi<\/strong>, 69, myy Tampereen-kotiaan. Asunto on myynniss\u00e4 <a href=\"https:\/\/www.etuovi.com\/kohde\/609380?utm_source=iltalehti.fi&amp;utm_campaign=article-syopaa-sairastava-pate-mustajarvi-myy-kotiaan-katso-kuvat&amp;utm_medium=almainternal\" target=\"_blank\" rel=\"noopener nofollow\">Etuovi.com<\/a>-sivustolla hintaan 229 000 euroa.<\/p>\n<p class=\"paragraph\">149 neli\u00f6isest\u00e4 asunnosta l\u00f6ytyy muun muassa avara olohuone, kaksi makuuhuonetta, kellarikerros, iso ullakkotila, kaksi ilmal\u00e4mp\u00f6pumppua ja lukunurkkaus. Lis\u00e4ksi tontilla on iso autotallirakennus.<\/p>\n<p>Pate Mustaj\u00e4rven Tampereen-koti on rakennettu vuonna  Etuovi.com\/OP koti<\/p>\n<p class=\"paragraph\">Keitti\u00f6ss\u00e4 on mustat alatasot ja punaiset yl\u00e4kaapit. Kellarikerroksessa on muun muassa saunatila, pukuhuone, kodinhoitohuone ja eteistila, josta p\u00e4\u00e4see piha-alueelle.<\/p>\n<p class=\"paragraph\">Mustaj\u00e4rvelt\u00e4 l\u00f6ytyi lokakuussa kasvain. Samalla peruttiin kaikki Mustaj\u00e4rven tulevat keikat. Mustaj\u00e4rvi kertoi marraskuussa Instagram-julkaisussaan, ett\u00e4 kyse on <a href=\"https:\/\/www.iltalehti.fi\/viihdeuutiset\/8209d863-6b95-4f1f-8094-a9c8d90872fa\" rel=\"nofollow noopener\" target=\"_blank\">sy\u00f6v\u00e4st\u00e4<\/a>.<\/p>\n<p class=\"paragraph\">\u2013 Sy\u00f6v\u00e4n perkele heitti pienen kierrepallon keikkasuunnitelmiin, mutta t\u00e4ss\u00e4 sairauslomalla ollessa on hyvin aikaa kirjoittaa, Mustaj\u00e4rvi totesi.<\/p>\n<p class=\"paragraph\">Mustaj\u00e4rvi viittasi kirjoittamisella el\u00e4m\u00e4kertaansa. Mustaj\u00e4rven ja h\u00e4nen puolisonsa <strong>Tina Finnin<\/strong> kirjoittama Testamentti-el\u00e4m\u00e4kerta (Docendo) ilmestyy ensi kes\u00e4kuussa.<\/p>\n<p>Asunnon yhest\u00e4 huoneesta on tehty kirjoitus- ja ty\u00f6huone. Etuovi.com\/OP koti<\/p>\n<p>Aulassa on aksenttisein\u00e4. Etuovi.com\/OP koti<\/p>\n<p>Keitti\u00f6n yl\u00e4kaapit ovat punaiset. Etuovi.com\/OP koti<\/p>\n<p>Asunnosta l\u00f6ytyy my\u00f6s avara olohuone. Etuovi.com\/OP koti<\/p>\n<p>Puisilla portailla p\u00e4\u00e4see yl\u00e4kertaan. Etuovi.com\/OP koti<\/p>\n<p>Asunnossa on iso ullakkotila. Etuovi.com\/OP koti<\/p>\n<p>Ullakkotilaan on laitettu paris\u00e4nky. Etuovi.com\/OP koti<\/p>\n<p>Kellarikerroksessa on lis\u00e4\u00e4 huoneita. Etuovi.com\/OP koti<\/p>\n<p>Yhden huoneen sein\u00e4t ovat kokonaan puusta. Etuovi.com\/OP koti<\/p>\n<p class=\"paragraph\">Iltalehti ja Etuovi.com kuuluvat samaan Alma Media- konserniin.<\/p>\n","protected":false},"excerpt":{"rendered":"Pate Mustaj\u00e4rven Tampereen-koti on myynniss\u00e4. Pate Mustaj\u00e4rvi vahvisti marraskuussa sairastavansa sy\u00f6p\u00e4\u00e4. Henri K\u00e4rkk\u00e4inen Muusikko Pate Mustaj\u00e4rvi, 69, myy&hellip;\n","protected":false},"author":2,"featured_media":112501,"comment_status":"","ping_status":"","sticky":false,"template":"","format":"standard","meta":{"footnotes":""},"categories":[136],"tags":[35,36,138,407,137,33,31,30,408,543,47,141,32,109],"class_list":{"0":"post-112500","1":"post","2":"type-post","3":"status-publish","4":"format-standard","5":"has-post-thumbnail","7":"category-julkkikset","8":"tag-24h","9":"tag-asuintalot-ja-asunnot","10":"tag-audio","11":"tag-celebrities","12":"tag-entertainment","13":"tag-fi","14":"tag-finland","15":"tag-finnish","16":"tag-julkkikset","17":"tag-koti-ja-asuminen","18":"tag-musiikki","19":"tag-muusikot-bandit","20":"tag-suomi","21":"tag-viihde"},"share_on_mastodon":{"url":"https:\/\/pubeurope.com\/@fi\/115694115771764915","error":""},"_links":{"self":[{"href":"https:\/\/www.europesays.com\/fi\/wp-json\/wp\/v2\/posts\/112500","targetHints":{"allow":["GET"]}}],"collection":[{"href":"https:\/\/www.europesays.com\/fi\/wp-json\/wp\/v2\/posts"}],"about":[{"href":"https:\/\/www.europesays.com\/fi\/wp-json\/wp\/v2\/types\/post"}],"author":[{"embeddable":true,"href":"https:\/\/www.europesays.com\/fi\/wp-json\/wp\/v2\/users\/2"}],"replies":[{"embeddable":true,"href":"https:\/\/www.europesays.com\/fi\/wp-json\/wp\/v2\/comments?post=112500"}],"version-history":[{"count":0,"href":"https:\/\/www.europesays.com\/fi\/wp-json\/wp\/v2\/posts\/112500\/revisions"}],"wp:featuredmedia":[{"embeddable":true,"href":"https:\/\/www.europesays.com\/fi\/wp-json\/wp\/v2\/media\/112501"}],"wp:attachment":[{"href":"https:\/\/www.europesays.com\/fi\/wp-json\/wp\/v2\/media?parent=112500"}],"wp:term":[{"taxonomy":"category","embeddable":true,"href":"https:\/\/www.europesays.com\/fi\/wp-json\/wp\/v2\/categories?post=112500"},{"taxonomy":"post_tag","embeddable":true,"href":"https:\/\/www.europesays.com\/fi\/wp-json\/wp\/v2\/tags?post=112500"}],"curies":[{"name":"wp","href":"https:\/\/api.w.org\/{rel}","templated":true}]}}