{"id":112510,"date":"2025-12-10T07:46:12","date_gmt":"2025-12-10T07:46:12","guid":{"rendered":"https:\/\/www.europesays.com\/fi\/112510\/"},"modified":"2025-12-10T07:46:12","modified_gmt":"2025-12-10T07:46:12","slug":"nain-savonlinnan-epailty-perhesurmaaja-22-kayttaytyi","status":"publish","type":"post","link":"https:\/\/www.europesays.com\/fi\/112510\/","title":{"rendered":"N\u00e4in Savonlinnan ep\u00e4ilty perhesurmaaja, 22, k\u00e4ytt\u00e4ytyi"},"content":{"rendered":"<p>Poliisi ep\u00e4ilee 22-vuotiasta savonlinnalaista miest\u00e4 nelj\u00e4st\u00e4 taposta ja t\u00f6rke\u00e4st\u00e4 tuhoty\u00f6st\u00e4.<\/p>\n<p><img decoding=\"async\" class=\"image image-show image-preview\" src=\"https:\/\/www.europesays.com\/fi\/wp-content\/uploads\/2025\/12\/eeff4176ed4cee894bccebb621520c2e7f1bc6bd1c68c5be8c6f4cb6579ebcee.jpg\" alt=\"\"\/><img decoding=\"async\" class=\"image image-show\" src=\"https:\/\/www.europesays.com\/fi\/wp-content\/uploads\/2025\/12\/1765352769_570_eeff4176ed4cee894bccebb621520c2e7f1bc6bd1c68c5be8c6f4cb6579ebcee.jpg\" alt=\"\"\/><\/p>\n<p>Mies peitteli kasvojaan takillaan. hamid al-sammarraee<\/p>\n<p><a href=\"https:\/\/www.iltalehti.fi\/kirjoittajat\/Eevi Karvinen\" rel=\"nofollow noopener\" target=\"_blank\"><img decoding=\"async\" class=\"author-image-img\" alt=\"Tekij\u00e4n kuva\" src=\"https:\/\/www.europesays.com\/fi\/wp-content\/uploads\/2025\/11\/7b5c4ae1a58bb6e5c651235d5f74113dfe89fc326d25b2dc8743da22b808b858.png\"\/><\/a><a href=\"https:\/\/www.iltalehti.fi\/kirjoittajat\/Janne Niiranen\" rel=\"nofollow noopener\" target=\"_blank\"><img decoding=\"async\" class=\"author-image-img\" alt=\"Tekij\u00e4n kuva\" src=\"https:\/\/www.europesays.com\/fi\/wp-content\/uploads\/2025\/12\/ac3bf3b09f4da34b2072e01a650031415191bd9811df035031a0b557e67cafb5.png\"\/><\/a><\/p>\n<p>T\u00e4n\u00e4\u00e4n klo 8:57 (p\u00e4ivitetty klo 9:37)<\/p>\n<p class=\"paragraph\">Poliisi vaatii Savonlinnan perhesurmasta ep\u00e4ilty\u00e4 22-vuotiasta miest\u00e4 vangittavaksi. Etel\u00e4-Savon k\u00e4r\u00e4j\u00e4oikeus k\u00e4sittelee vangitsemisvaatimusta keskiviikkoaamuna.<\/p>\n<p class=\"paragraph\">Mies saapui paikan p\u00e4\u00e4lle oikeustalolle Mikkeliin poliisivartijoiden saattelemana.<\/p>\n<p class=\"paragraph\">Kun medialle my\u00f6nnettiin kuvauslupa, mies veti takkinsa kasvojensa suojaksi. H\u00e4n istui rauhallisena ja vaitonaisena paikallaan.<\/p>\n<p>Tapahtumapaikalla paloi sunnuntaina uhrien muistolle sytytettyj\u00e4 kynttil\u00f6it\u00e4. Juha Poutanen<\/p>\n<p class=\"paragraph\">Poliisi ep\u00e4ilee miest\u00e4 nelj\u00e4st\u00e4 taposta ja t\u00f6rke\u00e4st\u00e4 tuhoty\u00f6st\u00e4.<\/p>\n<p class=\"paragraph\">H\u00e4nen kolme lastaan ja lasten \u00e4iti kuolivat omakotitalon tulipalossa Savonlinnan Kerim\u00e4ell\u00e4 sijaitsevalla Louhen kyl\u00e4ll\u00e4 itsen\u00e4isyysp\u00e4iv\u00e4n aamuna.<\/p>\n<p class=\"paragraph\">Nuorin lapsista oli vain vuoden ik\u00e4inen ja kaksi vanhempaa kolmevuotiaita. \u00c4iti oli 20-vuotias.<\/p>\n<p class=\"paragraph\">Poliisin ep\u00e4ilyn mukaan mies sytytti tulipalon tahallaan.<\/p>\n<p>Puhui h\u00e4t\u00e4puhelussa<\/p>\n<p>Itsen\u00e4isyysp\u00e4iv\u00e4n aamun tulipalossa kuoli 20-vuotias \u00e4iti sek\u00e4 kolme 1\u20133-vuotiasta lasta. Juha Poutanen<\/p>\n<p class=\"paragraph\">L\u00e4hist\u00f6n asukkaat kertoivat Iltalehdelle lauantaina 6. joulukuuta, ett\u00e4 palopaikalta oli kuulunut aamulla naisen ja miehen huutoa.<\/p>\n<p class=\"paragraph\">Poliisi ei ottanut sunnuntaina kantaa siihen, kuka paikalla oli huutanut tai oliko omakotitalolla muita kuin tulipalossa kuolleet \u00e4iti ja lapset.<\/p>\n<p class=\"paragraph\">Naapurit ilmoittivat tulipalosta h\u00e4t\u00e4keskukseen. Perhesurmasta ep\u00e4ilty mies osallistui yhteen puheluun ja keskusteli h\u00e4t\u00e4keskusp\u00e4ivyst\u00e4j\u00e4n kanssa.<\/p>\n<p class=\"paragraph\">Mies otettiin kiinni my\u00f6hemmin. Tutkinnanjohtaja, rikoskomisario <strong>Teemu V\u00e4rtinen<\/strong> ei kertonut tiistaina, mist\u00e4 mies otettiin kiinni.<\/p>\n<p class=\"paragraph\"><a href=\"https:\/\/www.iltalehti.fi\/kotimaa\/036ae4f1-bddd-4886-969a-8af2143ac038\" rel=\"nofollow noopener\" target=\"_blank\">Mies on kiist\u00e4nyt<\/a> aiheuttaneensa tulipalon ja syyllistyneens\u00e4 rikokseen.<\/p>\n<p>Pahoinpiteli puolisoaan<\/p>\n<p>Miehen oman asunnon ovessa on j\u00e4lki\u00e4 murrosta. Oula Airiola<\/p>\n<p class=\"paragraph\">Miehell\u00e4 on nuoresta i\u00e4st\u00e4\u00e4n huolimatta <a href=\"https:\/\/www.iltalehti.fi\/kotimaa\/9f232a7d-bd42-4874-ab5b-8959cbdb2a14\" rel=\"nofollow noopener\" target=\"_blank\">runsaasti rikoshistoriaa<\/a>. H\u00e4net on muun muassa tuomittu puolisonsa pahoinpitelyist\u00e4 vuosina 2022\u20132023. Mies l\u00f6i naista ainakin kahdesti ja retuutti t\u00e4t\u00e4 autoon. Ensimm\u00e4isen pahoinpitelyn aikana nainen oli viimeisill\u00e4\u00e4n raskaana.<\/p>\n<p class=\"paragraph\">Miehelle tuomittiin kahdesta pahoinpitelyst\u00e4 ja liikennerikoksista sakkoja.<\/p>\n<p class=\"paragraph\">Vuonna 2019 h\u00e4n raiskasi 14-vuotiaan tyt\u00f6n. Kaksikko oli tutustunut yhteisten kavereiden kautta ja viestitellyt Snapchatissa. He tapasivat bussipys\u00e4kill\u00e4 Savonlinnassa ja suuntasivat laavulle, jossa rikos tapahtui.<\/p>\n<p class=\"paragraph\">Tapahtuma-aikaan 16-vuotias poika tuomittiin nuorena henkil\u00f6n\u00e4 tehdyst\u00e4 raiskauksesta ja t\u00f6rke\u00e4st\u00e4 lapsen seksuaalisesta hyv\u00e4ksik\u00e4yt\u00f6st\u00e4 vuodeksi ja viideksi kuukaudeksi ehdolliseen vankeuteen. Mielentilalausunnon mukaan h\u00e4n oli alentuneesti syyntakeinen.<\/p>\n<p class=\"paragraph\"><a href=\"https:\/\/www.iltalehti.fi\/kotimaa\/6707e297-7bcd-4d7d-8d97-f506acbe5a39\" rel=\"nofollow noopener\" target=\"_blank\">Poliisi etsint\u00e4kuulutti miehen<\/a> t\u00e4m\u00e4n vuoden lokakuussa maksamattoman sakon takia.<\/p>\n","protected":false},"excerpt":{"rendered":"Poliisi ep\u00e4ilee 22-vuotiasta savonlinnalaista miest\u00e4 nelj\u00e4st\u00e4 taposta ja t\u00f6rke\u00e4st\u00e4 tuhoty\u00f6st\u00e4. Mies peitteli kasvojaan takillaan. hamid al-sammarraee T\u00e4n\u00e4\u00e4n klo&hellip;\n","protected":false},"author":2,"featured_media":112511,"comment_status":"","ping_status":"","sticky":false,"template":"","format":"standard","meta":{"footnotes":""},"categories":[12],"tags":[35,22,23,26,27,33,31,30,17,39,24,25,28,29,15,18,21,54,52,38,32,19,20,16,40],"class_list":{"0":"post-112510","1":"post","2":"type-post","3":"status-publish","4":"format-standard","5":"has-post-thumbnail","7":"category-suomi","8":"tag-24h","9":"tag-breaking-news","10":"tag-breakingnews","11":"tag-featured-news","12":"tag-featurednews","13":"tag-fi","14":"tag-finland","15":"tag-finnish","16":"tag-headlines","17":"tag-henkirikos","18":"tag-latest-news","19":"tag-latestnews","20":"tag-main-news","21":"tag-mainnews","22":"tag-news","23":"tag-otsikot","24":"tag-paauutiset","25":"tag-pelastuspalvelut","26":"tag-poliisi","27":"tag-rikos","28":"tag-suomi","29":"tag-top-stories","30":"tag-topstories","31":"tag-uutiset","32":"tag-vakivalta"},"share_on_mastodon":{"url":"https:\/\/pubeurope.com\/@fi\/115694166880220246","error":""},"_links":{"self":[{"href":"https:\/\/www.europesays.com\/fi\/wp-json\/wp\/v2\/posts\/112510","targetHints":{"allow":["GET"]}}],"collection":[{"href":"https:\/\/www.europesays.com\/fi\/wp-json\/wp\/v2\/posts"}],"about":[{"href":"https:\/\/www.europesays.com\/fi\/wp-json\/wp\/v2\/types\/post"}],"author":[{"embeddable":true,"href":"https:\/\/www.europesays.com\/fi\/wp-json\/wp\/v2\/users\/2"}],"replies":[{"embeddable":true,"href":"https:\/\/www.europesays.com\/fi\/wp-json\/wp\/v2\/comments?post=112510"}],"version-history":[{"count":0,"href":"https:\/\/www.europesays.com\/fi\/wp-json\/wp\/v2\/posts\/112510\/revisions"}],"wp:featuredmedia":[{"embeddable":true,"href":"https:\/\/www.europesays.com\/fi\/wp-json\/wp\/v2\/media\/112511"}],"wp:attachment":[{"href":"https:\/\/www.europesays.com\/fi\/wp-json\/wp\/v2\/media?parent=112510"}],"wp:term":[{"taxonomy":"category","embeddable":true,"href":"https:\/\/www.europesays.com\/fi\/wp-json\/wp\/v2\/categories?post=112510"},{"taxonomy":"post_tag","embeddable":true,"href":"https:\/\/www.europesays.com\/fi\/wp-json\/wp\/v2\/tags?post=112510"}],"curies":[{"name":"wp","href":"https:\/\/api.w.org\/{rel}","templated":true}]}}