{"id":112528,"date":"2025-12-10T08:10:07","date_gmt":"2025-12-10T08:10:07","guid":{"rendered":"https:\/\/www.europesays.com\/fi\/112528\/"},"modified":"2025-12-10T08:10:07","modified_gmt":"2025-12-10T08:10:07","slug":"erikoiskaupan-liikevaihto-kasvamassa-tana-vuonna","status":"publish","type":"post","link":"https:\/\/www.europesays.com\/fi\/112528\/","title":{"rendered":"Erikoiskaupan liikevaihto kasvamassa t\u00e4n\u00e4 vuonna"},"content":{"rendered":"<p>Erikoiskaupan liitto ETU ry:n tilastojen mukaan erikoiskaupan liikevaihto kasvoi syyskuussa 4,1 prosenttia verrattuna vuoden takaiseen. Liiton tilastopalvelun ennustety\u00f6kalu ennakoi hyv\u00e4n syyskuun perusteella nyt koko vuodelle 1,1 prosentin kasvua koko erikoiskaupan liikevaihtoon.<\/p>\n<p>Liikevaihdon kehitys on vaihdellut suuresti vuoden kuluessa. Alkukes\u00e4n\u00e4 erikoiskauppojen liikevaihto kasvoi mutta elokuussa kehitys k\u00e4\u00e4ntyi j\u00e4lleen negatiiviseksi.<\/p>\n<p>\u2013 Heikomman elokuun j\u00e4lkeen on erikoiskaupoissa toivuttu hyvin. Yli nelj\u00e4n prosentin kasvua ei alkuvuonna ole ollut kuin huhtikuussa. Kulutuskysynt\u00e4 on siis piristynyt lomakauden j\u00e4lkeen, vaikka kuluttajien luottamus omaan talouteen on edelleen heikolla tasolla, Erikoiskaupan liiton edunvalvontajohtaja <strong>Jukka Ropponen<\/strong> toteaa tiedotteessa.<\/p>\n<p>Syyskuun hyv\u00e4t luvut ennakoivat vilkasta joulukauppaa, mik\u00e4 entisest\u00e4\u00e4n vahvistaa kaupan alan yritysten n\u00e4kymi\u00e4.<\/p>\n<p>\u2013 Nyt edess\u00e4 on monelle toimialalle vuoden t\u00e4rkein sesonki, joulukauppa. Alkusyksyn hyv\u00e4t luvut ja juuri p\u00e4\u00e4ttynyt Black Friday -kausi vahvistaa odotuksia hyv\u00e4st\u00e4 loppuvuodesta, Ropponen sanoo.<\/p>\n<p>Usealla erikoiskaupan toimialalla n\u00e4htiin vaisun loppukes\u00e4n j\u00e4lkeen piristymist\u00e4. Muun muassa kello- ja jalometallikauppa, kodintekniikka sek\u00e4 pitk\u00e4\u00e4n alamaissa ollut rautakauppa osoittivat kasvun merkkej\u00e4 syyskuussa.<\/p>\n","protected":false},"excerpt":{"rendered":"Erikoiskaupan liitto ETU ry:n tilastojen mukaan erikoiskaupan liikevaihto kasvoi syyskuussa 4,1 prosenttia verrattuna vuoden takaiseen. Liiton tilastopalvelun ennustety\u00f6kalu&hellip;\n","protected":false},"author":2,"featured_media":112529,"comment_status":"","ping_status":"","sticky":false,"template":"","format":"standard","meta":{"footnotes":""},"categories":[76],"tags":[79,77,33,31,30,32,78],"class_list":{"0":"post-112528","1":"post","2":"type-post","3":"status-publish","4":"format-standard","5":"has-post-thumbnail","7":"category-talous","8":"tag-business","9":"tag-economy","10":"tag-fi","11":"tag-finland","12":"tag-finnish","13":"tag-suomi","14":"tag-talous"},"share_on_mastodon":{"url":"https:\/\/pubeurope.com\/@fi\/115694261126619265","error":""},"_links":{"self":[{"href":"https:\/\/www.europesays.com\/fi\/wp-json\/wp\/v2\/posts\/112528","targetHints":{"allow":["GET"]}}],"collection":[{"href":"https:\/\/www.europesays.com\/fi\/wp-json\/wp\/v2\/posts"}],"about":[{"href":"https:\/\/www.europesays.com\/fi\/wp-json\/wp\/v2\/types\/post"}],"author":[{"embeddable":true,"href":"https:\/\/www.europesays.com\/fi\/wp-json\/wp\/v2\/users\/2"}],"replies":[{"embeddable":true,"href":"https:\/\/www.europesays.com\/fi\/wp-json\/wp\/v2\/comments?post=112528"}],"version-history":[{"count":0,"href":"https:\/\/www.europesays.com\/fi\/wp-json\/wp\/v2\/posts\/112528\/revisions"}],"wp:featuredmedia":[{"embeddable":true,"href":"https:\/\/www.europesays.com\/fi\/wp-json\/wp\/v2\/media\/112529"}],"wp:attachment":[{"href":"https:\/\/www.europesays.com\/fi\/wp-json\/wp\/v2\/media?parent=112528"}],"wp:term":[{"taxonomy":"category","embeddable":true,"href":"https:\/\/www.europesays.com\/fi\/wp-json\/wp\/v2\/categories?post=112528"},{"taxonomy":"post_tag","embeddable":true,"href":"https:\/\/www.europesays.com\/fi\/wp-json\/wp\/v2\/tags?post=112528"}],"curies":[{"name":"wp","href":"https:\/\/api.w.org\/{rel}","templated":true}]}}