{"id":112532,"date":"2025-12-10T08:12:09","date_gmt":"2025-12-10T08:12:09","guid":{"rendered":"https:\/\/www.europesays.com\/fi\/112532\/"},"modified":"2025-12-10T08:12:09","modified_gmt":"2025-12-10T08:12:09","slug":"tyttaren-timanttikaulakoru-katosi-paivystyksessa-hus-ei-korvaa","status":"publish","type":"post","link":"https:\/\/www.europesays.com\/fi\/112532\/","title":{"rendered":"Tytt\u00e4ren timanttikaulakoru katosi p\u00e4ivystyksess\u00e4: Hus ei korvaa"},"content":{"rendered":"<p>Arvotavarat|Tyt\u00f6ll\u00e4 oli yli tuhannen euron arvoinen timanttikaulakoru kaulassaan sairaalaan menness\u00e4, mutta ei en\u00e4\u00e4 hetken p\u00e4\u00e4st\u00e4 sairaalas\u00e4ngyss\u00e4.<\/p>\n<p>Lue tiivistelm\u00e4<\/p>\n<p>Tiivistelm\u00e4 on teko\u00e4lyn tekem\u00e4 ja ihmisen tarkistama.<\/p>\n<p class=\"article-body mb-nof-24 px-nof-16 sndp-summary-bullet-point-font\">Helsinkil\u00e4isen tyt\u00f6n timanttikaulakoru katosi Meilahden p\u00e4ivystyksess\u00e4, kun tyt\u00e4r joutui ratsastusonnettomuuteen.<\/p>\n<p class=\"article-body mb-nof-24 px-nof-16 sndp-summary-bullet-point-font\">HUS ei korvaa korua, koska is\u00e4 allekirjoitti listan talteen otetuista tavaroista, eik\u00e4 vakuutusyhti\u00f6k\u00e4\u00e4n korvaa katoamista.<\/p>\n<p class=\"article-body mb-nof-24 px-nof-16 sndp-summary-bullet-point-font\">Husin hallintojohtaja Lauri Tanner kertoo, ett\u00e4 sairaala korvaa vahingot vain, jos ty\u00f6ntekij\u00e4 on vaikuttanut vahingon syntymiseen.<\/p>\n<p class=\"article-body mb-nof-24 px-nof-16\">Helsinkil\u00e4inen perhe on harmissaan sairaalassa kadonneesta timanttikorusta, jota ei korvaa Hus eik\u00e4 vakuutus. Perheen is\u00e4 ep\u00e4ilee, ett\u00e4 koru varastettiin h\u00e4nen tytt\u00e4rens\u00e4 ollessa hoidettavana Meilahden p\u00e4ivystyksess\u00e4.<\/p>\n<p class=\"article-body mb-nof-24 px-nof-16\"><a class=\"article-personlink\" href=\"https:\/\/www.hs.fi\/haku\/?query=Heikki%20Silvosen\" rel=\"nofollow noopener\" target=\"_blank\">Heikki Silvosen<\/a> 16-vuotias tyt\u00e4r joutui ratsastusonnettomuuteen lokakuussa 2024.<\/p>\n<p class=\"article-body mb-nof-24 px-nof-16\">Tyt\u00e4r vietiin ambulanssilla Meilahden p\u00e4ivystykseen. Silvonen  oli paikalla, kun tyt\u00e4r otettiin sis\u00e4\u00e4n sairaalaan. Sitten h\u00e4n ajoi autonsa parkkiin.<\/p>\n<p class=\"article-body mb-nof-24 px-nof-16\">\u201dKun tulin sis\u00e4\u00e4n, tytt\u00f6 oli sairaalas\u00e4ngyss\u00e4 makaamassa p\u00e4\u00e4ss\u00e4\u00e4n jo ambulanssissa sidotut siteet, mutta p\u00e4\u00e4ll\u00e4\u00e4n sairaalavaatteet\u201d, Silvonen kertaa.<\/p>\n<p class=\"article-body mb-nof-24 px-nof-16\">Tyt\u00e4r kotiutui sairaalasta seuraavana p\u00e4iv\u00e4n\u00e4. Kotona perhe huomasi, ett\u00e4 tytt\u00e4ren arvokas timanttikaulakoru puuttui. Noin 1\u202f300 euron arvoinen Tiffanyn koru oli rippilahja vanhemmilta.<\/p>\n<p class=\"article-body mb-nof-24 px-nof-16\">Silvosen mukaan koru oli kadonnut, kun tytt\u00f6 otettiin sairaalaan ja h\u00e4nelle vaihdettiin sairaalavaatteet.<\/p>\n<p class=\"article-body mb-nof-24 px-nof-16\">\u201dTyt\u00e4r p\u00e4ivitt\u00e4\u00e4 aktiivisesti sosiaalista mediaa, joten h\u00e4n oli ottanut kuvan sairaalan tuulikaapissa tullessaan sis\u00e4\u00e4n. Seuraavan selfien h\u00e4n otti sairaalavaatteissa minun jo tultuani paikalle\u201d, is\u00e4 kertoo.<\/p>\n<p class=\"article-body mb-nof-24 px-nof-16\">Ensimm\u00e4isess\u00e4 kuvassa tyt\u00f6ll\u00e4 on viel\u00e4 omat vaatteet ja koru kaulassa. Toisessa kuvassa korua ei n\u00e4y. Kuvien ottohetkien v\u00e4lill\u00e4 on kulunut puoli tuntia. HS on n\u00e4hnyt kuvat ja niiden aikaleimat.<\/p>\n<p><img decoding=\"async\" src=\"https:\/\/www.europesays.com\/fi\/wp-content\/uploads\/2025\/12\/1765354329_393_468.jpg\" alt=\"Heikki Silvosen 16-vuotiaan tytt\u00e4ren Tiffanyn koru katosi sairaalareissulla.\" class=\"_Img_1rerz_1\" style=\"aspect-ratio:0.75\" loading=\"eager\"\/><\/p>\n<p class=\"article-picture-caption\">Heikki Silvosen 16-vuotiaan tytt\u00e4ren Tiffanyn koru katosi sairaalareissulla. Kuva:\u00a0Heikki Silvonen<\/p>\n<p class=\"article-body mb-nof-24 px-nof-16\">Silvonen ep\u00e4ilee, ett\u00e4 koru varastettiin, kun tytt\u00e4ren omaisuus otettiin talteen sairaalaan tullessa.<\/p>\n<p class=\"article-body mb-nof-24 px-nof-16\">\u201dKun tiet\u00e4\u00e4 millainen tila se on, siistit lattiat ja paikalla vain hoitajia, on vaikea uskoa, ett\u00e4 timanttikaulakoru vain h\u00e4vi\u00e4\u00e4\u201d, Silvonen sanoo.<\/p>\n<p class=\"article-body mb-nof-24 px-nof-16\">Heti, kun perhe huomasi korun kadonneen, \u00e4iti <a class=\"article-personlink\" href=\"https:\/\/www.hs.fi\/haku\/?query=Hanna%20Lempi%C3%A4inen\" rel=\"nofollow noopener\" target=\"_blank\">Hanna Lempi\u00e4inen<\/a> soitti p\u00e4ivystykseen ja osastolle.<\/p>\n<p class=\"article-body mb-nof-24 px-nof-16\">\u201d\u2019He tarkastivat nopeasti l\u00f6yt\u00f6tavarat. Kun mit\u00e4\u00e4n ei l\u00f6ytynyt, heid\u00e4n kommenttinsa oli automaattisesti, ett\u00e4 tee korvausvaatimus. Tuntui, ett\u00e4 t\u00e4llainen on tavallista\u201d, Lempi\u00e4inen kertoo.<\/p>\n<p class=\"article-body mb-nof-24 px-nof-16\">HUS teki korvausvaatimuksesta p\u00e4\u00e4t\u00f6ksen, ett\u00e4 korua ei korvata. Perusteluna t\u00e4lle on, ett\u00e4 Heikki Silvonen allekirjoitti sairaalassa listan kaikista tytt\u00e4ren talteen otetuista vaatteista ja tavaroista.<\/p>\n<p class=\"article-body mb-nof-24 px-nof-16\">HS:n on n\u00e4hnyt p\u00e4\u00e4t\u00f6ksen.<\/p>\n<p class=\"article-body mb-nof-24 px-nof-16\">Silvonen muistaa tarkastaneensa tavarat ja allekirjoittaneensa listan y\u00f6ll\u00e4 sairaalassa. Tuolloin mieless\u00e4 ei k\u00e4ynyt, ett\u00e4 tavaroissa pit\u00e4isi olla my\u00f6s timanttikaulakoru.<\/p>\n<p class=\"article-body mb-nof-24 px-nof-16\">Silvonen valitti Husin p\u00e4\u00e4t\u00f6ksest\u00e4 tuloksetta. H\u00e4n teki my\u00f6s rikosilmoituksen poliisille, josta ei ole kuulunut vuoden aikana mit\u00e4\u00e4n. Helsingin poliisilaitokselta vahvistetaan HS:lle, ett\u00e4 tapauksesta on tehty rikosilmoitus.<\/p>\n<p class=\"article-body mb-nof-24 px-nof-16\">Vakuutuksestakaan ei ole ollut apua. Silvonen kertoo toimittaneensa sinne kaikki tapauksen yksityiskohdat tytt\u00e4ren kuvia my\u00f6ten.<\/p>\n<p class=\"article-body mb-nof-24 px-nof-16\">\u201dVakuutusyhti\u00f6n edustaja sanoi etuk\u00e4teen, ett\u00e4 totta kai se korvataan, mutta lopulta sielt\u00e4kin tuli p\u00e4\u00e4t\u00f6s, ett\u00e4 koru on saattanut vain kadota sairaalaan, eik\u00e4 vakuutus korvaa katoamista\u201d, Silvonen kertoo.<\/p>\n<p class=\"article-body mb-nof-24 px-nof-16\"> Tapauksesta on j\u00e4\u00e4nyt perheelle kummallinen olo.<\/p>\n<p class=\"article-body mb-nof-24 px-nof-16\">\u201dMeille ja tytt\u00e4relle j\u00e4i tapahtuneesta paha mieli, kun korusta on kuvatkin todisteena\u201d, Silvonen sanoo.<\/p>\n<p class=\"article-body mb-nof-24 px-nof-16\">Husin lis\u00e4ksi Silvonen on pettynyt vakuutusyhti\u00f6\u00f6n, joka ei valituksesta huolimatta ole korvannut korua. HS on n\u00e4hnyt vakuutusyhti\u00f6n tekstiviestin kielteisest\u00e4 korvausp\u00e4\u00e4t\u00f6ksest\u00e4. Seuraavaksi Silvonen aikoo valittaa tapauksesta vakuutusriitoja selvitt\u00e4v\u00e4\u00e4n Vakuutuslautakuntaan.<\/p>\n<p class=\"article-body mb-nof-24 px-nof-16\">Husin hallintojohtaja <a class=\"article-personlink\" href=\"https:\/\/www.hs.fi\/haku\/?query=Lauri%20Tanner\" rel=\"nofollow noopener\" target=\"_blank\">Lauri Tanner<\/a> ei halua kommentoida yksitt\u00e4ist\u00e4 tapausta, mutta yleisell\u00e4 tasolla h\u00e4n kertoo, ett\u00e4 korvausvaatimukset k\u00e4sitell\u00e4\u00e4n aina tapauskohtaisesti.<\/p>\n<p class=\"article-body mb-nof-24 px-nof-16\">\u201dL\u00e4ht\u00f6kohtana on niin kutsuttu tuottamusvastuu. Hus korvaa potilaan omaisuudelle aiheutuneet vahingot, jos sairaalan ty\u00f6ntekij\u00e4 on tekemisell\u00e4\u00e4n tai laiminly\u00f6nnill\u00e4\u00e4n vaikuttanut vahingon syntymiseen.\u201d<\/p>\n<p class=\"article-body mb-nof-24 px-nof-16\">Tanner ei osaa arvioida, kuinka yleist\u00e4 on, ett\u00e4 potilaiden omaisuutta katoaa tai varastetaan sairaalassa. H\u00e4n sanoo, ettei voi k\u00e4yd\u00e4 korvausvaatimuksia l\u00e4pi tietosuojasyist\u00e4.<\/p>\n<p class=\"article-body mb-nof-24 px-nof-16\">Suunnitellulle sairaalavierailulle tulevia potilaita ohjeistetaan j\u00e4tt\u00e4m\u00e4\u00e4n arvo-omaisuus kotiin, Tanner kertoo. Sill\u00e4 tavoin sairaala pyrkii ehk\u00e4isem\u00e4\u00e4n potilaiden omaisuuden katoamista.<\/p>\n<p class=\"article-body mb-nof-24 px-nof-16\">P\u00e4ivystyksen kautta saapuvien potilaiden arvo-omaisuutta voidaan s\u00e4ilytt\u00e4\u00e4 turvapusseissa. Sis\u00e4lt\u00f6 kirjataan tarkasti yl\u00f6s.<\/p>\n<p class=\"article-body mb-nof-24 px-nof-16\">\u201dVahva p\u00e4\u00e4s\u00e4\u00e4nt\u00f6 on se, ett\u00e4 on potilaan itsens\u00e4 teht\u00e4v\u00e4 huolehtia omaisuudestaan. Meid\u00e4n ensisijainen teht\u00e4v\u00e4mme on keskitty\u00e4 potilaan terveyteen.\u201d<\/p>\n<p class=\"article-body mb-nof-24 px-nof-16\">Jos omaisuutta kuitenkin katoaa sairaalassa, kannattaa Tannerin mukaan ottaa yhteytt\u00e4 yksik\u00f6n henkil\u00f6kuntaan tai potilasasiavastaavaan.<\/p>\n","protected":false},"excerpt":{"rendered":"Arvotavarat|Tyt\u00f6ll\u00e4 oli yli tuhannen euron arvoinen timanttikaulakoru kaulassaan sairaalaan menness\u00e4, mutta ei en\u00e4\u00e4 hetken p\u00e4\u00e4st\u00e4 sairaalas\u00e4ngyss\u00e4. Lue tiivistelm\u00e4&hellip;\n","protected":false},"author":2,"featured_media":112533,"comment_status":"","ping_status":"","sticky":false,"template":"","format":"standard","meta":{"footnotes":""},"categories":[12],"tags":[22,23,26,27,33,31,30,17,46,24,25,28,29,15,18,21,32,19,20,16],"class_list":{"0":"post-112532","1":"post","2":"type-post","3":"status-publish","4":"format-standard","5":"has-post-thumbnail","7":"category-suomi","8":"tag-breaking-news","9":"tag-breakingnews","10":"tag-featured-news","11":"tag-featurednews","12":"tag-fi","13":"tag-finland","14":"tag-finnish","15":"tag-headlines","16":"tag-helsingin-sanomat","17":"tag-latest-news","18":"tag-latestnews","19":"tag-main-news","20":"tag-mainnews","21":"tag-news","22":"tag-otsikot","23":"tag-paauutiset","24":"tag-suomi","25":"tag-top-stories","26":"tag-topstories","27":"tag-uutiset"},"share_on_mastodon":{"url":"https:\/\/pubeurope.com\/@fi\/115694268909405649","error":""},"_links":{"self":[{"href":"https:\/\/www.europesays.com\/fi\/wp-json\/wp\/v2\/posts\/112532","targetHints":{"allow":["GET"]}}],"collection":[{"href":"https:\/\/www.europesays.com\/fi\/wp-json\/wp\/v2\/posts"}],"about":[{"href":"https:\/\/www.europesays.com\/fi\/wp-json\/wp\/v2\/types\/post"}],"author":[{"embeddable":true,"href":"https:\/\/www.europesays.com\/fi\/wp-json\/wp\/v2\/users\/2"}],"replies":[{"embeddable":true,"href":"https:\/\/www.europesays.com\/fi\/wp-json\/wp\/v2\/comments?post=112532"}],"version-history":[{"count":0,"href":"https:\/\/www.europesays.com\/fi\/wp-json\/wp\/v2\/posts\/112532\/revisions"}],"wp:featuredmedia":[{"embeddable":true,"href":"https:\/\/www.europesays.com\/fi\/wp-json\/wp\/v2\/media\/112533"}],"wp:attachment":[{"href":"https:\/\/www.europesays.com\/fi\/wp-json\/wp\/v2\/media?parent=112532"}],"wp:term":[{"taxonomy":"category","embeddable":true,"href":"https:\/\/www.europesays.com\/fi\/wp-json\/wp\/v2\/categories?post=112532"},{"taxonomy":"post_tag","embeddable":true,"href":"https:\/\/www.europesays.com\/fi\/wp-json\/wp\/v2\/tags?post=112532"}],"curies":[{"name":"wp","href":"https:\/\/api.w.org\/{rel}","templated":true}]}}