{"id":112538,"date":"2025-12-10T08:25:09","date_gmt":"2025-12-10T08:25:09","guid":{"rendered":"https:\/\/www.europesays.com\/fi\/112538\/"},"modified":"2025-12-10T08:25:09","modified_gmt":"2025-12-10T08:25:09","slug":"julkkiskokki-akseli-herlevi-yllattaa-muodonmuutoksellaan-lataa-kovaa-puhetta","status":"publish","type":"post","link":"https:\/\/www.europesays.com\/fi\/112538\/","title":{"rendered":"Julkkiskokki Akseli Herlevi yll\u00e4tt\u00e4\u00e4 muodonmuutoksellaan &#8211; lataa kovaa puhetta"},"content":{"rendered":"<p>            Matti Matikainen\n        <\/p>\n<p class=\"subtitle \">Akselin el\u00e4m\u00e4ntapamuutos n\u00e4kyy ulosp\u00e4inkin.<\/p>\n<p class=\"article-content article-content-width !bg-background\">Julkkiskokki , 40, on kertonut avoimesti el\u00e4m\u00e4ntapamuutoksestaan.\u00a0<\/p>\n<p class=\"font-weight-bold m-font-weight-bold article-content article-content-width !bg-background\">Video: Konkurssi vei Akseli Herlevilt\u00e4 kaiken:<\/p>\n<p class=\"article-content article-content-width !bg-background\">Ty\u00f6ns\u00e4 puolesta moninaisille kulinaristisille kokemuksille altis Akseli on kuvaillut opetelleensa uudenlaisia rutiineja, jotta voisi paremmin.<\/p>\n<p>Paljasti painonsa<\/p>\n<p class=\"article-content article-content-width !bg-background\">Lokakuussa h\u00e4n paljasti someseuraajilleen havahtuneensa siihen, ett\u00e4 <a href=\"https:\/\/www.seiska.fi\/kotimaa\/kuntokuurin-aloittanut-akseli-herlevi-rehellisena-nain-paljon-painan\/1955148\" target=\"_blank\" rel=\"nofollow noopener\">huonolla fyysisell\u00e4 kunnolla oli my\u00f6s henkisi\u00e4 vaikutuksia<\/a>. Samalla h\u00e4n kertoi, mink\u00e4laisia lukemia puntari tuolloin n\u00e4ytti.<\/p>\n<p>        <a itemprop=\"url\" href=\"https:\/\/www.seiska.fi\/kotimaa\/akseli-herlevin-tempaus-hammastytti\/1979593\" rel=\"nofollow noopener\" target=\"_blank\"><\/p>\n<p>\nAkseli Herlevi\n<\/p>\n<p class=\"section-date\">\n        <strong class=\"article-section\" data-section=\"kotimaa\"><br \/>\n            kotimaa<br \/>\n        <\/strong><br \/>\n        31.10. 13:32\n    <\/p>\n<p>Akseli Herlevin tempaus h\u00e4mm\u00e4stytti\n    <\/p>\n<p itemprop=\"description\" class=\"subtitle \">\n    Julkkiskokki viett\u00e4\u00e4 t\u00e4n\u00e4\u00e4n 40-vuotissyntym\u00e4p\u00e4ivi\u00e4\u00e4n.\n<\/p>\n<p>        <\/a><\/p>\n<p class=\"article-content article-content-width !bg-background\">\u2013 155 ja risat, Akseli vastasi reippaasti seuraajan suoraan kysymykseen.\u00a0<\/p>\n<p>                <img decoding=\"async\" src=\"https:\/\/www.europesays.com\/fi\/wp-content\/uploads\/2025\/12\/2016945.webp\" width=\"576\" height=\"322\" alt=\"Akseli ja Seiska k\u00e4viv\u00e4t syksyll\u00e4 tutkimusmatkalla It\u00e4-Helsingiss\u00e4.\" loading=\"lazy\" \/>            <\/p>\n<p>\n            Akseli ja Seiska k\u00e4viv\u00e4t syksyll\u00e4 tutkimusmatkalla It\u00e4-Helsingiss\u00e4.<br \/>\n            Matti Matikainen\n        <\/p>\n<p class=\"article-content article-content-width !bg-background\">Vuonna 2019 Suurin pudottaja -ohjelmaan osallistunut Akseli on ottanut hyvinvointiprojektinsa tosissaan. H\u00e4n lanseerasi syksyll\u00e4 oman Herlefit-kuntoiluohjelman yhdess\u00e4 kokkikollega  kanssa.\u00a0<\/p>\n<p>Pyyt\u00e4\u00e4 anteeksi<\/p>\n<p class=\"article-content article-content-width !bg-background\">Nyt burgerimiehelt\u00e4 kuullaan kovia puheita t\u00e4m\u00e4n kuntokuurista. Akseli julkaisi maanantaina (8.12.) Instagramissa <a href=\"https:\/\/www.instagram.com\/p\/DSBAJ9RDmkU\/\" target=\"_blank\" rel=\"nofollow noopener\">salilla kuvaamansa videon<\/a>, jolla h\u00e4n uhoaa t\u00e4m\u00e4n olevan h\u00e4nen comebackins\u00e4.\u00a0<\/p>\n<p>        <a itemprop=\"url\" href=\"https:\/\/www.seiska.fi\/kotimaa\/valikohtaus-kontulan-ostarilla-vankilakundi-etsi-akseli-herlevin-kasiinsa\/1961675\" rel=\"nofollow noopener\" target=\"_blank\"><\/p>\n<p>\nV\u00e4likohtaus Kontulan ostarilla!\n<\/p>\n<p class=\"section-date\">\n        <strong class=\"article-section\" data-section=\"kotimaa\"><br \/>\n            kotimaa<br \/>\n        <\/strong><br \/>\n        20.10. 06:00\n    <\/p>\n<p>V\u00e4likohtaus Kontulan ostarilla! Vankilakundi etsi Akseli Herlevin k\u00e4siins\u00e4\n    <\/p>\n<p itemprop=\"description\" class=\"subtitle \">\n    It\u00e4-Helsingin humussa sattuu ja tapahtuu kaikenlaista.\n<\/p>\n<p>        <\/a><\/p>\n<p class=\"article-content article-content-width !bg-background\">\u2013 Anteeksipyynt\u00f6 sille min\u00e4lle, jonka h\u00e4vitin ja hukkasin, Akseli julistaa painojen kanssa kyyk\u00e4tess\u00e4\u00e4n.<\/p>\n<p class=\"article-content article-content-width !bg-background\">\u2013 Nostan oman tasoni nyt. Ja pid\u00e4n ne, h\u00e4n lupaa.<\/p>\n<p>Muuttunut mies<\/p>\n<p class=\"article-content article-content-width !bg-background\">Tsemppipuheet lienev\u00e4t useimmille v\u00e4h\u00e4nk\u00e4\u00e4n urheilleille tuttua kauraa. Akselin kohdalla ne n\u00e4ytt\u00e4v\u00e4t tehneen teht\u00e4v\u00e4ns\u00e4, sill\u00e4 jo seuraavana p\u00e4iv\u00e4n\u00e4 (9.12.) keitt\u00e4j\u00e4karpaasi julkaisi todistusaineistoa siit\u00e4, ett\u00e4 h\u00e4nen lupauksensa ovat pit\u00e4neet.\u00a0<\/p>\n<p class=\"article-content article-content-width !bg-background\">Akselin julkaisussa komeilee vierekk\u00e4in kaksi yl\u00e4osatonta otosta miehest\u00e4 itsest\u00e4\u00e4n: ennen ja j\u00e4lkeen kuntoprojektin aloittamisen. Yhdeks\u00e4n viikon aikana Akseli on sulattanut painostaan kahdeksan kiloa\u00a0\u2013 siis l\u00e4hes kilon viikossa.\u00a0<\/p>\n<p>        <a itemprop=\"url\" href=\"https:\/\/www.seiska.fi\/kotimaa\/mitta-tuli-tayteen-missiin-yhdistetty-akseli-herlevi-en-jaksa-sita-draamaa\/1951035\" rel=\"nofollow noopener\" target=\"_blank\"><\/p>\n<p>\nMitta t\u00e4yteen misseist\u00e4\n<\/p>\n<p class=\"section-date\">\n        <strong class=\"article-section\" data-section=\"kotimaa\"><br \/>\n            kotimaa<br \/>\n        <\/strong><br \/>\n        18.10. 08:00\n    <\/p>\n<p>Mitta tuli t\u00e4yteen! Missiin yhdistetty Akseli Herlevi: \u201cEn jaksa sit\u00e4 draamaa\u201d\n    <\/p>\n<p itemprop=\"description\" class=\"subtitle \">\n    \u2013 Viihdyn aivan hyvin yksikseni, kyll\u00e4styneen oloinen burgeriparoni lataa Seiskalle.\n<\/p>\n<p>        <\/a><\/p>\n<p class=\"article-content article-content-width !bg-background\"><a href=\"https:\/\/www.instagram.com\/p\/DSCnP33Asj_\/?img_index=2\" target=\"_blank\" rel=\"nofollow noopener\">Muutos ilmenee selv\u00e4sti Akselin jakamista kuvista<\/a>. Jumppansa ohella tv-kokki on oivaltanut kuitenkin jotakin viel\u00e4kin merkityksellisemp\u00e4\u00e4.<\/p>\n<p class=\"article-content article-content-width !bg-background\">\u2013\u00a0Kyse on siit\u00e4, ett\u00e4 yhdess\u00e4 tehd\u00e4\u00e4n ja l\u00f6ydet\u00e4\u00e4n keinoja arkeen, jotta saadaan enemm\u00e4n rutiineja ja kest\u00e4v\u00e4mpi\u00e4 ratkaisuja aikaan. Tullaan vahvemmiksi joka p\u00e4iv\u00e4 ja jaksetaan enemm\u00e4n! Akseli toteaa.<\/p>\n<p><script async src=\"\/\/www.instagram.com\/embed.js\"><\/script><\/p>\n","protected":false},"excerpt":{"rendered":"Matti Matikainen Akselin el\u00e4m\u00e4ntapamuutos n\u00e4kyy ulosp\u00e4inkin. Julkkiskokki , 40, on kertonut avoimesti el\u00e4m\u00e4ntapamuutoksestaan.\u00a0 Video: Konkurssi vei Akseli Herlevilt\u00e4&hellip;\n","protected":false},"author":2,"featured_media":112539,"comment_status":"","ping_status":"","sticky":false,"template":"","format":"standard","meta":{"footnotes":""},"categories":[136],"tags":[2997,407,2995,3644,137,33,31,30,12053,2233,408,4632,4436,2882,32,4418,109],"class_list":{"0":"post-112538","1":"post","2":"type-post","3":"status-publish","4":"format-standard","5":"has-post-thumbnail","7":"category-julkkikset","8":"tag-akseli-herlevi","9":"tag-celebrities","10":"tag-elamantapamuutos","11":"tag-elamantaparemontti","12":"tag-entertainment","13":"tag-fi","14":"tag-finland","15":"tag-finnish","16":"tag-herlefit","17":"tag-hyvinvointi","18":"tag-julkkikset","19":"tag-lemmikit","20":"tag-muodonmuutos","21":"tag-painonpudotus","22":"tag-suomi","23":"tag-suurin-pudottaja","24":"tag-viihde"},"share_on_mastodon":{"url":"https:\/\/pubeurope.com\/@fi\/115694320109739893","error":""},"_links":{"self":[{"href":"https:\/\/www.europesays.com\/fi\/wp-json\/wp\/v2\/posts\/112538","targetHints":{"allow":["GET"]}}],"collection":[{"href":"https:\/\/www.europesays.com\/fi\/wp-json\/wp\/v2\/posts"}],"about":[{"href":"https:\/\/www.europesays.com\/fi\/wp-json\/wp\/v2\/types\/post"}],"author":[{"embeddable":true,"href":"https:\/\/www.europesays.com\/fi\/wp-json\/wp\/v2\/users\/2"}],"replies":[{"embeddable":true,"href":"https:\/\/www.europesays.com\/fi\/wp-json\/wp\/v2\/comments?post=112538"}],"version-history":[{"count":0,"href":"https:\/\/www.europesays.com\/fi\/wp-json\/wp\/v2\/posts\/112538\/revisions"}],"wp:featuredmedia":[{"embeddable":true,"href":"https:\/\/www.europesays.com\/fi\/wp-json\/wp\/v2\/media\/112539"}],"wp:attachment":[{"href":"https:\/\/www.europesays.com\/fi\/wp-json\/wp\/v2\/media?parent=112538"}],"wp:term":[{"taxonomy":"category","embeddable":true,"href":"https:\/\/www.europesays.com\/fi\/wp-json\/wp\/v2\/categories?post=112538"},{"taxonomy":"post_tag","embeddable":true,"href":"https:\/\/www.europesays.com\/fi\/wp-json\/wp\/v2\/tags?post=112538"}],"curies":[{"name":"wp","href":"https:\/\/api.w.org\/{rel}","templated":true}]}}