{"id":112546,"date":"2025-12-10T08:37:09","date_gmt":"2025-12-10T08:37:09","guid":{"rendered":"https:\/\/www.europesays.com\/fi\/112546\/"},"modified":"2025-12-10T08:37:09","modified_gmt":"2025-12-10T08:37:09","slug":"haavoittumaton-nato-perustaa-lasertukikohdan-gronlantiin","status":"publish","type":"post","link":"https:\/\/www.europesays.com\/fi\/112546\/","title":{"rendered":"Haavoittumaton &#8211; Nato perustaa lasertukikohdan Gr\u00f6nlantiin"},"content":{"rendered":"<p>Nato-maat ovat rakentamassa Gr\u00f6nlantiin uutta tukikohtaa, jonka on m\u00e4\u00e4r\u00e4 hy\u00f6dynt\u00e4\u00e4 ultrakapeita lasers\u00e4teit\u00e4 varmistamaan nopea ja runsas tiedonsiirto satelliiteista, <a href=\"https:\/\/www.newsweek.com\/new-nato-allies-arctic-laser-base-will-counter-russia-and-china-11103886\" target=\"_blank\" rel=\"nofollow noopener\">raportoi<\/a> amerikkalaislehti Newsweek. Taustalla on lehden mukaan pyrkimys turvata l\u00e4ntiset viestint\u00e4yhteydet Ven\u00e4j\u00e4n ja Kiinan kaltaisten vastustajien aiheuttamilta h\u00e4iri\u00f6ilt\u00e4.<\/p>\n<p>Uusi optinen maa-asema sijoittuu entiseen p\u00e4\u00e4kaupunki Nuukin pohjoispuolella olevaan entiseen amerikkalaiseen sotilastukikohtaan L\u00e4nsi-Gr\u00f6nlannin Kangerlussuaqissa. Laserteknologian toimittaa liettualainen Astrolight-yhti\u00f6 Euroopan avaruusj\u00e4rjest\u00f6n ESA:n tuella.<\/p>\n<p>Kun Ven\u00e4j\u00e4 haastaa Nato-maita yh\u00e4 enemm\u00e4n It\u00e4merell\u00e4 ja arktisella alueella muun muassa merenalaisiin datakaapeleihin kohdistuvin operaatioin, laserit tarjoavat Newsweekin mukaan tehokkaan vaihtoehdon ja varaj\u00e4rjestelm\u00e4n. Astrolight sanoo teknologiaratkaisunsa tarjoavan jopa kymmenkertaisen l\u00e4pimenonopeuden ja 10\u00a0000 kertaa suuremman kaistaleveyden perinteisiin satelliittilatausteknologioihin n\u00e4hden.<\/p>\n<p>\u2013 Merenpohjan kaapelit voivat vaurioitua ja olla alttiita muiden maiden aiheuttamille h\u00e4iri\u00f6ille. Kiinalla ja Ven\u00e4j\u00e4ll\u00e4 on p\u00e4\u00e4sy kyseiselle alueelle. Siksi tarvitaan varmuusratkaisu, joka on v\u00e4hemm\u00e4n altis h\u00e4iri\u00f6ille, kapasiteetiltaan suurempi ja tarjoaa turvallisemman tapa kommunikoida satelliittien kanssa, Astrolightin toimitusjohtaja <strong>Laurynas Ma\u010diulis<\/strong> sanoo.<\/p>\n<p>Laserin vahvuuksiin kuuluu h\u00e4nen mukaansa my\u00f6s suoja elektronista sodank\u00e4ynti\u00e4 vastaan.<\/p>\n<p>\u2013 Lasers\u00e4teen leveys on noin tuhannesosa astetta. Se on siis hyvin kapea. Kuvittele, ett\u00e4 sinulla on laser, eritt\u00e4in tarkka ja sivulta katsottuna n\u00e4kym\u00e4t\u00f6n laserosoitin, jolloin vihollinen ei edes n\u00e4e, miss\u00e4 laser on. Se voi havaita sen vasta, kun se on katseen linjassa avaruudessa, jossa satelliitit liikkuvat eri suuntiin kahdeksan kilometrin sekuntinopeudella. On l\u00e4hes mahdotonta pysytell\u00e4 fyysisesti siin\u00e4 s\u00e4teess\u00e4. h\u00e4n toteaa.<\/p>\n","protected":false},"excerpt":{"rendered":"Nato-maat ovat rakentamassa Gr\u00f6nlantiin uutta tukikohtaa, jonka on m\u00e4\u00e4r\u00e4 hy\u00f6dynt\u00e4\u00e4 ultrakapeita lasers\u00e4teit\u00e4 varmistamaan nopea ja runsas tiedonsiirto satelliiteista,&hellip;\n","protected":false},"author":2,"featured_media":112547,"comment_status":"","ping_status":"","sticky":false,"template":"","format":"standard","meta":{"footnotes":""},"categories":[14],"tags":[22,23,26,27,33,31,30,17,24,25,28,29,15,18,21,32,19,20,56,16,59,60,61],"class_list":{"0":"post-112546","1":"post","2":"type-post","3":"status-publish","4":"format-standard","5":"has-post-thumbnail","7":"category-ulkomaat","8":"tag-breaking-news","9":"tag-breakingnews","10":"tag-featured-news","11":"tag-featurednews","12":"tag-fi","13":"tag-finland","14":"tag-finnish","15":"tag-headlines","16":"tag-latest-news","17":"tag-latestnews","18":"tag-main-news","19":"tag-mainnews","20":"tag-news","21":"tag-otsikot","22":"tag-paauutiset","23":"tag-suomi","24":"tag-top-stories","25":"tag-topstories","26":"tag-ulkomaat","27":"tag-uutiset","28":"tag-world","29":"tag-world-news","30":"tag-worldnews"},"share_on_mastodon":{"url":"https:\/\/pubeurope.com\/@fi\/115694367090903789","error":""},"_links":{"self":[{"href":"https:\/\/www.europesays.com\/fi\/wp-json\/wp\/v2\/posts\/112546","targetHints":{"allow":["GET"]}}],"collection":[{"href":"https:\/\/www.europesays.com\/fi\/wp-json\/wp\/v2\/posts"}],"about":[{"href":"https:\/\/www.europesays.com\/fi\/wp-json\/wp\/v2\/types\/post"}],"author":[{"embeddable":true,"href":"https:\/\/www.europesays.com\/fi\/wp-json\/wp\/v2\/users\/2"}],"replies":[{"embeddable":true,"href":"https:\/\/www.europesays.com\/fi\/wp-json\/wp\/v2\/comments?post=112546"}],"version-history":[{"count":0,"href":"https:\/\/www.europesays.com\/fi\/wp-json\/wp\/v2\/posts\/112546\/revisions"}],"wp:featuredmedia":[{"embeddable":true,"href":"https:\/\/www.europesays.com\/fi\/wp-json\/wp\/v2\/media\/112547"}],"wp:attachment":[{"href":"https:\/\/www.europesays.com\/fi\/wp-json\/wp\/v2\/media?parent=112546"}],"wp:term":[{"taxonomy":"category","embeddable":true,"href":"https:\/\/www.europesays.com\/fi\/wp-json\/wp\/v2\/categories?post=112546"},{"taxonomy":"post_tag","embeddable":true,"href":"https:\/\/www.europesays.com\/fi\/wp-json\/wp\/v2\/tags?post=112546"}],"curies":[{"name":"wp","href":"https:\/\/api.w.org\/{rel}","templated":true}]}}