{"id":112548,"date":"2025-12-10T08:38:08","date_gmt":"2025-12-10T08:38:08","guid":{"rendered":"https:\/\/www.europesays.com\/fi\/112548\/"},"modified":"2025-12-10T08:38:08","modified_gmt":"2025-12-10T08:38:08","slug":"nuori-pahoinpiteli-toista-nuorta-turussa-koulun-lahistolla","status":"publish","type":"post","link":"https:\/\/www.europesays.com\/fi\/112548\/","title":{"rendered":"Nuori pahoinpiteli toista nuorta Turussa koulun l\u00e4hist\u00f6ll\u00e4"},"content":{"rendered":"<p><strong class=\"typography-bold\">V\u00e4kivallan uhriksi joutunut nuori ei saanut vakavia vammoja.<\/strong><\/p>\n<p>Yl\u00e4koululaisen nuoren ep\u00e4ill\u00e4\u00e4n pahoinpidelleen toista nuorta koulun l\u00e4hist\u00f6ll\u00e4 Turun Nummessa, kertoo Lounais-Suomen poliisi.<\/p>\n<p>Poliisi sai h\u00e4lytyksen Nummeen keskiviikkoaamuna hieman kello 8 j\u00e4lkeen aamulla.<\/p>\n<p>Yl\u00e4kouluik\u00e4isen nuoren ep\u00e4ill\u00e4\u00e4n k\u00e4ytt\u00e4neen v\u00e4kivaltaa toista yl\u00e4kouluik\u00e4ist\u00e4 nuorta kohtaan Nummenpakan koulun Aurajoen yksik\u00f6n l\u00e4hist\u00f6ll\u00e4.<\/p>\n<p>V\u00e4kivallanteon uhri loukkaantui tilanteessa, mutta h\u00e4nell\u00e4 ei ole vakavia vammoja.<\/p>\n<p>Poliisin mukaan ep\u00e4ilty nuori poistui tapahtumapaikalta ja h\u00e4nen henkil\u00f6llisyyteens\u00e4 on poliisin tiedossa. Tilanteesta ei ole vaaraa ulkopuolisille. Poliisi jatkaa asian selvitt\u00e4mist\u00e4. \u00a0<\/p>\n","protected":false},"excerpt":{"rendered":"V\u00e4kivallan uhriksi joutunut nuori ei saanut vakavia vammoja. Yl\u00e4koululaisen nuoren ep\u00e4ill\u00e4\u00e4n pahoinpidelleen toista nuorta koulun l\u00e4hist\u00f6ll\u00e4 Turun Nummessa,&hellip;\n","protected":false},"author":2,"featured_media":86751,"comment_status":"","ping_status":"","sticky":false,"template":"","format":"standard","meta":{"footnotes":""},"categories":[12],"tags":[22,23,26,27,33,31,30,17,24,25,28,29,15,18,21,32,19,20,16],"class_list":{"0":"post-112548","1":"post","2":"type-post","3":"status-publish","4":"format-standard","5":"has-post-thumbnail","7":"category-suomi","8":"tag-breaking-news","9":"tag-breakingnews","10":"tag-featured-news","11":"tag-featurednews","12":"tag-fi","13":"tag-finland","14":"tag-finnish","15":"tag-headlines","16":"tag-latest-news","17":"tag-latestnews","18":"tag-main-news","19":"tag-mainnews","20":"tag-news","21":"tag-otsikot","22":"tag-paauutiset","23":"tag-suomi","24":"tag-top-stories","25":"tag-topstories","26":"tag-uutiset"},"share_on_mastodon":{"url":"https:\/\/pubeurope.com\/@fi\/115694371095997094","error":""},"_links":{"self":[{"href":"https:\/\/www.europesays.com\/fi\/wp-json\/wp\/v2\/posts\/112548","targetHints":{"allow":["GET"]}}],"collection":[{"href":"https:\/\/www.europesays.com\/fi\/wp-json\/wp\/v2\/posts"}],"about":[{"href":"https:\/\/www.europesays.com\/fi\/wp-json\/wp\/v2\/types\/post"}],"author":[{"embeddable":true,"href":"https:\/\/www.europesays.com\/fi\/wp-json\/wp\/v2\/users\/2"}],"replies":[{"embeddable":true,"href":"https:\/\/www.europesays.com\/fi\/wp-json\/wp\/v2\/comments?post=112548"}],"version-history":[{"count":0,"href":"https:\/\/www.europesays.com\/fi\/wp-json\/wp\/v2\/posts\/112548\/revisions"}],"wp:featuredmedia":[{"embeddable":true,"href":"https:\/\/www.europesays.com\/fi\/wp-json\/wp\/v2\/media\/86751"}],"wp:attachment":[{"href":"https:\/\/www.europesays.com\/fi\/wp-json\/wp\/v2\/media?parent=112548"}],"wp:term":[{"taxonomy":"category","embeddable":true,"href":"https:\/\/www.europesays.com\/fi\/wp-json\/wp\/v2\/categories?post=112548"},{"taxonomy":"post_tag","embeddable":true,"href":"https:\/\/www.europesays.com\/fi\/wp-json\/wp\/v2\/tags?post=112548"}],"curies":[{"name":"wp","href":"https:\/\/api.w.org\/{rel}","templated":true}]}}