{"id":112549,"date":"2025-12-10T08:39:07","date_gmt":"2025-12-10T08:39:07","guid":{"rendered":"https:\/\/www.europesays.com\/fi\/112549\/"},"modified":"2025-12-10T08:39:07","modified_gmt":"2025-12-10T08:39:07","slug":"suomessa-on-liikaa-hyvinvointialueita-arvioi-asiantuntijaryhma","status":"publish","type":"post","link":"https:\/\/www.europesays.com\/fi\/112549\/","title":{"rendered":"Suomessa on liikaa hyvinvointialueita, arvioi asiantuntijaryhm\u00e4"},"content":{"rendered":"<p>Hyvinvointialueet|Tutkijoiden mielest\u00e4 6\u201311 aluetta voisi olla sopiva m\u00e4\u00e4r\u00e4. V\u00e4liraportti soten tilasta esitt\u00e4\u00e4 useita toimia sote-uudistuksen kehitt\u00e4miseksi.<\/p>\n<p>Lue tiivistelm\u00e4<\/p>\n<p>Tiivistelm\u00e4 on teko\u00e4lyn tekem\u00e4 ja ihmisen tarkistama.<\/p>\n<p class=\"article-body mb-nof-24 px-nof-16 sndp-summary-bullet-point-font\">Asiantuntijaryhm\u00e4 arvioi, ett\u00e4 Suomessa on liikaa hyvinvointialueita ja suosittelee m\u00e4\u00e4r\u00e4n arvioimista uudelleen.<\/p>\n<p class=\"article-body mb-nof-24 px-nof-16 sndp-summary-bullet-point-font\">Tutkimusprofessori emeritus Markku Pekurinen sanoo, ett\u00e4 sopiva m\u00e4\u00e4r\u00e4 voisi olla 6\u201311 aluetta nykyisen 21 alueen ja Helsingin sijaan.<\/p>\n<p class=\"article-body mb-nof-24 px-nof-16 sndp-summary-bullet-point-font\">P\u00e4\u00e4ministeri Petteri Orpo antaa helmikuussa eduskunnalle ilmoituksen sosiaali- ja terveydenhuollosta ja linjaa raportin pohjalta jatkotoimia.<\/p>\n<p class=\"article-body mb-nof-24 px-nof-16 sndp-summary-bullet-point-font\">Raportti suosittelee my\u00f6s sairaala- ja p\u00e4ivystysverkon tiivist\u00e4misen arviointia.<\/p>\n<p class=\"article-body mb-nof-24 px-nof-16\">Hyvinvointialueiden nykyist\u00e4 m\u00e4\u00e4r\u00e4\u00e4 pit\u00e4\u00e4 arvioida uudestaan, koska suuremmat ja taloudellisesti vakaammat alueet voisivat paremmin kantaa vastuunsa. N\u00e4in sanoo keskiviikkona ilmestynyt v\u00e4liarviointi hyvinvointialueuudistuksesta.<\/p>\n<p class=\"article-body mb-nof-24 px-nof-16\">V\u00e4liarviointiin on ladattu kovat odotukset, sill\u00e4 p\u00e4\u00e4ministeri <a class=\"article-personlink\" href=\"https:\/\/www.hs.fi\/haku\/?query=Petteri%20Orpo\" rel=\"nofollow noopener\" target=\"_blank\">Petteri Orpo<\/a> (kok) on viitannut siihen useaan otteeseen opposition kovistellessa hallitusta.<\/p>\n<p class=\"article-body mb-nof-24 px-nof-16\">Orpo on luvannut antaa helmikuussa eduskunnalle p\u00e4\u00e4ministerin ilmoituksen sosiaali- ja terveydenhuollosta ja linjata raportin pohjalta, mit\u00e4 jatkoaskelia sotessa tarvitaan. Oppositio on toivonut parlamentaarista eli kaikkien puolueiden yhteisty\u00f6t\u00e4 sotessa. Sit\u00e4kin raportti ehdottaa.<\/p>\n<p class=\"article-body mb-nof-24 px-nof-16\">V\u00e4liarvioinnissa korostetaan, ett\u00e4 nykyinen m\u00e4\u00e4r\u00e4 eli 21 aluetta ja Helsinki ovat aikoinaan tehty poliittinen kompromissi, jotta uudistus ylip\u00e4\u00e4t\u00e4\u00e4n saatiin tehty\u00e4.<\/p>\n<p class=\"article-body mb-nof-24 px-nof-16\">V\u00e4liarviointiin osallistunut tutkimusprofessori emeritus <a class=\"article-personlink\" href=\"https:\/\/www.hs.fi\/haku\/?query=Markku%20Pekurinen\" rel=\"nofollow noopener\" target=\"_blank\">Markku Pekurinen <\/a>arvioi kansainv\u00e4listen esimerkkien osoittavan, ett\u00e4 sopiva v\u00e4est\u00f6pohja sote-alueelle olisi 500\u202f000\u2013900\u202f000 asukasta. Sen mukaan Suomessa sopiva m\u00e4\u00e4r\u00e4 voisi olla 6\u201311 aluetta.<\/p>\n<p class=\"article-body mb-nof-24 px-nof-16\">V\u00e4liarviointiin osallistunut professori <a class=\"article-personlink\" href=\"https:\/\/www.hs.fi\/haku\/?query=Arto%20Haveri\" rel=\"nofollow noopener\" target=\"_blank\">Arto Haveri <\/a>Tampereen yliopistosta sanoo, ett\u00e4 kolme aluetta on nyt niin sanotussa arviointimenettelyss\u00e4 eli valtion tiukemmassa ohjauksessa. Lopputuloksena voi Haverin mukaan hyvin olla se, ett\u00e4 alueita yhdistet\u00e4\u00e4n, mik\u00e4 johtaa sattumanvaraiseen kehitykseen.<\/p>\n<p class=\"article-body mb-nof-24 px-nof-16\">Tutkijat toivoisivat ennemmin kokonaisharkintaa kuin alueiden yhdistymist\u00e4 evoluution kautta.<\/p>\n<p class=\"article-body mb-nof-24 px-nof-16\">V\u00e4liarvioinnissa on muutakin poliittisesti kiihdytt\u00e4v\u00e4\u00e4 kuin alueiden m\u00e4\u00e4r\u00e4: asiantuntijaryhm\u00e4 suosittelee muun muassa arvioimaan sairaala- ja p\u00e4ivystysverkon tiivist\u00e4mist\u00e4 ja tuomaan arvio p\u00f6yt\u00e4\u00e4n kev\u00e4\u00e4n 2027 hallitusneuvotteluissa.<\/p>\n<p class=\"article-body mb-nof-24 px-nof-16\">Alueet ja niit\u00e4 edustavat poliitikot pit\u00e4v\u00e4t yleens\u00e4 viimeiseen asti kiinni omista sairaaloistaan ja niiden tarjoamasta erikoissairaanhoidosta. Samalla on selv\u00e4\u00e4, ett\u00e4 nykyisell\u00e4 Suomen v\u00e4est\u00f6kehityksell\u00e4 joka alueella ei voi pidemm\u00e4n p\u00e4\u00e4lle yll\u00e4pit\u00e4\u00e4 t\u00e4yden palvelun sairaalaa.<\/p>\n<p class=\"article-body mb-nof-24 px-nof-16\">Alueiden rahoitukseen on j\u00e4\u00e4nyt vinoumia, jotka pit\u00e4isi nyt korjata nopeasti, arvioinnissa sanotaan. My\u00f6s diagnoosien yhdenmukaisiin kirjausk\u00e4yt\u00e4nt\u00f6ihin on kiinnitett\u00e4v\u00e4 huomiota.<\/p>\n<p class=\"article-body mb-nof-24 px-nof-16\">Yksitt\u00e4isten sosiaali- ja terveydenhuollon palvelujen saatavuudessa ja uudistamisessa on raportin mukaan merkitt\u00e4vi\u00e4 eroja hyvinvointialueiden v\u00e4lill\u00e4. Yleisesti ottaen saatavuus on kuitenkin pysynyt uudistusta edelt\u00e4v\u00e4ll\u00e4 tasolla.<\/p>\n<p class=\"article-body mb-nof-24 px-nof-16\">Kyseess\u00e4 on sosiaali- ja terveysministeri\u00f6n, valtiovarainministeri\u00f6n ja sis\u00e4ministeri\u00f6n yhteinen raportti, jonka sosiaali- ja terveysministeri\u00f6n m\u00e4\u00e4r\u00e4aikainen alivaltiosihteeri <a class=\"article-personlink\" href=\"https:\/\/www.hs.fi\/haku\/?query=Marina%20Erhola\" rel=\"nofollow noopener\" target=\"_blank\">Marina Erhola<\/a> teetti viime t\u00f6ikseen. Erhola on ollut ministeri\u00f6ss\u00e4 vuoden 2025 ajan ja palaa t\u00e4m\u00e4n j\u00e4lkeen Pirkanmaan hyvinvointialueen johtoon.<\/p>\n<p class=\"article-body mb-nof-24 px-nof-16\">Erholan raportin v\u00e4liarvioinnin on tehnyt joukko tutkijoita eri tutkimuslaitoksista ja korkeakouluista. He ovat selvitt\u00e4neet, miten uudistuksen toimeenpanossa on onnistuttu hyvinvointialueiden ensimm\u00e4isin\u00e4 toimintavuosina ja millaiset ovat edellytykset saavuttaa uudistuksen tavoitteet pitk\u00e4ll\u00e4 aikav\u00e4lill\u00e4.<\/p>\n<p class=\"article-body mb-nof-24 px-nof-16\">Erholalta ilmestyi jo toukokuussa 2025 kehitt\u00e4misehdotuksia, joita varten h\u00e4n oli haastatellut noin 90 toimijaa hyvinvointialueilta ja saanut heilt\u00e4 kuutisensataa havaintoa ongelmista.<\/p>\n<p class=\"article-body mb-nof-24 px-nof-16\">P\u00e4\u00e4llimm\u00e4inen johtop\u00e4\u00e4t\u00f6s tuolloin oli, ett\u00e4 uudistuksen tavoiteltu eteneminen ja talouden reunaehdot ovat paikoin ristiriidassa, ja alueelliset erot ovat suuria. Erhola piti riskin\u00e4 sit\u00e4, ett\u00e4 alueita ohjaavat kolme ministeri\u00f6t\u00e4 tekev\u00e4t liian v\u00e4h\u00e4n yhteisty\u00f6t\u00e4 eiv\u00e4tk\u00e4 huomioi riitt\u00e4v\u00e4sti hyvinvointialueiden n\u00e4k\u00f6kulmaa.<\/p>\n","protected":false},"excerpt":{"rendered":"Hyvinvointialueet|Tutkijoiden mielest\u00e4 6\u201311 aluetta voisi olla sopiva m\u00e4\u00e4r\u00e4. V\u00e4liraportti soten tilasta esitt\u00e4\u00e4 useita toimia sote-uudistuksen kehitt\u00e4miseksi. Lue tiivistelm\u00e4&hellip;\n","protected":false},"author":2,"featured_media":112550,"comment_status":"","ping_status":"","sticky":false,"template":"","format":"standard","meta":{"footnotes":""},"categories":[5],"tags":[22,23,26,27,33,31,30,17,46,24,25,28,29,15,18,21,32,19,20,16],"class_list":{"0":"post-112549","1":"post","2":"type-post","3":"status-publish","4":"format-standard","5":"has-post-thumbnail","7":"category-otsikot","8":"tag-breaking-news","9":"tag-breakingnews","10":"tag-featured-news","11":"tag-featurednews","12":"tag-fi","13":"tag-finland","14":"tag-finnish","15":"tag-headlines","16":"tag-helsingin-sanomat","17":"tag-latest-news","18":"tag-latestnews","19":"tag-main-news","20":"tag-mainnews","21":"tag-news","22":"tag-otsikot","23":"tag-paauutiset","24":"tag-suomi","25":"tag-top-stories","26":"tag-topstories","27":"tag-uutiset"},"share_on_mastodon":{"url":"https:\/\/pubeurope.com\/@fi\/115694374947470883","error":""},"_links":{"self":[{"href":"https:\/\/www.europesays.com\/fi\/wp-json\/wp\/v2\/posts\/112549","targetHints":{"allow":["GET"]}}],"collection":[{"href":"https:\/\/www.europesays.com\/fi\/wp-json\/wp\/v2\/posts"}],"about":[{"href":"https:\/\/www.europesays.com\/fi\/wp-json\/wp\/v2\/types\/post"}],"author":[{"embeddable":true,"href":"https:\/\/www.europesays.com\/fi\/wp-json\/wp\/v2\/users\/2"}],"replies":[{"embeddable":true,"href":"https:\/\/www.europesays.com\/fi\/wp-json\/wp\/v2\/comments?post=112549"}],"version-history":[{"count":0,"href":"https:\/\/www.europesays.com\/fi\/wp-json\/wp\/v2\/posts\/112549\/revisions"}],"wp:featuredmedia":[{"embeddable":true,"href":"https:\/\/www.europesays.com\/fi\/wp-json\/wp\/v2\/media\/112550"}],"wp:attachment":[{"href":"https:\/\/www.europesays.com\/fi\/wp-json\/wp\/v2\/media?parent=112549"}],"wp:term":[{"taxonomy":"category","embeddable":true,"href":"https:\/\/www.europesays.com\/fi\/wp-json\/wp\/v2\/categories?post=112549"},{"taxonomy":"post_tag","embeddable":true,"href":"https:\/\/www.europesays.com\/fi\/wp-json\/wp\/v2\/tags?post=112549"}],"curies":[{"name":"wp","href":"https:\/\/api.w.org\/{rel}","templated":true}]}}