{"id":112553,"date":"2025-12-10T08:51:10","date_gmt":"2025-12-10T08:51:10","guid":{"rendered":"https:\/\/www.europesays.com\/fi\/112553\/"},"modified":"2025-12-10T08:51:10","modified_gmt":"2025-12-10T08:51:10","slug":"kalle-rovanpera-formuladebyytista-tuli-pannukakku","status":"publish","type":"post","link":"https:\/\/www.europesays.com\/fi\/112553\/","title":{"rendered":"Kalle Rovanper\u00e4: formuladebyytist\u00e4 tuli pannukakku"},"content":{"rendered":"<p>Kalle Rovanper\u00e4 joutui j\u00e4tt\u00e4m\u00e4\u00e4n leikin kesken.<\/p>\n<p>Kalle Rovanper\u00e4 testasi F1-auton vauhtia viime vuonna.Video: Red Bull<\/p>\n<p class=\"article-body mb-nof-24 px-nof-16\">Rallin kaksinkertaisen maailmanmestarin <a class=\"article-personlink\" href=\"https:\/\/www.is.fi\/haku\/?query=Kalle%20Rovanper%C3%A4n\" rel=\"nofollow noopener\" target=\"_blank\">Kalle Rovanper\u00e4n <\/a>formula-ura Japanissa alkoi ep\u00e4onnisesti.<\/p>\n<p class=\"article-body mb-nof-24 px-nof-16\">Rovanper\u00e4, 25, testasi Super Formula -sarjan autoa keskiviikkona Suzukan radalla. H\u00e4n oli aamusession ylivoimaisesti hitain kuski eik\u00e4 startannut lainkaan iltap\u00e4iv\u00e4ll\u00e4.<\/p>\n<p class=\"article-body mb-nof-24 px-nof-16\">Sek\u00e4 <a class=\"article-genericlink\" href=\"https:\/\/www.as-web.jp\/super-formula\/1277225\" rel=\"nofollow noopener\" target=\"_blank\">Auto Sportin<\/a> ett\u00e4 <a class=\"article-genericlink\" href=\"https:\/\/jp.motorsport.com\/super-formula\/news\/2025-rookie-test-session2-time\/10783781\/\" rel=\"nofollow noopener\" target=\"_blank\">Motorsportin <\/a>mukaan Rovanper\u00e4n poissaolon syy oli sairastuminen.<\/p>\n<p class=\"article-body mb-nof-24 px-nof-16\">Moottoriurheilutoimittaja <a class=\"article-personlink\" href=\"https:\/\/www.is.fi\/haku\/?query=Jamie%20Kleinin\" rel=\"nofollow noopener\" target=\"_blank\">Jamie Kleinin<\/a> <a class=\"article-genericlink\" href=\"https:\/\/x.com\/JamieKlein_\/status\/1998663071850701293\" rel=\"nofollow\">mukaan<\/a> Rovanper\u00e4n KCMG-tallin pomo <a class=\"article-personlink\" href=\"https:\/\/www.is.fi\/haku\/?query=Ryuji%20Doi\" rel=\"nofollow noopener\" target=\"_blank\">Ryuji Doi<\/a> kertoi, ett\u00e4 suomalaist\u00e4hti oli ollut huonovointinen. Tallipomo sanoi, ettei tilanne johtunut aamun murheista, vaan pikemminkin uupumuksesta raskaan vuoden p\u00e4\u00e4tteeksi.<\/p>\n<p class=\"article-body mb-nof-24 px-nof-16\">Rovanper\u00e4n oli annettu lev\u00e4t\u00e4, jotta t\u00e4m\u00e4 jaksaisi ajaa torstaina ja perjantaina. H\u00e4n ajoi marraskuun lopussa viel\u00e4 rallin MM-sarjan p\u00e4\u00e4t\u00f6skisan Saudi-Arabiassa.<\/p>\n<p><img decoding=\"async\" src=\"https:\/\/www.europesays.com\/fi\/wp-content\/uploads\/2025\/12\/1765356670_268_468.jpg\" alt=\"Kalle Rovanper\u00e4n ralliura p\u00e4\u00e4ttyi marraskuun lopussa.\" class=\"_Img_1rerz_1\" style=\"aspect-ratio:1.3333333333333333\" loading=\"eager\"\/><\/p>\n<p class=\"article-picture-caption\">Kalle Rovanper\u00e4n ralliura p\u00e4\u00e4ttyi marraskuun lopussa. Kuva:\u00a0Tuomas Arkimies<\/p>\n<p class=\"article-body mb-nof-24 px-nof-16\">Suzukan testien parhaan ajan ajoi sek\u00e4 aamulla ett\u00e4 iltap\u00e4iv\u00e4ll\u00e4 <a class=\"article-personlink\" href=\"https:\/\/www.is.fi\/haku\/?query=Igor%20Omura%20Fraga\" rel=\"nofollow noopener\" target=\"_blank\">Igor Omura Fraga<\/a>. Rovanper\u00e4n paras kierrosaika oli aamulla reilut seitsem\u00e4n sekuntia Fragaa hitaampi.<\/p>\n<p class=\"article-body mb-nof-24 px-nof-16\">KCMG-tallin toinen kuski <a class=\"article-personlink\" href=\"https:\/\/www.is.fi\/haku\/?query=Kenta%20Yamashita\" rel=\"nofollow noopener\" target=\"_blank\">Kenta Yamashita<\/a> oli aamusession kuudenneksi nopein ja iltap\u00e4iv\u00e4n kolmanneksi nopein.<\/p>\n<p class=\"article-body mb-nof-24 px-nof-16\">Rovanper\u00e4 ajoi aamulla 32 kierrosta.<\/p>\n","protected":false},"excerpt":{"rendered":"Kalle Rovanper\u00e4 joutui j\u00e4tt\u00e4m\u00e4\u00e4n leikin kesken. Kalle Rovanper\u00e4 testasi F1-auton vauhtia viime vuonna.Video: Red Bull Rallin kaksinkertaisen maailmanmestarin&hellip;\n","protected":false},"author":2,"featured_media":112554,"comment_status":"","ping_status":"","sticky":false,"template":"","format":"standard","meta":{"footnotes":""},"categories":[136],"tags":[407,137,33,31,30,34,408,32,109],"class_list":{"0":"post-112553","1":"post","2":"type-post","3":"status-publish","4":"format-standard","5":"has-post-thumbnail","7":"category-julkkikset","8":"tag-celebrities","9":"tag-entertainment","10":"tag-fi","11":"tag-finland","12":"tag-finnish","13":"tag-ilta-sanomat","14":"tag-julkkikset","15":"tag-suomi","16":"tag-viihde"},"share_on_mastodon":{"url":"https:\/\/pubeurope.com\/@fi\/115694422416941441","error":""},"_links":{"self":[{"href":"https:\/\/www.europesays.com\/fi\/wp-json\/wp\/v2\/posts\/112553","targetHints":{"allow":["GET"]}}],"collection":[{"href":"https:\/\/www.europesays.com\/fi\/wp-json\/wp\/v2\/posts"}],"about":[{"href":"https:\/\/www.europesays.com\/fi\/wp-json\/wp\/v2\/types\/post"}],"author":[{"embeddable":true,"href":"https:\/\/www.europesays.com\/fi\/wp-json\/wp\/v2\/users\/2"}],"replies":[{"embeddable":true,"href":"https:\/\/www.europesays.com\/fi\/wp-json\/wp\/v2\/comments?post=112553"}],"version-history":[{"count":0,"href":"https:\/\/www.europesays.com\/fi\/wp-json\/wp\/v2\/posts\/112553\/revisions"}],"wp:featuredmedia":[{"embeddable":true,"href":"https:\/\/www.europesays.com\/fi\/wp-json\/wp\/v2\/media\/112554"}],"wp:attachment":[{"href":"https:\/\/www.europesays.com\/fi\/wp-json\/wp\/v2\/media?parent=112553"}],"wp:term":[{"taxonomy":"category","embeddable":true,"href":"https:\/\/www.europesays.com\/fi\/wp-json\/wp\/v2\/categories?post=112553"},{"taxonomy":"post_tag","embeddable":true,"href":"https:\/\/www.europesays.com\/fi\/wp-json\/wp\/v2\/tags?post=112553"}],"curies":[{"name":"wp","href":"https:\/\/api.w.org\/{rel}","templated":true}]}}