{"id":112567,"date":"2025-12-10T09:02:09","date_gmt":"2025-12-10T09:02:09","guid":{"rendered":"https:\/\/www.europesays.com\/fi\/112567\/"},"modified":"2025-12-10T09:02:09","modified_gmt":"2025-12-10T09:02:09","slug":"puuilon-osake-sukeltaa-morjensta-joulupoytaan","status":"publish","type":"post","link":"https:\/\/www.europesays.com\/fi\/112567\/","title":{"rendered":"Puuilon osake sukeltaa \u2013 \u201dMorjensta joulup\u00f6yt\u00e4\u00e4n!\u201d"},"content":{"rendered":"<p>Toimitusjohtaja: \u201dN\u00e4emme keskiostokseen laskuun useita syit\u00e4, joista t\u00e4rkeimp\u00e4n\u00e4 on edelleen jatkuva kuluttajien varovaisuus.\u201d<\/p>\n<p><img decoding=\"async\" class=\"image image-show image-preview\" src=\"https:\/\/www.europesays.com\/fi\/wp-content\/uploads\/2025\/12\/6f1e164943ba32c09fe4968babfc1b5686595e87d4886a2662a085a7ec3f3032.jpg\" alt=\"\"\/><img decoding=\"async\" class=\"image image-show\" src=\"https:\/\/www.europesays.com\/fi\/wp-content\/uploads\/2025\/12\/1765357329_39_6f1e164943ba32c09fe4968babfc1b5686595e87d4886a2662a085a7ec3f3032.jpg\" alt=\"\"\/><\/p>\n<p>Puuilon toimitusjohtaja Juha Saarela. Arkistokuva vuodelta 2021. Antti Mannermaa<\/p>\n<p class=\"paragraph\">Puuilon p\u00f6rssikurssi on ollut tukevassa laskussa Helsingin p\u00f6rssin kaupank\u00e4ynnin avauksessa keskiviikkona. Kello 10.03 aikaan osake oli halventunut 7,1 prosenttia ja osakkeesta maksettiin 13,28 euroa.<\/p>\n<p class=\"paragraph\">Puuilon elo\u2013lokakuun liikevaihto kasvoi viime vuoden vastaavan ajan 102,2 miljoonasta eurosta 116,2 miljoonaan euroon, yhti\u00f6 kertoi osavuosikatsauksessaan keskiviikkona.<\/p>\n<p class=\"paragraph\">Liikevoitto kasvoi 19,3 miljoonasta eurosta 21,4 miljoonaan euroon.<\/p>\n<p class=\"paragraph\"><a href=\"https:\/\/www.kauppalehti.fi\/uutiset\/a\/67d1bf8f-0bb9-474f-892b-3ad0ab4bc299\" target=\"_blank\" rel=\"noopener nofollow\">Kauppalehden mukaan<\/a> liikevaihto ja liikevoitto olivat hieman alle ennusteiden.<\/p>\n<p>Toimitusjohtaja: \u201dVoitamme markkinaosuutta\u201d<\/p>\n<p class=\"paragraph\">Toimitusjohtaja <strong>Juha Saarela<\/strong> kuvaa katsauksessa Puuilon syksyn sujuneen hyvin.<\/p>\n<p class=\"paragraph\">\u2013 Morjensta joulup\u00f6yt\u00e4\u00e4n! Saarela avaa tiedotteen.<\/p>\n<p class=\"paragraph\">\u2013 Liikevaihtomme kasvoi 13,7 % ja vertailukelpoisesti 2,2 %. Asiakasm\u00e4\u00e4rien kasvu oli n\u00e4it\u00e4kin lukuja vahvempaa. Asiakasm\u00e4\u00e4r\u00e4t kasvoivat kaikissa myym\u00e4l\u00f6iss\u00e4 yhteens\u00e4 16,0 % ja vertailukelpoisesti 4,6 %, Saarela sanoo.<\/p>\n<p class=\"paragraph\">Puuilon asiakkaiden keskiostos kuitenkin laski edellisen vuoden vastaavan jaksoon verrattuna 2,0 %.<\/p>\n<p class=\"paragraph\">\u2013 N\u00e4emme keskiostokseen laskuun useita syit\u00e4, joista t\u00e4rkeimp\u00e4n\u00e4 on edelleen jatkuva kuluttajien varovaisuus. Konsepti kuitenkin toimii ja voitamme markkinaosuutta, Saarela sanoo.<\/p>\n<p class=\"paragraph\">Puuilon syksyn oikaistu liikevoitto (ebita) nousi 19,7 miljoonasta eurosta 21,9 miljoonaan euroon, joka oli 18,8 % (19,2 % 2024) liikevaihdosta.<\/p>\n<p class=\"paragraph\">\u2013 Suhteellinen kannattavuus laski p\u00e4\u00e4osin henkil\u00f6st\u00f6kulujen kasvusta johtuen. Henkil\u00f6st\u00f6kulujen kasvu johtui muun muassa elokuussa voimaan tulleesta ty\u00f6ehtosopimuksen mukaisesta yleiskorotuksesta.<\/p>\n<p>Puuilo tarkensi n\u00e4kymi\u00e4\u00e4n<\/p>\n<p class=\"paragraph\">Puuilo tarkensi puolivuotiskatsauksessaan syyskuussa toistamiaan n\u00e4kymi\u00e4\u00e4n tilikaudelle 2025.<\/p>\n<p class=\"paragraph\">Yhti\u00f6 ennustaa nyt tilikauden 2025 liikevaihdon olevan 430\u2013450 miljoonaa euroa ja oikaistun ebitan olevan 72\u201379 miljoonaa euroa.<\/p>\n<p class=\"paragraph\">Aiempi ennuste oli 425\u2013455 miljoonaa euroa ja 70\u201380 miljoonaa euroa.<\/p>\n","protected":false},"excerpt":{"rendered":"Toimitusjohtaja: \u201dN\u00e4emme keskiostokseen laskuun useita syit\u00e4, joista t\u00e4rkeimp\u00e4n\u00e4 on edelleen jatkuva kuluttajien varovaisuus.\u201d Puuilon toimitusjohtaja Juha Saarela. Arkistokuva&hellip;\n","protected":false},"author":2,"featured_media":112568,"comment_status":"","ping_status":"","sticky":false,"template":"","format":"standard","meta":{"footnotes":""},"categories":[76],"tags":[35,79,77,33,31,30,1322,6487,1320,2349,32,78,1319],"class_list":{"0":"post-112567","1":"post","2":"type-post","3":"status-publish","4":"format-standard","5":"has-post-thumbnail","7":"category-talous","8":"tag-24h","9":"tag-business","10":"tag-economy","11":"tag-fi","12":"tag-finland","13":"tag-finnish","14":"tag-laskentatoimi","15":"tag-liiketulos","16":"tag-liikevaihto","17":"tag-myynti","18":"tag-suomi","19":"tag-talous","20":"tag-tulostiedot"},"share_on_mastodon":{"url":"https:\/\/pubeurope.com\/@fi\/115694465647038611","error":""},"_links":{"self":[{"href":"https:\/\/www.europesays.com\/fi\/wp-json\/wp\/v2\/posts\/112567","targetHints":{"allow":["GET"]}}],"collection":[{"href":"https:\/\/www.europesays.com\/fi\/wp-json\/wp\/v2\/posts"}],"about":[{"href":"https:\/\/www.europesays.com\/fi\/wp-json\/wp\/v2\/types\/post"}],"author":[{"embeddable":true,"href":"https:\/\/www.europesays.com\/fi\/wp-json\/wp\/v2\/users\/2"}],"replies":[{"embeddable":true,"href":"https:\/\/www.europesays.com\/fi\/wp-json\/wp\/v2\/comments?post=112567"}],"version-history":[{"count":0,"href":"https:\/\/www.europesays.com\/fi\/wp-json\/wp\/v2\/posts\/112567\/revisions"}],"wp:featuredmedia":[{"embeddable":true,"href":"https:\/\/www.europesays.com\/fi\/wp-json\/wp\/v2\/media\/112568"}],"wp:attachment":[{"href":"https:\/\/www.europesays.com\/fi\/wp-json\/wp\/v2\/media?parent=112567"}],"wp:term":[{"taxonomy":"category","embeddable":true,"href":"https:\/\/www.europesays.com\/fi\/wp-json\/wp\/v2\/categories?post=112567"},{"taxonomy":"post_tag","embeddable":true,"href":"https:\/\/www.europesays.com\/fi\/wp-json\/wp\/v2\/tags?post=112567"}],"curies":[{"name":"wp","href":"https:\/\/api.w.org\/{rel}","templated":true}]}}