{"id":112597,"date":"2025-12-10T09:43:09","date_gmt":"2025-12-10T09:43:09","guid":{"rendered":"https:\/\/www.europesays.com\/fi\/112597\/"},"modified":"2025-12-10T09:43:09","modified_gmt":"2025-12-10T09:43:09","slug":"tuure-kilpelainen-ja-manuela-bosco-koti-myyntiin","status":"publish","type":"post","link":"https:\/\/www.europesays.com\/fi\/112597\/","title":{"rendered":"Tuure Kilpel\u00e4inen ja Manuela Bosco: Koti myyntiin"},"content":{"rendered":"<p>Taiteilija Manuela Bosco ilmoittaa h\u00e4nen ja puolisonsa Tuure Kilpel\u00e4isen p\u00e4\u00e4t\u00f6ksest\u00e4 laittaa kotinsa myyntiin.<\/p>\n<p><img decoding=\"async\" class=\"image image-show image-preview\" src=\"https:\/\/www.europesays.com\/fi\/wp-content\/uploads\/2025\/12\/8936aff7769b7b68d2bbb159d6eb2e8ca1cff6974e9996dbb188da036643993c.jpg\" alt=\"\"\/><img decoding=\"async\" class=\"image image-show\" src=\"https:\/\/www.europesays.com\/fi\/wp-content\/uploads\/2025\/12\/1765359789_171_8936aff7769b7b68d2bbb159d6eb2e8ca1cff6974e9996dbb188da036643993c.jpg\" alt=\"\"\/><\/p>\n<p>Manuela Bosco ja Tuure Kilpel\u00e4inen ovat pit\u00e4neet yht\u00e4 yli seitsem\u00e4n vuotta. Antti Mannermaa<\/p>\n<p class=\"paragraph\">Muusikko <strong>Tuure Kilpel\u00e4inen<\/strong>, 55, ja taiteilija <strong>Manuela Bosco<\/strong>, 43, ovat laittamassa Laajasalon-kotiaan myyntiin. Bosco ilmoittaa asiasta Instagram-julkaisussaan.<\/p>\n<p class=\"paragraph\">\u2013 Ollaan syv\u00e4llisten pohdintojen kautta p\u00e4\u00e4dytty ratkaisuun luopua Laajasalon kodistamme. El\u00e4m\u00e4 n\u00e4iden kahden vuoden aikana on ollut kodin osalta Ihanaa. Se mik\u00e4 ei ole ollut niin ihanaa on se, ett\u00e4 olen l\u00e4hes asunut autossa ja ajellut keskusta\u2013Laajasalo\u2013L\u00e4nsi-Helsinki-akselia vanhempien lasteni koulujen ja aktiivisten harrastusten t\u00e4hden, taiteilija kirjoittaa.<\/p>\n<p class=\"paragraph\">\u2013 Uusperheemme arjessa el\u00e4m\u00e4 jakautuu moneen suuntaan ja koska kuskaamiset ovat p\u00e4ivitt\u00e4isi\u00e4, on arki yksinkertaisesti osoittautunut liian kuormittavaksi. N\u00e4in ollen meid\u00e4n on kevennett\u00e4v\u00e4 el\u00e4m\u00e4\u00e4 sielt\u00e4 mist\u00e4 sit\u00e4 voidaan kevent\u00e4\u00e4, ennen kuin se alkaa sy\u00f6d\u00e4 terveytt\u00e4, h\u00e4n jatkaa.<\/p>\n<p class=\"paragraph\">Boscon mukaan muutosta tekee raskaan erityisesti heille rakkaasta kodista ja sen ymp\u00e4rist\u00f6st\u00e4 luopuminen.<\/p>\n<p class=\"paragraph\">\u2013 Mutta, el\u00e4m\u00e4\u00e4n t\u00e4ytyy luottaa, olla viisas ja kuunnella sit\u00e4 joka tiet\u00e4\u00e4, omaa kehoa ja syd\u00e4nt\u00e4. Ennen kuin 70-luvun paritalon puolikas tulee myyntiin virallisesti, tarjoamme sit\u00e4 yksityisesti, h\u00e4n sanoo.<\/p>\n<p class=\"paragraph\">Bosco on julkaissut kuvia ja tietoja heid\u00e4n kodistaan. 339-neli\u00f6isess\u00e4 kodissa on kolme kerrosta. Kodista l\u00f6ytyy muun muassa kolme vessaa, kaksi kylpyhuonetta, avokeitti\u00f6, puusauna sek\u00e4 iso etu- ja takapiha.<\/p>\n<p class=\"paragraph\">Mik\u00e4li linkki ei n\u00e4y, voit katsoa julkaisun <a href=\"https:\/\/www.instagram.com\/p\/DSDbjImjcUO\/?img_index=1\" target=\"_blank\" rel=\"noopener nofollow\">t\u00e4\u00e4lt\u00e4<\/a>.<\/p>\n<p class=\"paragraph\">Yli seitsem\u00e4n vuotta yht\u00e4 pit\u00e4nyt pari kertoi lokakuussa <a href=\"https:\/\/www.hs.fi\/kulttuuri\/art-2000011414330.html\" target=\"_blank\" rel=\"noopener nofollow\">Helsingin Sanomille<\/a>, ett\u00e4 ovat pohtineet <a href=\"https:\/\/www.iltalehti.fi\/viihdeuutiset\/2700f522-f54b-4779-9ee5-c436bb50aa3f\" rel=\"nofollow noopener\" target=\"_blank\">suhteensa jatkuvuutta<\/a>.<\/p>\n<p class=\"paragraph\">\u2013 Oli uudelleenarvioinnin paikka. Tarvitseeko olla yhdess\u00e4? Haluaako olla? Kun asian kokee haluamisen kautta, se vapauttaa, Kilpel\u00e4inen kertoi lehdelle.<\/p>\n<p class=\"paragraph\">Pariskunta vastasi kyll\u00e4 ja jatkoi yhdess\u00e4.<\/p>\n<p class=\"paragraph\">Kilpel\u00e4inen ja Bosco meniv\u00e4t naimisiin vuonna 2018. Uusperheeseen kuuluu kuusi lasta. Helmikuussa 2024 uutisoitiin, ett\u00e4 perhe <a href=\"https:\/\/www.iltalehti.fi\/viihdeuutiset\/c70a5347-e221-4079-ba0e-43152eedaa13\" rel=\"nofollow noopener\" target=\"_blank\">muutti pois<\/a> Helsingin kantakaupungista alkuvuonna 2024.<\/p>\n<p><script async src=\"\/\/www.instagram.com\/embed.js\"><\/script><\/p>\n","protected":false},"excerpt":{"rendered":"Taiteilija Manuela Bosco ilmoittaa h\u00e4nen ja puolisonsa Tuure Kilpel\u00e4isen p\u00e4\u00e4t\u00f6ksest\u00e4 laittaa kotinsa myyntiin. Manuela Bosco ja Tuure Kilpel\u00e4inen&hellip;\n","protected":false},"author":2,"featured_media":112598,"comment_status":"","ping_status":"","sticky":false,"template":"","format":"standard","meta":{"footnotes":""},"categories":[136],"tags":[35,138,407,137,33,31,30,408,47,141,2349,742,32,109],"class_list":{"0":"post-112597","1":"post","2":"type-post","3":"status-publish","4":"format-standard","5":"has-post-thumbnail","7":"category-julkkikset","8":"tag-24h","9":"tag-audio","10":"tag-celebrities","11":"tag-entertainment","12":"tag-fi","13":"tag-finland","14":"tag-finnish","15":"tag-julkkikset","16":"tag-musiikki","17":"tag-muusikot-bandit","18":"tag-myynti","19":"tag-suomalainen-musiikki","20":"tag-suomi","21":"tag-viihde"},"share_on_mastodon":{"url":"https:\/\/pubeurope.com\/@fi\/115694626925928036","error":""},"_links":{"self":[{"href":"https:\/\/www.europesays.com\/fi\/wp-json\/wp\/v2\/posts\/112597","targetHints":{"allow":["GET"]}}],"collection":[{"href":"https:\/\/www.europesays.com\/fi\/wp-json\/wp\/v2\/posts"}],"about":[{"href":"https:\/\/www.europesays.com\/fi\/wp-json\/wp\/v2\/types\/post"}],"author":[{"embeddable":true,"href":"https:\/\/www.europesays.com\/fi\/wp-json\/wp\/v2\/users\/2"}],"replies":[{"embeddable":true,"href":"https:\/\/www.europesays.com\/fi\/wp-json\/wp\/v2\/comments?post=112597"}],"version-history":[{"count":0,"href":"https:\/\/www.europesays.com\/fi\/wp-json\/wp\/v2\/posts\/112597\/revisions"}],"wp:featuredmedia":[{"embeddable":true,"href":"https:\/\/www.europesays.com\/fi\/wp-json\/wp\/v2\/media\/112598"}],"wp:attachment":[{"href":"https:\/\/www.europesays.com\/fi\/wp-json\/wp\/v2\/media?parent=112597"}],"wp:term":[{"taxonomy":"category","embeddable":true,"href":"https:\/\/www.europesays.com\/fi\/wp-json\/wp\/v2\/categories?post=112597"},{"taxonomy":"post_tag","embeddable":true,"href":"https:\/\/www.europesays.com\/fi\/wp-json\/wp\/v2\/tags?post=112597"}],"curies":[{"name":"wp","href":"https:\/\/api.w.org\/{rel}","templated":true}]}}