{"id":112627,"date":"2025-12-10T10:23:07","date_gmt":"2025-12-10T10:23:07","guid":{"rendered":"https:\/\/www.europesays.com\/fi\/112627\/"},"modified":"2025-12-10T10:23:07","modified_gmt":"2025-12-10T10:23:07","slug":"asiantuntijaryhma-hyvinvointialueita-on-liikaa-ilta-sanomat","status":"publish","type":"post","link":"https:\/\/www.europesays.com\/fi\/112627\/","title":{"rendered":"Asiantuntijaryhm\u00e4: Hyvinvointialueita on liikaa &#8211; Ilta-Sanomat"},"content":{"rendered":"<p>Hyvinvointialueita on t\u00e4ll\u00e4 hetkell\u00e4 21.<\/p>\n<p class=\"article-body mb-nof-24 px-nof-16\">Hyvinvointialueiden m\u00e4\u00e4r\u00e4\u00e4 ja sairaala- ja p\u00e4ivystysverkon tiivist\u00e4mist\u00e4 tulee arvioida. T\u00e4t\u00e4 mielt\u00e4 on asiantuntijaryhm\u00e4 hallitukselle laatimassaan v\u00e4liraportissa, joka julkaistiin keskiviikkona.<\/p>\n<p class=\"article-body mb-nof-24 px-nof-16\">Asiantuntijat tekev\u00e4t raportissaan useita lyhyen ja pitk\u00e4n aikav\u00e4lin ehdotuksia sosiaali- ja terveyspalveluiden parantamiseksi. Edell\u00e4 mainittujen lis\u00e4ksi he ehdottavat, ett\u00e4 lyhyell\u00e4 aikav\u00e4lill\u00e4 pit\u00e4isi esimerkiksi korjata hyvinvointialueiden rahoitusmallia ja vahvistaa alueiden kansallista ohjausta.<\/p>\n<p class=\"article-body mb-nof-24 px-nof-16\">V\u00e4liraportin mukaan sosiaali- ja terveyspalveluiden laatu ja yhdenvertaisuus ovat parantuneet. Palveluiden saatavuus on valtakunnallisesti pysynyt p\u00e4\u00e4osin samalla tasolla kuin ennen sote-uudistusta. Alueiden v\u00e4lill\u00e4 on kuitenkin eroja.<\/p>\n<p class=\"article-body mb-nof-24 px-nof-16\">V\u00e4liarvioinnin laati joukko tutkijoita eri tutkimuslaitoksista ja korkeakouluista. Arvioinnin k\u00e4ynnistiv\u00e4t sosiaali- ja terveysministeri\u00f6, valtiovarainministeri\u00f6 ja sis\u00e4ministeri\u00f6, ja se on osa alivaltiosihteeri <a class=\"article-personlink\" href=\"https:\/\/www.is.fi\/haku\/?query=Marina%20Erholan\" rel=\"nofollow noopener\" target=\"_blank\">Marina Erholan<\/a> saamaa toimeksiantoa.<\/p>\n<p class=\"article-body mb-nof-24 px-nof-16\">Hyvinvointialueita on t\u00e4ll\u00e4 hetkell\u00e4 21, ja lis\u00e4ksi Helsingin kaupunki huolehtii sosiaali- ja terveydenhuollon sek\u00e4 pelastustoimen j\u00e4rjest\u00e4misest\u00e4.<\/p>\n<p class=\"article-body mb-nof-24 px-nof-16\">\u2013\u2009Hyvinvointialueiden nykyinen m\u00e4\u00e4r\u00e4 oli sovitteluratkaisu sille, ett\u00e4 sote-uudistukselle saatiin aikanaan poliittinen hyv\u00e4ksynt\u00e4, raportissa kommentoidaan.<\/p>\n<p class=\"article-body mb-nof-24 px-nof-16\">Asiantuntijoiden mielest\u00e4 ennen kev\u00e4\u00e4n 2027 hallitusneuvotteluja pit\u00e4isi m\u00e4\u00e4ritell\u00e4 kriteerit sille, miten alueiden m\u00e4\u00e4r\u00e4\u00e4 ja rakennetta arvioidaan. Mahdolliset aluejaon muutokset pit\u00e4isi tehd\u00e4 kansallisen kokonaisarvion perusteella.<\/p>\n<p class=\"article-body mb-nof-24 px-nof-16\">\u2013\u2009Uudelleenarvioinnin yhteydess\u00e4 pit\u00e4\u00e4 ottaa huomioon, ett\u00e4 suuremmat ja taloudellisesti vakaammat alueet voivat kantaa vastuunsa itsen\u00e4isemmin. T\u00e4m\u00e4 v\u00e4hent\u00e4\u00e4 odotusta valtion lis\u00e4rahoituksesta.<\/p>\n<p class=\"article-body mb-nof-24 px-nof-16\">My\u00f6s sairaala- ja p\u00e4ivystysverkon kehitt\u00e4misest\u00e4 pit\u00e4isi asiantuntijoiden mielest\u00e4 tehd\u00e4 ehdotus kev\u00e4\u00e4n 2027 hallitusneuvotteluihin. Asiantuntijat hy\u00f6dynt\u00e4isiv\u00e4t jo tehty\u00e4 selvityst\u00e4 ja ehdottavat sen arvioimista, mitk\u00e4 erikois\u00adsairaanhoidon palvelut kullakin hyvinvointialueella on mahdollista ja tarkoituksen\u00admukaista tuottaa.<\/p>\n","protected":false},"excerpt":{"rendered":"Hyvinvointialueita on t\u00e4ll\u00e4 hetkell\u00e4 21. Hyvinvointialueiden m\u00e4\u00e4r\u00e4\u00e4 ja sairaala- ja p\u00e4ivystysverkon tiivist\u00e4mist\u00e4 tulee arvioida. T\u00e4t\u00e4 mielt\u00e4 on asiantuntijaryhm\u00e4&hellip;\n","protected":false},"author":2,"featured_media":1024,"comment_status":"","ping_status":"","sticky":false,"template":"","format":"standard","meta":{"footnotes":""},"categories":[12],"tags":[22,23,26,27,33,31,30,17,34,24,25,28,29,15,18,21,32,19,20,16],"class_list":{"0":"post-112627","1":"post","2":"type-post","3":"status-publish","4":"format-standard","5":"has-post-thumbnail","7":"category-suomi","8":"tag-breaking-news","9":"tag-breakingnews","10":"tag-featured-news","11":"tag-featurednews","12":"tag-fi","13":"tag-finland","14":"tag-finnish","15":"tag-headlines","16":"tag-ilta-sanomat","17":"tag-latest-news","18":"tag-latestnews","19":"tag-main-news","20":"tag-mainnews","21":"tag-news","22":"tag-otsikot","23":"tag-paauutiset","24":"tag-suomi","25":"tag-top-stories","26":"tag-topstories","27":"tag-uutiset"},"share_on_mastodon":{"url":"https:\/\/pubeurope.com\/@fi\/115694783963359021","error":""},"_links":{"self":[{"href":"https:\/\/www.europesays.com\/fi\/wp-json\/wp\/v2\/posts\/112627","targetHints":{"allow":["GET"]}}],"collection":[{"href":"https:\/\/www.europesays.com\/fi\/wp-json\/wp\/v2\/posts"}],"about":[{"href":"https:\/\/www.europesays.com\/fi\/wp-json\/wp\/v2\/types\/post"}],"author":[{"embeddable":true,"href":"https:\/\/www.europesays.com\/fi\/wp-json\/wp\/v2\/users\/2"}],"replies":[{"embeddable":true,"href":"https:\/\/www.europesays.com\/fi\/wp-json\/wp\/v2\/comments?post=112627"}],"version-history":[{"count":0,"href":"https:\/\/www.europesays.com\/fi\/wp-json\/wp\/v2\/posts\/112627\/revisions"}],"wp:featuredmedia":[{"embeddable":true,"href":"https:\/\/www.europesays.com\/fi\/wp-json\/wp\/v2\/media\/1024"}],"wp:attachment":[{"href":"https:\/\/www.europesays.com\/fi\/wp-json\/wp\/v2\/media?parent=112627"}],"wp:term":[{"taxonomy":"category","embeddable":true,"href":"https:\/\/www.europesays.com\/fi\/wp-json\/wp\/v2\/categories?post=112627"},{"taxonomy":"post_tag","embeddable":true,"href":"https:\/\/www.europesays.com\/fi\/wp-json\/wp\/v2\/tags?post=112627"}],"curies":[{"name":"wp","href":"https:\/\/api.w.org\/{rel}","templated":true}]}}