{"id":112669,"date":"2025-12-10T11:36:09","date_gmt":"2025-12-10T11:36:09","guid":{"rendered":"https:\/\/www.europesays.com\/fi\/112669\/"},"modified":"2025-12-10T11:36:09","modified_gmt":"2025-12-10T11:36:09","slug":"rappari-ares-kerasi-eniten-emma-ehdokkuuksia-kulttuuri","status":"publish","type":"post","link":"https:\/\/www.europesays.com\/fi\/112669\/","title":{"rendered":"R\u00e4pp\u00e4ri Ares ker\u00e4si eniten Emma-ehdokkuuksia | Kulttuuri"},"content":{"rendered":"<p class=\"aw-1gybjub aw-5vja16 kEtdKx kmuxyA yle__article__paragraph\">Artisti on ehdolla kuuden Emma-palkinnon saajaksi.<\/p>\n<p><img decoding=\"async\" alt=\"Aris potrettikuvassa, kuvattu hitusen ylh\u00e4\u00e4lt\u00e4 k\u00e4sin, katse sivulle yl\u00e4viistoon kohti kameraa.\" src=\"https:\/\/www.europesays.com\/fi\/wp-content\/uploads\/2025\/12\/39-142393367b49759e42ba.jpeg\" class=\"aw-1l9m598 hKVVvP\"\/><\/p>\n<p>Avaa kuvien katselu<\/p>\n<p>R\u00e4pp\u00e4ri Ares on tehnyt uraa jo vuosia, kunnes l\u00e4pimurto tapahtui t\u00e4n\u00e4 vuonna. Kuva: Katriina Laine \/ Yle<\/p>\n<p class=\"aw-1gybjub aw-1p7kakr kEtdKx cEmitX yle__article__paragraph\">Vuoden 2025 Emma-palkintoehdokkaat on julkistettu.<\/p>\n<p class=\"aw-1gybjub aw-1p7kakr kEtdKx cEmitX yle__article__paragraph\">Eniten ehdokkuuksia nappasi r\u00e4pp\u00e4ri <strong class=\"aw-ak79eh KyCXm yle__article__strong\">Ares<\/strong>, joka on ehdolla kuudessa kategoriassa: vuoden artisti, vuoden albumi, vuoden tulokas, vuoden biisi, vuoden rap ja vuoden kotimainen artisti\/yhtye, joka valitaan yleis\u00f6\u00e4\u00e4nestyksell\u00e4.<\/p>\n<p class=\"aw-1gybjub aw-1p7kakr kEtdKx cEmitX yle__article__paragraph\">Vuoden aikana l\u00e4pimurtonsa tehnyt Ares on tunnettu etenkin kappaleesta Menestys on paras tapa kostaa. Se oli t\u00e4n\u00e4 vuonna Suomen striimatuin kappale.<\/p>\n<p class=\"aw-1gybjub aw-1p7kakr kEtdKx cEmitX yle__article__paragraph\">Seuraavaksi eniten eli viisi ehdokkuutta sai popduo <strong class=\"aw-ak79eh KyCXm yle__article__strong\">Emma<\/strong> ja <strong class=\"aw-ak79eh KyCXm yle__article__strong\">Matilda<\/strong>. Nelj\u00e4ss\u00e4 sarjassa ehdolla ovat <strong class=\"aw-ak79eh KyCXm yle__article__strong\">Averagekidluke<\/strong>, <strong class=\"aw-ak79eh KyCXm yle__article__strong\">Bizi<\/strong>, <strong class=\"aw-ak79eh KyCXm yle__article__strong\">Isac Elliot<\/strong>, <strong class=\"aw-ak79eh KyCXm yle__article__strong\">Komiat<\/strong> ja <strong class=\"aw-ak79eh KyCXm yle__article__strong\">Olga<\/strong>.<\/p>\n<p class=\"aw-1gybjub aw-1p7kakr kEtdKx cEmitX yle__article__paragraph\">Emma-gaala j\u00e4rjestet\u00e4\u00e4n Espoon areenalla lauantaina 7. maaliskuuta 2026. Juhlassa jaetaan musiikkialan palkintoja yli kahdessakymmeness\u00e4 ehdokassarjassa.<\/p>\n<p class=\"aw-1gybjub aw-1p7kakr kEtdKx cEmitX yle__article__paragraph\">Uutinen p\u00e4ivittyy<\/p>\n","protected":false},"excerpt":{"rendered":"Artisti on ehdolla kuuden Emma-palkinnon saajaksi. Avaa kuvien katselu R\u00e4pp\u00e4ri Ares on tehnyt uraa jo vuosia, kunnes l\u00e4pimurto&hellip;\n","protected":false},"author":2,"featured_media":112670,"comment_status":"","ping_status":"","sticky":false,"template":"","format":"standard","meta":{"footnotes":"","_share_on_mastodon":"0"},"categories":[130],"tags":[8548,11905,137,33,31,30,108,47,20781,742,32,109],"class_list":["post-112669","post","type-post","status-publish","format-standard","has-post-thumbnail","category-viihde","tag-emma-gaala","tag-emma-palkinto","tag-entertainment","tag-fi","tag-finland","tag-finnish","tag-kulttuuri","tag-musiikki","tag-musiikkipalkinnot","tag-suomalainen-musiikki","tag-suomi","tag-viihde"],"share_on_mastodon":{"url":"https:\/\/pubeurope.com\/@fi\/115695071150882056","error":""},"_links":{"self":[{"href":"https:\/\/www.europesays.com\/fi\/wp-json\/wp\/v2\/posts\/112669","targetHints":{"allow":["GET"]}}],"collection":[{"href":"https:\/\/www.europesays.com\/fi\/wp-json\/wp\/v2\/posts"}],"about":[{"href":"https:\/\/www.europesays.com\/fi\/wp-json\/wp\/v2\/types\/post"}],"author":[{"embeddable":true,"href":"https:\/\/www.europesays.com\/fi\/wp-json\/wp\/v2\/users\/2"}],"replies":[{"embeddable":true,"href":"https:\/\/www.europesays.com\/fi\/wp-json\/wp\/v2\/comments?post=112669"}],"version-history":[{"count":0,"href":"https:\/\/www.europesays.com\/fi\/wp-json\/wp\/v2\/posts\/112669\/revisions"}],"wp:featuredmedia":[{"embeddable":true,"href":"https:\/\/www.europesays.com\/fi\/wp-json\/wp\/v2\/media\/112670"}],"wp:attachment":[{"href":"https:\/\/www.europesays.com\/fi\/wp-json\/wp\/v2\/media?parent=112669"}],"wp:term":[{"taxonomy":"category","embeddable":true,"href":"https:\/\/www.europesays.com\/fi\/wp-json\/wp\/v2\/categories?post=112669"},{"taxonomy":"post_tag","embeddable":true,"href":"https:\/\/www.europesays.com\/fi\/wp-json\/wp\/v2\/tags?post=112669"}],"curies":[{"name":"wp","href":"https:\/\/api.w.org\/{rel}","templated":true}]}}