{"id":112762,"date":"2025-12-10T13:46:08","date_gmt":"2025-12-10T13:46:08","guid":{"rendered":"https:\/\/www.europesays.com\/fi\/112762\/"},"modified":"2025-12-10T13:46:08","modified_gmt":"2025-12-10T13:46:08","slug":"vuoden-finlandia-voittaja-ja-parhaan-esikoisteoksen-tekija-tavoittelevat-runeberg-palkintoakin-mukana-myos-turkulaista-varia","status":"publish","type":"post","link":"https:\/\/www.europesays.com\/fi\/112762\/","title":{"rendered":"Vuoden Finlandia-voittaja ja parhaan esikoisteoksen tekij\u00e4 tavoittelevat Runeberg-palkintoakin \u2013 mukana my\u00f6s turkulaista v\u00e4ri\u00e4"},"content":{"rendered":"<p class=\"teksti\">Runeberg-palkintoa tavoittelee kymmenen teosta. Joukossa ovat muun muassa tuore Finlandia-voittaja Monika Fagerholmin D\u00f6da trakten \/ Kvinnor i revolt \u2013 Eristystila \/Kapinoivia naisia (F\u00f6rlaget\/Teos) ja Helsingin Sanomien esikoisteospalkinnon voittaja Mariaa Niskavaaran Ester teurastaja (Kosmos).<\/p>\n<p class=\"teksti\">Turkulaista v\u00e4ri\u00e4 kisaan tuovat Erkka Filander, jolta ehdolla on runoteos Siemenholvi (Poesia), ja Mariiaa Niskavaara, joka tekee v\u00e4it\u00f6skirjaa Turun yliopistossa.<\/p>\n<p class=\"teksti\">Muut ehdokkaat ovat Susanna Hastin Toivottomuus (S&amp;S), Niillas Holmbergin Naarattu (Gummerus), Emmi It\u00e4rannan Lumenlaulaja (Teos), Sanna Karlstr\u00f6min Maanp\u00e4\u00e4llinen osa (Otava), Anni M\u00e4entien S\u00f6p\u00f6liini ja min\u00e4 (Kulttuurivihkot), Anna M\u00f6ller-Sibeliuksen Journal intime (Ellips) ja Kaisa Vahteriston Nieltyj\u00e4 esineit\u00e4 (Kosmos).<\/p>\n<p>Jatkuu mainoksen j\u00e4lkeen <\/p>\n<p> Mainos p\u00e4\u00e4ttyy<\/p>\n<p class=\"teksti\">Ehdokasteokset valitsi kolmihenkinen kirjallisuudenalan ammattilaisraati, johon kuuluivat kirjailija Essi Kummu, kirjallisuustoimittaja, kriitikko Maaria Ylikangas ja kriitikko, kirjallisuustieteilij\u00e4 Daniel Wickstr\u00f6m Gr\u00f6nroos. Raati valitsi palkintoehdokkaat yli 200 teoksen joukosta.<\/p>\n<p class=\"teksti\">Raadin mukaan kirjavuodessa 2025 erottuivat riemastuttavat debyytit ja runouden onnistumiset.<\/p>\n<p class=\"teksti\">\u2013\u2009Proosaa hallitsevat t\u00e4ll\u00e4 hetkell\u00e4 naiset, mik\u00e4 erottuu my\u00f6s ehdokasasettelussa. Raadin p\u00e4\u00e4si yll\u00e4tt\u00e4m\u00e4\u00e4n kustannustoimittamisen puute, joka n\u00e4kyy aina selvimmin pintarakenteessa: hyvin alkaneen teoksen kielellinen asu alkaa heikenty\u00e4 alun j\u00e4lkeen, valitsijaraati toteaa tiedotteessaan.<\/p>\n<p class=\"teksti\">Runeberg-palkinto on avoin kaikille suomalaisille kaunokirjallisille teoksille. Voittajan valitsee raati, johon kuuluvat kirjailija Johanna Venho, kirjallisuustoimittaja, kriitikko Mikko Lamberg ja kulttuuritoimittaja, kriitikko Rakel Simil\u00e4.<\/p>\n<p class=\"teksti\">Runeberg-palkinnon voittaja julkistaan Runebergin p\u00e4iv\u00e4n\u00e4 5. helmikuuta 2026.<\/p>\n","protected":false},"excerpt":{"rendered":"Runeberg-palkintoa tavoittelee kymmenen teosta. Joukossa ovat muun muassa tuore Finlandia-voittaja Monika Fagerholmin D\u00f6da trakten \/ Kvinnor i revolt&hellip;\n","protected":false},"author":2,"featured_media":112763,"comment_status":"","ping_status":"","sticky":false,"template":"","format":"standard","meta":{"footnotes":""},"categories":[130],"tags":[137,33,31,30,32,109],"class_list":{"0":"post-112762","1":"post","2":"type-post","3":"status-publish","4":"format-standard","5":"has-post-thumbnail","7":"category-viihde","8":"tag-entertainment","9":"tag-fi","10":"tag-finland","11":"tag-finnish","12":"tag-suomi","13":"tag-viihde"},"share_on_mastodon":{"url":"https:\/\/pubeurope.com\/@fi\/115695582122700618","error":""},"_links":{"self":[{"href":"https:\/\/www.europesays.com\/fi\/wp-json\/wp\/v2\/posts\/112762","targetHints":{"allow":["GET"]}}],"collection":[{"href":"https:\/\/www.europesays.com\/fi\/wp-json\/wp\/v2\/posts"}],"about":[{"href":"https:\/\/www.europesays.com\/fi\/wp-json\/wp\/v2\/types\/post"}],"author":[{"embeddable":true,"href":"https:\/\/www.europesays.com\/fi\/wp-json\/wp\/v2\/users\/2"}],"replies":[{"embeddable":true,"href":"https:\/\/www.europesays.com\/fi\/wp-json\/wp\/v2\/comments?post=112762"}],"version-history":[{"count":0,"href":"https:\/\/www.europesays.com\/fi\/wp-json\/wp\/v2\/posts\/112762\/revisions"}],"wp:featuredmedia":[{"embeddable":true,"href":"https:\/\/www.europesays.com\/fi\/wp-json\/wp\/v2\/media\/112763"}],"wp:attachment":[{"href":"https:\/\/www.europesays.com\/fi\/wp-json\/wp\/v2\/media?parent=112762"}],"wp:term":[{"taxonomy":"category","embeddable":true,"href":"https:\/\/www.europesays.com\/fi\/wp-json\/wp\/v2\/categories?post=112762"},{"taxonomy":"post_tag","embeddable":true,"href":"https:\/\/www.europesays.com\/fi\/wp-json\/wp\/v2\/tags?post=112762"}],"curies":[{"name":"wp","href":"https:\/\/api.w.org\/{rel}","templated":true}]}}