{"id":112789,"date":"2025-12-10T14:37:11","date_gmt":"2025-12-10T14:37:11","guid":{"rendered":"https:\/\/www.europesays.com\/fi\/112789\/"},"modified":"2025-12-10T14:37:11","modified_gmt":"2025-12-10T14:37:11","slug":"huuhkajistakin-tuttu-maalitykki-palaa-ac-ouluun-ilves-hankki-gnistanin-luottopuolustajan-urheilu","status":"publish","type":"post","link":"https:\/\/www.europesays.com\/fi\/112789\/","title":{"rendered":"Huuhkajistakin tuttu maalitykki palaa AC Ouluun, Ilves hankki Gnistanin luottopuolustajan | Urheilu"},"content":{"rendered":"<p>Suomen miesten jalkapallomaajoukkueessa 13 ottelua pelannut Rasmus Karjalainen siirtyy AC Ouluun. Kaksi edellist\u00e4 kautta SJK:ta edustaneen Karjalaisen, 29, sopimus AC Oulun kanssa kest\u00e4\u00e4 kauden 2028 loppuun.<\/p>\n<p>\u2013\u2009Rassesta (Karjalainen) saamme hyvin t\u00e4rke\u00e4n palasen joukkueeseen. H\u00e4n pystyy pelaamaan hy\u00f6kk\u00e4ysp\u00e4\u00e4ss\u00e4 useammassa eri roolissa ja tuo sit\u00e4kin kautta vaihtoehtoja, AC Oulun urheilutoimenjohtaja Mika Nurmela sanoi seuran <a href=\"https:\/\/acoulu.fi\/uutiset\/kotiinpaluun-aika-rasmus-karjalainen-ac-ouluun\/\" rel=\"nofollow noopener\" target=\"_blank\">kotisivuilla<\/a>.<\/p>\n<p>Karjalainen teki viime kaudella SJK:lle yhdeks\u00e4n liigamaalia. H\u00e4nt\u00e4 enemm\u00e4n osumia SJK:ssa viimeisteli liigan maalikuninkuuden voittanut Kasper Paananen.<\/p>\n<p>Karjalainen edusti liigassa AC Oulua jo kausilla 2022\u20132023. H\u00e4nen tuorein ottelunsa Huuhkajissa on loppuvuodelta 2020.<\/p>\n<p>Ilves puolestaan kertoi keskiviikkona, ett\u00e4 puolustaja Oliver Pettersson, 22, tulee tamperelaisseuraan kahden kauden sopimuksella, jossa on optio lis\u00e4vuodesta.<\/p>\n<p>Suomen alle 21-vuotiaiden maajoukkueessa kolmesti pelannut Pettersson edusti kahdella edelliskaudella miesten liigassa Gnistania.<\/p>\n","protected":false},"excerpt":{"rendered":"Suomen miesten jalkapallomaajoukkueessa 13 ottelua pelannut Rasmus Karjalainen siirtyy AC Ouluun. Kaksi edellist\u00e4 kautta SJK:ta edustaneen Karjalaisen, 29,&hellip;\n","protected":false},"author":2,"featured_media":112790,"comment_status":"","ping_status":"","sticky":false,"template":"","format":"standard","meta":{"footnotes":""},"categories":[158],"tags":[33,31,30,43,42,41,952,7418,159,44,32,160,45],"class_list":{"0":"post-112789","1":"post","2":"type-post","3":"status-publish","4":"format-standard","5":"has-post-thumbnail","7":"category-urheilu","8":"tag-fi","9":"tag-finland","10":"tag-finnish","11":"tag-jalkapallo","12":"tag-jalkapalloon-perustuvat-lajit","13":"tag-liikunta-ja-urheilu","14":"tag-oulu","15":"tag-seinajoen-jalkapallokerho-sjk","16":"tag-sports","17":"tag-suomen-jalkapallo","18":"tag-suomi","19":"tag-urheilu","20":"tag-veikkausliiga"},"share_on_mastodon":{"url":"https:\/\/pubeurope.com\/@fi\/115695782772947244","error":""},"_links":{"self":[{"href":"https:\/\/www.europesays.com\/fi\/wp-json\/wp\/v2\/posts\/112789","targetHints":{"allow":["GET"]}}],"collection":[{"href":"https:\/\/www.europesays.com\/fi\/wp-json\/wp\/v2\/posts"}],"about":[{"href":"https:\/\/www.europesays.com\/fi\/wp-json\/wp\/v2\/types\/post"}],"author":[{"embeddable":true,"href":"https:\/\/www.europesays.com\/fi\/wp-json\/wp\/v2\/users\/2"}],"replies":[{"embeddable":true,"href":"https:\/\/www.europesays.com\/fi\/wp-json\/wp\/v2\/comments?post=112789"}],"version-history":[{"count":0,"href":"https:\/\/www.europesays.com\/fi\/wp-json\/wp\/v2\/posts\/112789\/revisions"}],"wp:featuredmedia":[{"embeddable":true,"href":"https:\/\/www.europesays.com\/fi\/wp-json\/wp\/v2\/media\/112790"}],"wp:attachment":[{"href":"https:\/\/www.europesays.com\/fi\/wp-json\/wp\/v2\/media?parent=112789"}],"wp:term":[{"taxonomy":"category","embeddable":true,"href":"https:\/\/www.europesays.com\/fi\/wp-json\/wp\/v2\/categories?post=112789"},{"taxonomy":"post_tag","embeddable":true,"href":"https:\/\/www.europesays.com\/fi\/wp-json\/wp\/v2\/tags?post=112789"}],"curies":[{"name":"wp","href":"https:\/\/api.w.org\/{rel}","templated":true}]}}