{"id":112791,"date":"2025-12-10T14:38:08","date_gmt":"2025-12-10T14:38:08","guid":{"rendered":"https:\/\/www.europesays.com\/fi\/112791\/"},"modified":"2025-12-10T14:38:08","modified_gmt":"2025-12-10T14:38:08","slug":"conan-obrien-syytti-nimekasta-hollywood-tahtea-vanhempiensa-kuolemasta-tama-on-minun-tapani-surra","status":"publish","type":"post","link":"https:\/\/www.europesays.com\/fi\/112791\/","title":{"rendered":"Conan O\u2019Brien syytti nimek\u00e4st\u00e4 Hollywood-t\u00e4hte\u00e4 vanhempiensa kuolemasta: \u201cT\u00e4m\u00e4 on minun tapani surra\u201d"},"content":{"rendered":"<p>Koomikkona tunnetun Conan O\u2019Brienin vanhemmat kuolivat vain muutaman p\u00e4iv\u00e4n erolla vuosi sitten.<\/p>\n<p><a href=\"https:\/\/muropaketti.com\/avainsana\/conan-obrien\/\" rel=\"nofollow noopener\" target=\"_blank\">Conan O\u2019Brien<\/a> ei v\u00e4lttele hurttia huumoria edes kuoleman edess\u00e4. Koomikon vanhemmat kuolivat vuosi sitten vain muutaman p\u00e4iv\u00e4n erolla toisiinsa yli 90-vuotiaina, mutta kun h\u00e4nen yst\u00e4v\u00e4ns\u00e4 Will Arnett l\u00e4hetti O\u2019Brienille surunvalittelut, O\u2019Brien vastasi syytt\u00e4v\u00e4ns\u00e4 is\u00e4ns\u00e4 kuolemasta Jason Batemania \u2013 Arnettin paria Smartless-podcastissa.<\/p>\n<p>Arnett vieraili <a href=\"https:\/\/youtu.be\/k-cg_KIG12I?si=3KgsAVabaxVnFFzk\" target=\"_blank\" rel=\"noreferrer noopener nofollow\">Conan O\u2019Brien Needs a Friend<\/a> -podcastissa ja muistelee vuoden takaista viestien vaihtoa.<\/p>\n<p>\u201cMuistan, ett\u00e4 kirjoitit takaisin: \u2019Kiitos Will. Rehellisesti sanottuna syyt\u00e4n siit\u00e4 Jason Batemania\u2019\u201d, Arnett kertoo.<\/p>\n<p>Seuraavana p\u00e4iv\u00e4n\u00e4 Bateman itse viestasi O\u2019Brienille kuulleensa, ett\u00e4 \u201ct\u00e4m\u00e4 on h\u00e4nen j\u00e4ljill\u00e4\u00e4n\u201d.<\/p>\n<p>\u201dBateman, tee itsellesi palvelus. Ilmianna itsesi\u201d, O\u2019Brien vastasi.<\/p>\n<p>Kun O\u2019Brienin \u00e4iti kuoli vain kaksi p\u00e4iv\u00e4\u00e4 is\u00e4n kuoleman j\u00e4lkeen, Arnett kertoo laittaneensa O\u2019Brienille viesti\u00e4, ett\u00e4 Bateman pyyt\u00e4\u00e4 nyt t\u00e4m\u00e4n siskon osoitetta. O\u2019Brien jatkoi vitsi\u00e4 edelleen ja l\u00e4hetti osoitteen saatesanoilla: \u201cSano Batemanille, ett\u00e4 saa sen n\u00e4ytt\u00e4m\u00e4\u00e4n ry\u00f6st\u00f6lt\u00e4.\u201d<\/p>\n<p>\u201dOnhan t\u00e4m\u00e4 v\u00e4h\u00e4n outoa, mutta vannon Jumalan nimeen, ett\u00e4 n\u00e4in min\u00e4 suren. Kaikilla on oma tapansa. Oli niin lohdullista pelleill\u00e4 teid\u00e4n kanssanne sill\u00e4 hetkell\u00e4. Niin se vain oli. Ja jos se tekee minusta hullun, niin olkoon sitten niin\u201d, O\u2019Brien selitt\u00e4\u00e4.<\/p>\n<p>Katso koko keskustelu t\u00e4st\u00e4 videosta:<\/p>\n","protected":false},"excerpt":{"rendered":"Koomikkona tunnetun Conan O\u2019Brienin vanhemmat kuolivat vain muutaman p\u00e4iv\u00e4n erolla vuosi sitten. Conan O\u2019Brien ei v\u00e4lttele hurttia huumoria&hellip;\n","protected":false},"author":2,"featured_media":112792,"comment_status":"","ping_status":"","sticky":false,"template":"","format":"standard","meta":{"footnotes":""},"categories":[130],"tags":[1508,137,33,31,30,273,32,109,20816],"class_list":{"0":"post-112791","1":"post","2":"type-post","3":"status-publish","4":"format-standard","5":"has-post-thumbnail","7":"category-viihde","8":"tag-conan-obrien","9":"tag-entertainment","10":"tag-fi","11":"tag-finland","12":"tag-finnish","13":"tag-jason-bateman","14":"tag-suomi","15":"tag-viihde","16":"tag-will-arnett"},"share_on_mastodon":{"url":"https:\/\/pubeurope.com\/@fi\/115695786603993470","error":""},"_links":{"self":[{"href":"https:\/\/www.europesays.com\/fi\/wp-json\/wp\/v2\/posts\/112791","targetHints":{"allow":["GET"]}}],"collection":[{"href":"https:\/\/www.europesays.com\/fi\/wp-json\/wp\/v2\/posts"}],"about":[{"href":"https:\/\/www.europesays.com\/fi\/wp-json\/wp\/v2\/types\/post"}],"author":[{"embeddable":true,"href":"https:\/\/www.europesays.com\/fi\/wp-json\/wp\/v2\/users\/2"}],"replies":[{"embeddable":true,"href":"https:\/\/www.europesays.com\/fi\/wp-json\/wp\/v2\/comments?post=112791"}],"version-history":[{"count":0,"href":"https:\/\/www.europesays.com\/fi\/wp-json\/wp\/v2\/posts\/112791\/revisions"}],"wp:featuredmedia":[{"embeddable":true,"href":"https:\/\/www.europesays.com\/fi\/wp-json\/wp\/v2\/media\/112792"}],"wp:attachment":[{"href":"https:\/\/www.europesays.com\/fi\/wp-json\/wp\/v2\/media?parent=112791"}],"wp:term":[{"taxonomy":"category","embeddable":true,"href":"https:\/\/www.europesays.com\/fi\/wp-json\/wp\/v2\/categories?post=112791"},{"taxonomy":"post_tag","embeddable":true,"href":"https:\/\/www.europesays.com\/fi\/wp-json\/wp\/v2\/tags?post=112791"}],"curies":[{"name":"wp","href":"https:\/\/api.w.org\/{rel}","templated":true}]}}