{"id":112801,"date":"2025-12-10T14:47:09","date_gmt":"2025-12-10T14:47:09","guid":{"rendered":"https:\/\/www.europesays.com\/fi\/112801\/"},"modified":"2025-12-10T14:47:09","modified_gmt":"2025-12-10T14:47:09","slug":"einsteinin-ja-bohrin-melkein-100-vuotinen-riita-on-voitu-nyt-ratkaista","status":"publish","type":"post","link":"https:\/\/www.europesays.com\/fi\/112801\/","title":{"rendered":"Einsteinin ja Bohrin melkein 100-vuotinen riita on voitu nyt ratkaista"},"content":{"rendered":"<p>Kiinalainen tutkijaryhm\u00e4 teki ajatuskokeen eritt\u00e4in herk\u00e4ll\u00e4 interferometrilla, joka toimii yhdell\u00e4 ainoalla atomilla. Sen tulos tuki Bohrin k\u00e4sityst\u00e4.<\/p>\n<p>Einstein piti l\u00e4ht\u00f6kohtana fyysikko Thomas Youngin vuoden 1801 kaksoisrakokoetta, joka todisti valon olevan aaltomaista, kun se kulkee kahden kapean raon kautta.<\/p>\n<p>Kokeen perusteella Einstein piti mahdollisena paljastaa valon muodostavien hiukkasten, fotonien, kulku kahden raon kautta tuhoamatta aaltokuviota, joka on kvanttifysiikan signatuuri.<\/p>\n","protected":false},"excerpt":{"rendered":"Kiinalainen tutkijaryhm\u00e4 teki ajatuskokeen eritt\u00e4in herk\u00e4ll\u00e4 interferometrilla, joka toimii yhdell\u00e4 ainoalla atomilla. Sen tulos tuki Bohrin k\u00e4sityst\u00e4. Einstein&hellip;\n","protected":false},"author":2,"featured_media":112802,"comment_status":"","ping_status":"","sticky":false,"template":"","format":"standard","meta":{"footnotes":""},"categories":[115],"tags":[33,31,30,455,454,118,32,119],"class_list":{"0":"post-112801","1":"post","2":"type-post","3":"status-publish","4":"format-standard","5":"has-post-thumbnail","7":"category-fysiikka","8":"tag-fi","9":"tag-finland","10":"tag-finnish","11":"tag-fysiikka","12":"tag-physics","13":"tag-science","14":"tag-suomi","15":"tag-tiede"},"share_on_mastodon":{"url":"https:\/\/pubeurope.com\/@fi\/115695821970313331","error":""},"_links":{"self":[{"href":"https:\/\/www.europesays.com\/fi\/wp-json\/wp\/v2\/posts\/112801","targetHints":{"allow":["GET"]}}],"collection":[{"href":"https:\/\/www.europesays.com\/fi\/wp-json\/wp\/v2\/posts"}],"about":[{"href":"https:\/\/www.europesays.com\/fi\/wp-json\/wp\/v2\/types\/post"}],"author":[{"embeddable":true,"href":"https:\/\/www.europesays.com\/fi\/wp-json\/wp\/v2\/users\/2"}],"replies":[{"embeddable":true,"href":"https:\/\/www.europesays.com\/fi\/wp-json\/wp\/v2\/comments?post=112801"}],"version-history":[{"count":0,"href":"https:\/\/www.europesays.com\/fi\/wp-json\/wp\/v2\/posts\/112801\/revisions"}],"wp:featuredmedia":[{"embeddable":true,"href":"https:\/\/www.europesays.com\/fi\/wp-json\/wp\/v2\/media\/112802"}],"wp:attachment":[{"href":"https:\/\/www.europesays.com\/fi\/wp-json\/wp\/v2\/media?parent=112801"}],"wp:term":[{"taxonomy":"category","embeddable":true,"href":"https:\/\/www.europesays.com\/fi\/wp-json\/wp\/v2\/categories?post=112801"},{"taxonomy":"post_tag","embeddable":true,"href":"https:\/\/www.europesays.com\/fi\/wp-json\/wp\/v2\/tags?post=112801"}],"curies":[{"name":"wp","href":"https:\/\/api.w.org\/{rel}","templated":true}]}}