{"id":112805,"date":"2025-12-10T15:01:09","date_gmt":"2025-12-10T15:01:09","guid":{"rendered":"https:\/\/www.europesays.com\/fi\/112805\/"},"modified":"2025-12-10T15:01:09","modified_gmt":"2025-12-10T15:01:09","slug":"28-vuotta-myohemmin-luutemppeli-on-nyt-nahty-nain-tammikuun-uutuuselokuvasta-on-kirjoitettu","status":"publish","type":"post","link":"https:\/\/www.europesays.com\/fi\/112805\/","title":{"rendered":"28 vuotta my\u00f6hemmin: Luutemppeli on nyt n\u00e4hty &#8211; n\u00e4in tammikuun uutuuselokuvasta on kirjoitettu"},"content":{"rendered":"<p>Kuva: \u00a9 2024 CTMG, Inc.<\/p>\n<p>28 vuotta my\u00f6hemmin: Luutemppeli saa Suomessa ensi-iltansa 30. tammikuuta.<\/p>\n<p>Kes\u00e4ll\u00e4 2025 julkaistu 28 vuotta my\u00f6hemmin saa jatkoa heti ensi vuoden alussa. Nia DaCostan ohjaama <a href=\"https:\/\/muropaketti.com\/avainsana\/28-vuotta-myohemmin-luutemppeli\/\" rel=\"nofollow noopener\" target=\"_blank\">28 vuotta my\u00f6hemmin: Luutemppeli<\/a> julkaistaan Suomen elokuvateattereissa tammikuun 2026 lopussa.<\/p>\n<p>Alkuper\u00e4isten elokuvien tiimi Danny Boyle ja Alex Garland ovat mukana my\u00f6s jatko-osan teossa tuottajina, mutta ohjausvastuu on siirtynyt Boylelta DaCostalle. Garland vastaa edelleen k\u00e4sikirjoituksesta.<\/p>\n<p>Maailmalla tuleva elokuva on jo n\u00e4ytetty medioille, mutta varsinaisten arvosteluiden embargo kest\u00e4\u00e4 tammikuun puoleen v\u00e4liin. Somereaktioita on kuitenkin jo saanut julkaista, ja <a href=\"https:\/\/www.hollywoodreporter.com\/movies\/movie-news\/28-years-later-bone-temple-first-reactions-1236446299\/\" rel=\"nofollow noopener\" target=\"_blank\">The Hollywood Reporter<\/a> on ker\u00e4nnyt niit\u00e4 kattavan valikoiman.<\/p>\n<p>Viime kes\u00e4n elokuva oli <a href=\"https:\/\/muropaketti.com\/elokuvat\/elokuva-arvostelut\/arvostelu-pitkaan-odotettu-28-vuotta-myohemmin-on-hammentavan-hyva-jatko-osa-kulttizombileffalle\/\" rel=\"nofollow noopener\" target=\"_blank\">varsin mainio<\/a>, ja ensituntumien pohjalta vaikuttaisi, ettei jatko-osassakaan ihan mets\u00e4\u00e4n olla menossa. Elokuvan sanotaan olevan \u201choly f****ing s**t\u201d \u201cloistava\u201d, ja vaikka se ei \u201crakenteellisesti olekaan yht\u00e4 kekseli\u00e4s\u201d kuin aiemmat, se on \u201ctarinallisesti vahvempi ja emotionaalisesti vaikuttavampi\u201d.<\/p>\n<p>\u201cLuutemppeli on juuri sellainen, millainen trilogian keskiosan pit\u00e4\u00e4kin olla.\u201d<\/p>\n<p>\u201cVaikea kuvitella parempaa aloitusta uudelle vuodelle.\u201d<\/p>\n<p>My\u00f6s p\u00e4\u00e4osaa esitt\u00e4v\u00e4 Ralph Fiennes saa \u2013 tuskin yll\u00e4tt\u00e4en \u2013 runsaasti suitsutusta osakseen.<\/p>\n<p>\u201cEeppist\u00e4 tarinaa jatkavassa kertomuksessa tohtori Kelson (Ralph Fiennes) ajautuu j\u00e4risytt\u00e4v\u00e4\u00e4n uuteen suhteeseen \u2013 jonka seuraukset voivat muuttaa heid\u00e4n tuntemansa maailman \u2013 ja Spiken (Alfie Williams) kohtaamisesta Jimmy Crystalin (Jack O\u2019Connell) kanssa tulee painajainen, josta h\u00e4n ei p\u00e4\u00e4se pakoon. Luutemppelin maailmassa tartunnan saaneet eiv\u00e4t en\u00e4\u00e4 ole suurin selviytymisen uhka \u2013 vaan selviytyjien ep\u00e4inhimillisyys voi olla vieraampaa ja pelottavampaa.\u201d<\/p>\n<p>N\u00e4yttelij\u00e4kaartissa n\u00e4hd\u00e4\u00e4n Fiennesin lis\u00e4ksi muun muassa Emma Laird, Alfie Williams, Chi Lewis-Parry, Jack O\u2019Connell ja Erin Kellyman.<\/p>\n","protected":false},"excerpt":{"rendered":"Kuva: \u00a9 2024 CTMG, Inc. 28 vuotta my\u00f6hemmin: Luutemppeli saa Suomessa ensi-iltansa 30. tammikuuta. Kes\u00e4ll\u00e4 2025 julkaistu 28&hellip;\n","protected":false},"author":2,"featured_media":101730,"comment_status":"","ping_status":"","sticky":false,"template":"","format":"standard","meta":{"footnotes":""},"categories":[131],"tags":[3186,7892,7220,15347,155,137,33,173,31,30,172,7893,18750,32,109],"class_list":{"0":"post-112805","1":"post","2":"type-post","3":"status-publish","4":"format-standard","5":"has-post-thumbnail","7":"category-elokuvat","8":"tag-28-vuotta-myohemmin","9":"tag-28-vuotta-myohemmin-luutemppeli","10":"tag-alex-garland","11":"tag-danny-boyle","12":"tag-elokuvat","13":"tag-entertainment","14":"tag-fi","15":"tag-film","16":"tag-finland","17":"tag-finnish","18":"tag-movies","19":"tag-nia-dacosta","20":"tag-ralph-fiennes","21":"tag-suomi","22":"tag-viihde"},"share_on_mastodon":{"url":"https:\/\/pubeurope.com\/@fi\/115695877091044654","error":""},"_links":{"self":[{"href":"https:\/\/www.europesays.com\/fi\/wp-json\/wp\/v2\/posts\/112805","targetHints":{"allow":["GET"]}}],"collection":[{"href":"https:\/\/www.europesays.com\/fi\/wp-json\/wp\/v2\/posts"}],"about":[{"href":"https:\/\/www.europesays.com\/fi\/wp-json\/wp\/v2\/types\/post"}],"author":[{"embeddable":true,"href":"https:\/\/www.europesays.com\/fi\/wp-json\/wp\/v2\/users\/2"}],"replies":[{"embeddable":true,"href":"https:\/\/www.europesays.com\/fi\/wp-json\/wp\/v2\/comments?post=112805"}],"version-history":[{"count":0,"href":"https:\/\/www.europesays.com\/fi\/wp-json\/wp\/v2\/posts\/112805\/revisions"}],"wp:featuredmedia":[{"embeddable":true,"href":"https:\/\/www.europesays.com\/fi\/wp-json\/wp\/v2\/media\/101730"}],"wp:attachment":[{"href":"https:\/\/www.europesays.com\/fi\/wp-json\/wp\/v2\/media?parent=112805"}],"wp:term":[{"taxonomy":"category","embeddable":true,"href":"https:\/\/www.europesays.com\/fi\/wp-json\/wp\/v2\/categories?post=112805"},{"taxonomy":"post_tag","embeddable":true,"href":"https:\/\/www.europesays.com\/fi\/wp-json\/wp\/v2\/tags?post=112805"}],"curies":[{"name":"wp","href":"https:\/\/api.w.org\/{rel}","templated":true}]}}