{"id":112812,"date":"2025-12-10T15:08:11","date_gmt":"2025-12-10T15:08:11","guid":{"rendered":"https:\/\/www.europesays.com\/fi\/112812\/"},"modified":"2025-12-10T15:08:11","modified_gmt":"2025-12-10T15:08:11","slug":"tanska-nimesi-yhdysvallat-turvallisuusriskiksi-mtv-uutiset","status":"publish","type":"post","link":"https:\/\/www.europesays.com\/fi\/112812\/","title":{"rendered":"Tanska nimesi Yhdysvallat turvallisuusriskiksi | MTV Uutiset"},"content":{"rendered":"<p>Tanska nimesi Yhdysvallat turvallisuusriskiksi | MTV Uutiset<a class=\"sr-only bg-component-bg-color focus:not-sr-only focus:absolute focus:left-0 focus:right-auto focus:top-0 focus:p-200\" href=\"#main\" data-sentry-component=\"SkipToContentLink\" data-sentry-source-file=\"SkipToContentLink.tsx\">Hypp\u00e4\u00e4 p\u00e4\u00e4sis\u00e4lt\u00f6\u00f6n<\/a>Sis\u00e4ll\u00f6t<\/p>\n<ul class=\"flex w-full flex-1 flex-wrap gap-800\">\n<li class=\"block flex-1 flex-nowrap xs:flex-initial\" data-testid=\"site-footer-section-item-component\" data-sentry-component=\"SiteFooterSectionItem\" data-sentry-source-file=\"SiteFooterSectionItem.tsx\">Tomi Einonen<br \/>Vastaava p\u00e4\u00e4toimittaja<\/li>\n<li class=\"block flex-1 flex-nowrap xs:flex-initial\" data-testid=\"site-footer-section-item-component\" data-sentry-component=\"SiteFooterSectionItem\" data-sentry-source-file=\"SiteFooterSectionItem.tsx\">Ilkka Ahtiainen<br \/>Uutisp\u00e4\u00e4toimittaja<\/li>\n<li class=\"block flex-1 flex-nowrap xs:flex-initial\" data-testid=\"site-footer-section-item-component\" data-sentry-component=\"SiteFooterSectionItem\" data-sentry-source-file=\"SiteFooterSectionItem.tsx\">Mona Haapsaari<br \/>Julkaisup\u00e4\u00e4llikk\u00f6<\/li>\n<li class=\"block flex-1 flex-nowrap xs:flex-initial\" data-testid=\"site-footer-section-item-component\" data-sentry-component=\"SiteFooterSectionItem\" data-sentry-source-file=\"SiteFooterSectionItem.tsx\">Teemu Niikko<br \/>Toimitusp\u00e4\u00e4llikk\u00f6, urheilu<\/li>\n<\/ul>\n<p>Liiketoiminta ja kehitys<\/p>\n<ul class=\"flex w-full flex-1 flex-wrap gap-800\">\n<li class=\"block flex-1 flex-nowrap xs:flex-initial\" data-testid=\"site-footer-section-item-component\" data-sentry-component=\"SiteFooterSectionItem\" data-sentry-source-file=\"SiteFooterSectionItem.tsx\">Jaakko Hietanen<br \/>Head of Digital Development<\/li>\n<\/ul>\n<p>MTV Uutiset on sitoutunut noudattamaan Journalistin ohjeita<a class=\"flex flex-col items-center justify-center\" data-testid=\"Etusivu-navigation-bar-item\" role=\"link\" title=\"Etusivu linkki\" data-sentry-element=\"Link\" data-sentry-component=\"InternalLink\" data-sentry-source-file=\"InternalLink.tsx\" href=\"https:\/\/www.mtvuutiset.fi\/\" rel=\"nofollow noopener\" target=\"_blank\">Etusivu<\/a><a class=\"flex flex-col items-center justify-center\" data-testid=\"Videot-navigation-bar-item\" role=\"link\" title=\"Videot linkki\" data-sentry-element=\"Link\" data-sentry-component=\"InternalLink\" data-sentry-source-file=\"InternalLink.tsx\" href=\"https:\/\/www.mtvuutiset.fi\/videot\" rel=\"nofollow noopener\" target=\"_blank\">Videot<\/a><a class=\"flex flex-col items-center justify-center\" data-testid=\"Tuoreimmat-navigation-bar-item\" role=\"link\" title=\"Tuoreimmat linkki\" data-sentry-element=\"Link\" data-sentry-component=\"InternalLink\" data-sentry-source-file=\"InternalLink.tsx\" href=\"https:\/\/www.mtvuutiset.fi\/tuoreimmat\" rel=\"nofollow noopener\" target=\"_blank\">Tuoreimmat<\/a><a class=\"flex flex-col items-center justify-center\" data-testid=\"Luetuimmat-navigation-bar-item\" role=\"link\" title=\"Luetuimmat linkki\" data-sentry-element=\"Link\" data-sentry-component=\"InternalLink\" data-sentry-source-file=\"InternalLink.tsx\" href=\"https:\/\/www.mtvuutiset.fi\/luetuimmat\" rel=\"nofollow noopener\" target=\"_blank\">Luetuimmat<\/a>Odota<img alt=\"Yhdysvaltain presidentti osoitti kiinnostusta Gr\u00f6nlantiin heti valtaan palattuaan.\" data-testid=\"header-media-image\" class=\"h-full w-full object-cover transition duration-700 ease-in-out hover:scale-[1.05]\" fetchpriority=\"high\" loading=\"eager\" width=\"1024\" height=\"576\" decoding=\"async\" style=\"color:transparent;background-size:cover;background-position:50% 50%;background-repeat:no-repeat;background-image:url(&quot;data:image\/svg+xml;base64,Cjxzdmcgd2lkdGg9IjEwMjQiIGhlaWdodD0iNTc2IiB2ZXJzaW9uPSIxLjEiIHhtbG5zPSJodHRwOi8vd3d3LnczLm9yZy8yMDAwL3N2ZyIgeG1sbnM6eGxpbms9Imh0dHA6Ly93d3cudzMub3JnLzE5OTkveGxpbmsiPgogIDxkZWZzPgogICAgPGxpbmVhckdyYWRpZW50IGlkPSJnIj4KICAgICAgPHN0b3Agc3RvcC1jb2xvcj0iIzBCMTgyMyIgb2Zmc2V0PSIyMCUiIC8+CiAgICAgIDxzdG9wIHN0b3AtY29sb3I9IiMxQTI3MzIiIG9mZnNldD0iNTAlIiAvPgogICAgICA8c3RvcCBzdG9wLWNvbG9yPSIjMEIxODIzIiBvZmZzZXQ9IjcwJSIgLz4KICAgIDwvbGluZWFyR3JhZGllbnQ+CiAgPC9kZWZzPgogIDxyZWN0IHdpZHRoPSIxMDI0IiBoZWlnaHQ9IjU3NiIgZmlsbD0iIzBCMTgyMyIgLz4KICA8cmVjdCBpZD0iciIgd2lkdGg9IjEwMjQiIGhlaWdodD0iNTc2IiBmaWxsPSJ1cmwoI2cpIiAvPgogIDxhbmltYXRlIHhsaW5rOmhyZWY9IiNyIiBhdHRyaWJ1dGVOYW1lPSJ4IiBmcm9tPSItMTAyNCIgdG89IjEwMjQiIGR1cj0iMXMiIHJlcGVhdENvdW50PSJpbmRlZmluaXRlIiAgLz4KPC9zdmc+&quot;)\" src=\"https:\/\/www.europesays.com\/fi\/wp-content\/uploads\/2025\/12\/1765379289_49_image\"\/>Yhdysvaltain presidentti osoitti kiinnostusta Gr\u00f6nlantiin heti valtaan palattuaan.The Mega AgencyJulkaistu 19 minuuttia sitten<img alt=\"Toimittajan kuva\" data-testid=\"author-image\" data-sentry-element=\"Image\" data-sentry-source-file=\"NextImage.tsx\" fetchpriority=\"low\" loading=\"lazy\" decoding=\"async\" data-nimg=\"fill\" class=\"transition duration-700 ease-in-out hover:scale-[1.05] object-cover\" style=\"position:absolute;height:100%;width:100%;left:0;top:0;right:0;bottom:0;color:transparent;background-size:cover;background-position:50% 50%;background-repeat:no-repeat;background-image:url(&quot;data:image\/svg+xml;base64,Cjxzdmcgd2lkdGg9IjcyMCIgaGVpZ2h0PSI0MDUiIHZlcnNpb249IjEuMSIgeG1sbnM9Imh0dHA6Ly93d3cudzMub3JnLzIwMDAvc3ZnIiB4bWxuczp4bGluaz0iaHR0cDovL3d3dy53My5vcmcvMTk5OS94bGluayI+CiAgPGRlZnM+CiAgICA8bGluZWFyR3JhZGllbnQgaWQ9ImciPgogICAgICA8c3RvcCBzdG9wLWNvbG9yPSIjMEIxODIzIiBvZmZzZXQ9IjIwJSIgLz4KICAgICAgPHN0b3Agc3RvcC1jb2xvcj0iIzFBMjczMiIgb2Zmc2V0PSI1MCUiIC8+CiAgICAgIDxzdG9wIHN0b3AtY29sb3I9IiMwQjE4MjMiIG9mZnNldD0iNzAlIiAvPgogICAgPC9saW5lYXJHcmFkaWVudD4KICA8L2RlZnM+CiAgPHJlY3Qgd2lkdGg9IjcyMCIgaGVpZ2h0PSI0MDUiIGZpbGw9IiMwQjE4MjMiIC8+CiAgPHJlY3QgaWQ9InIiIHdpZHRoPSI3MjAiIGhlaWdodD0iNDA1IiBmaWxsPSJ1cmwoI2cpIiAvPgogIDxhbmltYXRlIHhsaW5rOmhyZWY9IiNyIiBhdHRyaWJ1dGVOYW1lPSJ4IiBmcm9tPSItNzIwIiB0bz0iNzIwIiBkdXI9IjFzIiByZXBlYXRDb3VudD0iaW5kZWZpbml0ZSIgIC8+Cjwvc3ZnPg==&quot;)\"   src=\"https:\/\/www.europesays.com\/fi\/wp-content\/uploads\/2025\/12\/1765379289_265_image\"\/><\/p>\n<p><strong class=\"typography-bold\">Sotilastiedustelupalvelun johtajan mukaan Yhdysvallat muuttuu ja &#8221;tilanne on vakava&#8221;.<\/strong><\/p>\n<p>Tanska on nimennyt ensimm\u00e4ist\u00e4 kertaa Yhdysvallat yhdeksi maata uhkaavista turvallisuusriskeist\u00e4.<\/p>\n<p>Asia k\u00e4y ilmi keskiviikkona julkaistusta Tanskan sotilastiedustelupalvelun (Forsvarets Efterretningstjeneste<strong class=\"typography-bold\">)<\/strong> vuosittaisesta uhka-arviosta. Asiasta kertovat muun muassa tanskalaismedia <a class=\"underline\" data-testid=\"external-link\" href=\"https:\/\/politiken.dk\/edition\/news\/art10654773\/A-sentence-about-the-USA-in-a-new-threat-assessment-raises-eyebrows\" rel=\"noopener noreferrer nofollow\" data-sentry-component=\"ExternalLink\" data-sentry-source-file=\"ExternalLink.tsx\" target=\"_blank\">Politiken<\/a> sek\u00e4 <a class=\"underline\" data-testid=\"external-link\" href=\"https:\/\/www.newsweek.com\/nato-denmark-trump-security-threat-russia-greenland-arctic-11186411\" rel=\"noopener noreferrer nofollow\" data-sentry-component=\"ExternalLink\" data-sentry-source-file=\"ExternalLink.tsx\" target=\"_blank\">Newsweek<\/a> ja <a class=\"underline\" data-testid=\"external-link\" href=\"https:\/\/www.reuters.com\/world\/china\/denmarks-military-intelligence-agency-sees-rising-threats-2025-12-10\/\" rel=\"noopener noreferrer nofollow\" data-sentry-component=\"ExternalLink\" data-sentry-source-file=\"ExternalLink.tsx\" target=\"_blank\">Reuters<\/a>.<\/p>\n<p>Raportissa todetaan, ett\u00e4 Yhdysvallat k\u00e4ytt\u00e4\u00e4 nyt &#8221;taloudellista ja teknologista vahvuuttaan vallank\u00e4yt\u00f6n v\u00e4lineen\u00e4, my\u00f6s liittolaisiaan ja kumppaneitaan kohtaan&#8221;.<\/p>\n<p><img alt=\"29.13375036\" data-testid=\"crops-image\" class=\"h-full w-full object-cover transition duration-700 ease-in-out hover:scale-[1.05]\" fetchpriority=\"low\" loading=\"lazy\" width=\"1024\" height=\"576\" decoding=\"async\" style=\"color:transparent;background-size:cover;background-position:50% 50%;background-repeat:no-repeat;background-image:url(&quot;data:image\/svg+xml;base64,Cjxzdmcgd2lkdGg9IjEwMjQiIGhlaWdodD0iNTc2IiB2ZXJzaW9uPSIxLjEiIHhtbG5zPSJodHRwOi8vd3d3LnczLm9yZy8yMDAwL3N2ZyIgeG1sbnM6eGxpbms9Imh0dHA6Ly93d3cudzMub3JnLzE5OTkveGxpbmsiPgogIDxkZWZzPgogICAgPGxpbmVhckdyYWRpZW50IGlkPSJnIj4KICAgICAgPHN0b3Agc3RvcC1jb2xvcj0iIzBCMTgyMyIgb2Zmc2V0PSIyMCUiIC8+CiAgICAgIDxzdG9wIHN0b3AtY29sb3I9IiMxQTI3MzIiIG9mZnNldD0iNTAlIiAvPgogICAgICA8c3RvcCBzdG9wLWNvbG9yPSIjMEIxODIzIiBvZmZzZXQ9IjcwJSIgLz4KICAgIDwvbGluZWFyR3JhZGllbnQ+CiAgPC9kZWZzPgogIDxyZWN0IHdpZHRoPSIxMDI0IiBoZWlnaHQ9IjU3NiIgZmlsbD0iIzBCMTgyMyIgLz4KICA8cmVjdCBpZD0iciIgd2lkdGg9IjEwMjQiIGhlaWdodD0iNTc2IiBmaWxsPSJ1cmwoI2cpIiAvPgogIDxhbmltYXRlIHhsaW5rOmhyZWY9IiNyIiBhdHRyaWJ1dGVOYW1lPSJ4IiBmcm9tPSItMTAyNCIgdG89IjEwMjQiIGR1cj0iMXMiIHJlcGVhdENvdW50PSJpbmRlZmluaXRlIiAgLz4KPC9zdmc+&quot;)\" src=\"https:\/\/www.europesays.com\/fi\/wp-content\/uploads\/2025\/12\/1765379290_321_image\"\/><\/p>\n<p>Kuvassa FE:n johtaja Thomas Ahrenkiel.<\/p>\n<p><strong class=\"typography-bold\">&#8221;Tilanne on vakava&#8221;<\/strong><\/p>\n<p>Raportissa my\u00f6s kerrotaan, ett\u00e4 on ep\u00e4varmuutta siit\u00e4, takaako Yhdysvallat jatkossa Euroopan turvallisuutta.<\/p>\n<p>\u2013 Yhdysvallat on ollut sukupolvien ajan turvallisuutemme takaaja, joten turvallisuuspoliittinen ep\u00e4varmuus kasvaa, kun Yhdysvaltojen tuleva rooli Euroopassa, ja laajemmin, on ep\u00e4varma, kertoo sotilastiedustelupalvelun johtaja <strong class=\"typography-bold\">Thomas Ahrenkiel <\/strong>Politikenin mukaan.<\/p>\n<p>\u2013 Tilanne on vakava, ja siksi panostamme aiempaa enemm\u00e4n tuon osa-alueen analysoimiseen, h\u00e4n jatkaa.<\/p>\n<p>Raportin mukaan ep\u00e4varmuus tulee todenn\u00e4k\u00f6isesti kannustamaan Ven\u00e4j\u00e4\u00e4 tekem\u00e4\u00e4n kovempia hybridi-iskuja Naton j\u00e4senmaita vastaan.<\/p>\n<p><img alt=\"Gr\u00f6nlanti, ilmastonmuutos, turismi, sulaminen, helikopteri\" data-testid=\"crops-image\" class=\"h-full w-full object-cover transition duration-700 ease-in-out hover:scale-[1.05]\" fetchpriority=\"low\" loading=\"lazy\" width=\"1024\" height=\"576\" decoding=\"async\" style=\"color:transparent;background-size:cover;background-position:50% 50%;background-repeat:no-repeat;background-image:url(&quot;data:image\/svg+xml;base64,Cjxzdmcgd2lkdGg9IjEwMjQiIGhlaWdodD0iNTc2IiB2ZXJzaW9uPSIxLjEiIHhtbG5zPSJodHRwOi8vd3d3LnczLm9yZy8yMDAwL3N2ZyIgeG1sbnM6eGxpbms9Imh0dHA6Ly93d3cudzMub3JnLzE5OTkveGxpbmsiPgogIDxkZWZzPgogICAgPGxpbmVhckdyYWRpZW50IGlkPSJnIj4KICAgICAgPHN0b3Agc3RvcC1jb2xvcj0iIzBCMTgyMyIgb2Zmc2V0PSIyMCUiIC8+CiAgICAgIDxzdG9wIHN0b3AtY29sb3I9IiMxQTI3MzIiIG9mZnNldD0iNTAlIiAvPgogICAgICA8c3RvcCBzdG9wLWNvbG9yPSIjMEIxODIzIiBvZmZzZXQ9IjcwJSIgLz4KICAgIDwvbGluZWFyR3JhZGllbnQ+CiAgPC9kZWZzPgogIDxyZWN0IHdpZHRoPSIxMDI0IiBoZWlnaHQ9IjU3NiIgZmlsbD0iIzBCMTgyMyIgLz4KICA8cmVjdCBpZD0iciIgd2lkdGg9IjEwMjQiIGhlaWdodD0iNTc2IiBmaWxsPSJ1cmwoI2cpIiAvPgogIDxhbmltYXRlIHhsaW5rOmhyZWY9IiNyIiBhdHRyaWJ1dGVOYW1lPSJ4IiBmcm9tPSItMTAyNCIgdG89IjEwMjQiIGR1cj0iMXMiIHJlcGVhdENvdW50PSJpbmRlZmluaXRlIiAgLz4KPC9zdmc+&quot;)\" src=\"https:\/\/www.europesays.com\/fi\/wp-content\/uploads\/2025\/12\/1765379291_732_image\"\/>Trump ilmaissut kiinnostusta Gr\u00f6nlantia kohtaan.EPA<\/p>\n<p><strong class=\"typography-bold\">Gr\u00f6nlanti ja arktinen alue painopistein\u00e4<\/strong><\/p>\n<p>Puheeksi raportissa tulee my\u00f6s arktinen alue, jossa on meneill\u00e4\u00e4n kova kilpailu Yhdysvaltojen, Ven\u00e4j\u00e4n ja Kiinan kesken.\u00a0<\/p>\n<p>Sotilastiedustelun mukaan alueen strateginen merkitys kasvaa Ven\u00e4j\u00e4n ja l\u00e4nnen v\u00e4listen j\u00e4nnitteiden my\u00f6t\u00e4. FE:n on varoittanut my\u00f6s aiemmin, ett\u00e4 Ven\u00e4j\u00e4 on arktisella alueella iskukykyinen siit\u00e4 huolimatta, ett\u00e4 se sotii Ukrainassa.\u00a0<\/p>\n<p>Virasto ottaa esiin my\u00f6s Tanskalle kuuluvan Gr\u00f6nlannin, johon Yhdysvallat on osoittanut lis\u00e4\u00e4ntynytt\u00e4 kiinnostusta. T\u00e4m\u00e4n kerrotaan olevan uhka, ja altistavan maan vakoilun ja vaikutusyritysten kohteiksi.<\/p>\n<p><strong class=\"typography-bold\">Donald Trump<\/strong> on kertonut kuluneen vuoden aikana, ett\u00e4 Gr\u00f6nlanti p\u00e4\u00e4tyy lopulta Yhdysvaltain omistukseen &#8221;tavalla tai toisella&#8221;. Presidentti on my\u00f6s todennut, ettei se poissulkisi sotilaallisten voimatoimien k\u00e4ytt\u00f6\u00e4 alueen saamiseksi haltuun.<\/p>\n","protected":false},"excerpt":{"rendered":"Tanska nimesi Yhdysvallat turvallisuusriskiksi | MTV UutisetHypp\u00e4\u00e4 p\u00e4\u00e4sis\u00e4lt\u00f6\u00f6nSis\u00e4ll\u00f6t Tomi EinonenVastaava p\u00e4\u00e4toimittaja Ilkka AhtiainenUutisp\u00e4\u00e4toimittaja Mona HaapsaariJulkaisup\u00e4\u00e4llikk\u00f6 Teemu NiikkoToimitusp\u00e4\u00e4llikk\u00f6, urheilu&hellip;\n","protected":false},"author":2,"featured_media":112813,"comment_status":"","ping_status":"","sticky":false,"template":"","format":"standard","meta":{"footnotes":""},"categories":[14],"tags":[22,23,26,27,33,31,30,17,24,25,28,29,15,18,21,32,19,20,56,16,59,60,61],"class_list":{"0":"post-112812","1":"post","2":"type-post","3":"status-publish","4":"format-standard","5":"has-post-thumbnail","7":"category-ulkomaat","8":"tag-breaking-news","9":"tag-breakingnews","10":"tag-featured-news","11":"tag-featurednews","12":"tag-fi","13":"tag-finland","14":"tag-finnish","15":"tag-headlines","16":"tag-latest-news","17":"tag-latestnews","18":"tag-main-news","19":"tag-mainnews","20":"tag-news","21":"tag-otsikot","22":"tag-paauutiset","23":"tag-suomi","24":"tag-top-stories","25":"tag-topstories","26":"tag-ulkomaat","27":"tag-uutiset","28":"tag-world","29":"tag-world-news","30":"tag-worldnews"},"share_on_mastodon":{"url":"https:\/\/pubeurope.com\/@fi\/115695904955808521","error":""},"_links":{"self":[{"href":"https:\/\/www.europesays.com\/fi\/wp-json\/wp\/v2\/posts\/112812","targetHints":{"allow":["GET"]}}],"collection":[{"href":"https:\/\/www.europesays.com\/fi\/wp-json\/wp\/v2\/posts"}],"about":[{"href":"https:\/\/www.europesays.com\/fi\/wp-json\/wp\/v2\/types\/post"}],"author":[{"embeddable":true,"href":"https:\/\/www.europesays.com\/fi\/wp-json\/wp\/v2\/users\/2"}],"replies":[{"embeddable":true,"href":"https:\/\/www.europesays.com\/fi\/wp-json\/wp\/v2\/comments?post=112812"}],"version-history":[{"count":0,"href":"https:\/\/www.europesays.com\/fi\/wp-json\/wp\/v2\/posts\/112812\/revisions"}],"wp:featuredmedia":[{"embeddable":true,"href":"https:\/\/www.europesays.com\/fi\/wp-json\/wp\/v2\/media\/112813"}],"wp:attachment":[{"href":"https:\/\/www.europesays.com\/fi\/wp-json\/wp\/v2\/media?parent=112812"}],"wp:term":[{"taxonomy":"category","embeddable":true,"href":"https:\/\/www.europesays.com\/fi\/wp-json\/wp\/v2\/categories?post=112812"},{"taxonomy":"post_tag","embeddable":true,"href":"https:\/\/www.europesays.com\/fi\/wp-json\/wp\/v2\/tags?post=112812"}],"curies":[{"name":"wp","href":"https:\/\/api.w.org\/{rel}","templated":true}]}}