{"id":112814,"date":"2025-12-10T15:09:10","date_gmt":"2025-12-10T15:09:10","guid":{"rendered":"https:\/\/www.europesays.com\/fi\/112814\/"},"modified":"2025-12-10T15:09:10","modified_gmt":"2025-12-10T15:09:10","slug":"vm-velkaa-on-tulossa-miljardeja-enemman-kuin-tiesimme","status":"publish","type":"post","link":"https:\/\/www.europesays.com\/fi\/112814\/","title":{"rendered":"VM: Velkaa on tulossa miljardeja enemm\u00e4n kuin tiesimme"},"content":{"rendered":"<p>Valtiontalous|T\u00e4m\u00e4n vuoden lainanotto on kasvamassa per\u00e4ti 17 miljardiin euroon. Yksi keskeinen selitys on johdannaisiin liittyvien k\u00e4teisvakuuksien kasvu.<\/p>\n<p class=\"article-body mb-nof-24 px-nof-16\">Suomen valtio velkaantuu t\u00e4n\u00e4 vuonna viel\u00e4 selv\u00e4sti tiedetty\u00e4 enemm\u00e4n.<\/p>\n<p class=\"article-body mb-nof-24 px-nof-16\">Valtio joutuu ottamaan t\u00e4n\u00e4 vuonna uuden arvion mukaan per\u00e4ti yli 17 miljardia euroa lis\u00e4\u00e4 lainaa. Asian vahvistavat Helsingin Sanomille valtiovarainministeri\u00f6 ja Valtiokonttori.<\/p>\n<p class=\"article-body mb-nof-24 px-nof-16\">Hallituksen lokakuussa antaman kolmannen lis\u00e4talousarvioehdotuksen perusteella t\u00e4m\u00e4n vuoden lainanottotarve olisi ollut noin 14,3 miljardia euroa.<\/p>\n<p class=\"article-body mb-nof-24 px-nof-16\">Marraskuun lopulla valtiolla oli velkaa noin 187 miljardia euroa.<\/p>\n<p class=\"article-body mb-nof-24 px-nof-16\">Valtiovarainministeri\u00f6n budjettip\u00e4\u00e4llik\u00f6n <a class=\"article-personlink\" href=\"https:\/\/www.hs.fi\/haku\/?query=Mika%20Niemel%C3%A4n\" rel=\"nofollow noopener\" target=\"_blank\">Mika Niemel\u00e4n<\/a> mukaan velkaantumisen kasvua selitt\u00e4v\u00e4t ainakin er\u00e4\u00e4t niin sanotusti tekniset er\u00e4t.<\/p>\n<p class=\"article-body mb-nof-24 px-nof-16\">Etenkin Suomen korko- ja valuuttajohdannaisiin liittyv\u00e4t k\u00e4teisvakuusvaateet ovat kasvaneet korko- ja valuuttakurssimuutosten vuoksi selv\u00e4sti. Suomi joutuu ottamaan velkaa k\u00e4teisvakuuksia varten, mutta rahat palautuvat aikanaan, Niemel\u00e4 sanoo.<\/p>\n<p class=\"article-body mb-nof-24 px-nof-16\">Ent\u00e4 voiko ministeri\u00f6n omissa tulo- ja menoarvioissa olla tuntuvaa heittoa? Niemel\u00e4 vastaa, ett\u00e4 tietoa arvioiden mahdollisesta t\u00e4smentymisest\u00e4 tulee my\u00f6hemmin joulukuussa, kun Valtiokonttorin p\u00e4\u00e4t\u00f6s nettolainanotosta valmistuu.<\/p>\n<p class=\"article-body mb-nof-24 px-nof-16\">Niemel\u00e4 toteaa, ett\u00e4 todellinen velanotto poikkeaa l\u00e4hes aina budjetoidusta velanotosta.<\/p>\n<p class=\"article-body mb-nof-24 px-nof-16\">Valtion t\u00e4m\u00e4n vuoden velanotto on kasvamassa suurimmaksi sitten koronavuoden 2020.<\/p>\n","protected":false},"excerpt":{"rendered":"Valtiontalous|T\u00e4m\u00e4n vuoden lainanotto on kasvamassa per\u00e4ti 17 miljardiin euroon. Yksi keskeinen selitys on johdannaisiin liittyvien k\u00e4teisvakuuksien kasvu. Suomen&hellip;\n","protected":false},"author":2,"featured_media":112815,"comment_status":"","ping_status":"","sticky":false,"template":"","format":"standard","meta":{"footnotes":""},"categories":[12],"tags":[22,23,26,27,33,31,30,17,46,24,25,28,29,15,18,21,32,19,20,16],"class_list":{"0":"post-112814","1":"post","2":"type-post","3":"status-publish","4":"format-standard","5":"has-post-thumbnail","7":"category-suomi","8":"tag-breaking-news","9":"tag-breakingnews","10":"tag-featured-news","11":"tag-featurednews","12":"tag-fi","13":"tag-finland","14":"tag-finnish","15":"tag-headlines","16":"tag-helsingin-sanomat","17":"tag-latest-news","18":"tag-latestnews","19":"tag-main-news","20":"tag-mainnews","21":"tag-news","22":"tag-otsikot","23":"tag-paauutiset","24":"tag-suomi","25":"tag-top-stories","26":"tag-topstories","27":"tag-uutiset"},"share_on_mastodon":{"url":"https:\/\/pubeurope.com\/@fi\/115695908575480806","error":""},"_links":{"self":[{"href":"https:\/\/www.europesays.com\/fi\/wp-json\/wp\/v2\/posts\/112814","targetHints":{"allow":["GET"]}}],"collection":[{"href":"https:\/\/www.europesays.com\/fi\/wp-json\/wp\/v2\/posts"}],"about":[{"href":"https:\/\/www.europesays.com\/fi\/wp-json\/wp\/v2\/types\/post"}],"author":[{"embeddable":true,"href":"https:\/\/www.europesays.com\/fi\/wp-json\/wp\/v2\/users\/2"}],"replies":[{"embeddable":true,"href":"https:\/\/www.europesays.com\/fi\/wp-json\/wp\/v2\/comments?post=112814"}],"version-history":[{"count":0,"href":"https:\/\/www.europesays.com\/fi\/wp-json\/wp\/v2\/posts\/112814\/revisions"}],"wp:featuredmedia":[{"embeddable":true,"href":"https:\/\/www.europesays.com\/fi\/wp-json\/wp\/v2\/media\/112815"}],"wp:attachment":[{"href":"https:\/\/www.europesays.com\/fi\/wp-json\/wp\/v2\/media?parent=112814"}],"wp:term":[{"taxonomy":"category","embeddable":true,"href":"https:\/\/www.europesays.com\/fi\/wp-json\/wp\/v2\/categories?post=112814"},{"taxonomy":"post_tag","embeddable":true,"href":"https:\/\/www.europesays.com\/fi\/wp-json\/wp\/v2\/tags?post=112814"}],"curies":[{"name":"wp","href":"https:\/\/api.w.org\/{rel}","templated":true}]}}