{"id":112816,"date":"2025-12-10T15:10:09","date_gmt":"2025-12-10T15:10:09","guid":{"rendered":"https:\/\/www.europesays.com\/fi\/112816\/"},"modified":"2025-12-10T15:10:09","modified_gmt":"2025-12-10T15:10:09","slug":"nobelin-rauhanpalkinnon-saajan-tytar-otti-palkinnon-vastaan","status":"publish","type":"post","link":"https:\/\/www.europesays.com\/fi\/112816\/","title":{"rendered":"Nobelin rauhanpalkinnon saajan tyt\u00e4r otti palkinnon vastaan"},"content":{"rendered":"<p class=\"article-body mb-nof-24 px-nof-16\">Nobelin rauhanpalkinnon saajan tyt\u00e4r on ottanut palkinnon vastaan Oslossa.<\/p>\n<p class=\"article-body mb-nof-24 px-nof-16\">Venezuelan oppositiojohtaja <a class=\"article-personlink\" href=\"https:\/\/www.is.fi\/haku\/?query=Maria%20Corina%20Machado\" rel=\"nofollow noopener\" target=\"_blank\">Maria Corina Machado<\/a> sanoo tytt\u00e4rens\u00e4 lukemassa puheessa, ett\u00e4 vapauden puolesta t\u00e4ytyy taistella ja ett\u00e4 Venezuela tulee viel\u00e4 kokemaan parempia aikoja. Venezuela tulee hengitt\u00e4m\u00e4\u00e4n vapaasti, tyt\u00e4r <a class=\"article-personlink\" href=\"https:\/\/www.is.fi\/haku\/?query=Ana%20Corina%20Sosa%20Machado\" rel=\"nofollow noopener\" target=\"_blank\">Ana Corina Sosa Machado<\/a> lausui puheessa.<\/p>\n<p class=\"article-body mb-nof-24 px-nof-16\">Maria Corina Machado itse ei voinut osallistua palkintojenjakotilaisuuteen, mutta Nobel-instituutti kertoi h\u00e4nen saapuvan Osloon.<\/p>\n<p class=\"article-body mb-nof-24 px-nof-16\">Machadon olinpaikkaa Oslossa ei kuitenkaan ole paljastettu turvallisuussyist\u00e4.<\/p>\n","protected":false},"excerpt":{"rendered":"Nobelin rauhanpalkinnon saajan tyt\u00e4r on ottanut palkinnon vastaan Oslossa. Venezuelan oppositiojohtaja Maria Corina Machado sanoo tytt\u00e4rens\u00e4 lukemassa puheessa,&hellip;\n","protected":false},"author":2,"featured_media":112817,"comment_status":"","ping_status":"","sticky":false,"template":"","format":"standard","meta":{"footnotes":""},"categories":[5],"tags":[22,23,26,27,33,31,30,17,34,24,25,28,29,15,18,21,32,19,20,16],"class_list":{"0":"post-112816","1":"post","2":"type-post","3":"status-publish","4":"format-standard","5":"has-post-thumbnail","7":"category-otsikot","8":"tag-breaking-news","9":"tag-breakingnews","10":"tag-featured-news","11":"tag-featurednews","12":"tag-fi","13":"tag-finland","14":"tag-finnish","15":"tag-headlines","16":"tag-ilta-sanomat","17":"tag-latest-news","18":"tag-latestnews","19":"tag-main-news","20":"tag-mainnews","21":"tag-news","22":"tag-otsikot","23":"tag-paauutiset","24":"tag-suomi","25":"tag-top-stories","26":"tag-topstories","27":"tag-uutiset"},"share_on_mastodon":{"url":"https:\/\/pubeurope.com\/@fi\/115695912418538551","error":""},"_links":{"self":[{"href":"https:\/\/www.europesays.com\/fi\/wp-json\/wp\/v2\/posts\/112816","targetHints":{"allow":["GET"]}}],"collection":[{"href":"https:\/\/www.europesays.com\/fi\/wp-json\/wp\/v2\/posts"}],"about":[{"href":"https:\/\/www.europesays.com\/fi\/wp-json\/wp\/v2\/types\/post"}],"author":[{"embeddable":true,"href":"https:\/\/www.europesays.com\/fi\/wp-json\/wp\/v2\/users\/2"}],"replies":[{"embeddable":true,"href":"https:\/\/www.europesays.com\/fi\/wp-json\/wp\/v2\/comments?post=112816"}],"version-history":[{"count":0,"href":"https:\/\/www.europesays.com\/fi\/wp-json\/wp\/v2\/posts\/112816\/revisions"}],"wp:featuredmedia":[{"embeddable":true,"href":"https:\/\/www.europesays.com\/fi\/wp-json\/wp\/v2\/media\/112817"}],"wp:attachment":[{"href":"https:\/\/www.europesays.com\/fi\/wp-json\/wp\/v2\/media?parent=112816"}],"wp:term":[{"taxonomy":"category","embeddable":true,"href":"https:\/\/www.europesays.com\/fi\/wp-json\/wp\/v2\/categories?post=112816"},{"taxonomy":"post_tag","embeddable":true,"href":"https:\/\/www.europesays.com\/fi\/wp-json\/wp\/v2\/tags?post=112816"}],"curies":[{"name":"wp","href":"https:\/\/api.w.org\/{rel}","templated":true}]}}