{"id":112818,"date":"2025-12-10T15:22:10","date_gmt":"2025-12-10T15:22:10","guid":{"rendered":"https:\/\/www.europesays.com\/fi\/112818\/"},"modified":"2025-12-10T15:22:10","modified_gmt":"2025-12-10T15:22:10","slug":"michael-monroen-kohudokumentti-nain-oikeus-tuomitsi","status":"publish","type":"post","link":"https:\/\/www.europesays.com\/fi\/112818\/","title":{"rendered":"Michael Monroen kohudokumentti: N\u00e4in oikeus tuomitsi"},"content":{"rendered":"<p>Helsingin k\u00e4r\u00e4j\u00e4oikeus hylk\u00e4si konkarirokkarin kanteen.<\/p>\n<p class=\"paragraph\">Helsingin k\u00e4r\u00e4j\u00e4oikeus on hyl\u00e4nnyt rockmuusikko <a href=\"https:\/\/www.iltalehti.fi\/henkilot\/Michael Monroe\" class=\"article-link-person-page\" rel=\"nofollow noopener\" target=\"_blank\">Michael Monroen<\/a> kanteen Love U Mean It (Lumi) -tuotantoyhti\u00f6t\u00e4 vastaan.<\/p>\n<p class=\"paragraph\">Monroen yhti\u00f6n on k\u00e4r\u00e4j\u00e4oikeuden p\u00e4\u00e4t\u00f6ksell\u00e4 korvattava tuotantoyhti\u00f6lle 28\u00a0000 euroa oikeudenk\u00e4yntikuluja.<\/p>\n<p class=\"paragraph\">Ratkaisu ei ole viel\u00e4 lainvoimainen.<\/p>\n<p class=\"paragraph\">Uutinen p\u00e4ivittyy.<\/p>\n<p class=\"paragraph\">Kanteessa oli kysymys <strong>Saku-Petteri Perinn\u00f6n<\/strong> ohjaamasta dokumentista, jonka Lumi-tuotantoyhti\u00f6 luovutti Elisa Viihde -suoratoistopalvelulle.<\/p>\n<p class=\"paragraph\">Dokumentti oli katsottavissa ainakin 27. joulukuuta 2021 asti.<\/p>\n<p class=\"paragraph\">Perint\u00f6 kertoi Iltalehdelle <a href=\"https:\/\/www.iltalehti.fi\/viihdeuutiset\/35e8bace-74c5-4c8a-9618-3e8d414d2914\" rel=\"nofollow noopener\" target=\"_blank\">kes\u00e4kuussa 2022<\/a>, ett\u00e4 Monroe painosti suoratoistopalvelua poistamaan dokumentin. Rokkari ei ollut tyytyv\u00e4inen tuotokseen, mutta ei ilmeisesti eritellyt, mik\u00e4 siin\u00e4 oli vialla.<\/p>\n<p><img decoding=\"async\" class=\"image image-show image-preview\" src=\"https:\/\/www.europesays.com\/fi\/wp-content\/uploads\/2025\/12\/b09256d223ca1d465fc81d38b05e6182f341eb651edefc48a96d2785b76aea13.jpg\" alt=\"\"\/><img decoding=\"async\" class=\"image image-show\" src=\"https:\/\/www.europesays.com\/fi\/wp-content\/uploads\/2025\/12\/1765380130_991_b09256d223ca1d465fc81d38b05e6182f341eb651edefc48a96d2785b76aea13.jpg\" alt=\"\"\/><\/p>\n<p>Michael Monroen ja Love U Mean It -tuotantoyhti\u00f6n riitaa k\u00e4siteltiin Helsingin k\u00e4r\u00e4j\u00e4oikeudessa marraskuussa. Henri K\u00e4rkk\u00e4inen<\/p>\n<p class=\"paragraph\">Dokumentin valmistelu alkoi vuonna 2017. Tuotantoyhti\u00f6n n\u00e4kemyksen mukaan kaikesta k\u00e4sikirjoituksesta alkaen sovittiin Monroen kanssa yhteisymm\u00e4rryksess\u00e4.<\/p>\n<p class=\"paragraph\">Tuotantoyhti\u00f6n mukaan Monroe oli mukana p\u00e4\u00e4tt\u00e4m\u00e4ss\u00e4 dokumentin tyylilajista ja materiaalista. Rokkarin v\u00e4itet\u00e4\u00e4n muuttaneen suhtautumistaan kesken kaiken ja \u201dvet\u00e4neen maton tuotantoyhti\u00f6n jalkojen alta\u201d.<\/p>\n<p class=\"paragraph\">\u2013 Monroe lopetti k\u00e4yt\u00e4nn\u00f6ss\u00e4 kokonaan t\u00e4m\u00e4n dokumentin tekemisen, mutta miss\u00e4\u00e4n vaiheessa h\u00e4n ei ole sopimusta irtisanonut, <a href=\"https:\/\/www.iltalehti.fi\/viihdeuutiset\/fce8bd32-eb1f-4f5c-9269-12f8c184d75c\" rel=\"nofollow noopener\" target=\"_blank\">tuotantoyhti\u00f6n edustaja sanoi k\u00e4r\u00e4j\u00e4oikeudessa<\/a>.<\/p>\n<p>Tunteet kuumenivat<\/p>\n<p>Dokumentin ohjannut Saku-Petteri Perint\u00f6 kuvattuna Helsingin k\u00e4r\u00e4j\u00e4oikeudessa marraskuussa. Henri K\u00e4rkk\u00e4inen<\/p>\n<p class=\"paragraph\">Michael Monroen mukaan tuotantoyhti\u00f6ll\u00e4 ei ollut oikeutta julkaista dokumenttia tai luovuttaa sit\u00e4 suoratoistopalvelulle.<\/p>\n<p class=\"paragraph\">Monroen avustajan mukaan rokkarilla olisi tullut p\u00e4\u00e4t\u00f6svalta kaikkeen h\u00e4nest\u00e4 julkaistavaan materiaaliin. Monroe olisi halunnut my\u00f6s tarkastaa kaiken materiaalin, kuten trailerin, ennen julkaisua.<\/p>\n<p class=\"paragraph\">H\u00e4n ei ollut tyytyv\u00e4inen valmiiseen lopputulokseen ja katsoi dokumentin n\u00e4ytt\u00e4v\u00e4n h\u00e4net huonossa valossa.<\/p>\n<p class=\"paragraph\">\u2013 El\u00e4m\u00e4kertadokumentti voidaan julkaista vain kerran el\u00e4m\u00e4ss\u00e4, ja sen pit\u00e4isi olla sen n\u00e4k\u00f6inen, ett\u00e4 sen kehtaa julkaista, Monroen avustaja sanoi oikeudessa.<\/p>\n<p class=\"paragraph\">Tuotantoyhti\u00f6 ei edustajansa mukaan olisi suostunut projektiin alun perink\u00e4\u00e4n, jos Monroen tarkat ehdot ja k\u00e4sitys sopimuksesta olisivat olleet tiedossa.<\/p>\n<p class=\"paragraph\">Kannetta k\u00e4siteltiin Helsingin k\u00e4r\u00e4j\u00e4oikeudessa kahtena p\u00e4iv\u00e4n\u00e4 marraskuussa.<\/p>\n<p class=\"paragraph\">Tunteet kuumenivat oikeudenk\u00e4ynniss\u00e4. Michael Monroe huusi ja heristi sormeaan tuotantoyhti\u00f6n edustajalle. H\u00e4n herkistyi liki kyyneliin puhuessaan videoista, jotka luovutti Perinn\u00f6lle saamatta takaisin.<\/p>\n<p class=\"paragraph\">\u2013 Se aiheutti minulle henkist\u00e4 piinaa ja k\u00e4rsimyst\u00e4. H\u00e4n ei edes tied\u00e4, mit\u00e4 h\u00e4n on minulle aiheuttanut.<\/p>\n","protected":false},"excerpt":{"rendered":"Helsingin k\u00e4r\u00e4j\u00e4oikeus hylk\u00e4si konkarirokkarin kanteen. Helsingin k\u00e4r\u00e4j\u00e4oikeus on hyl\u00e4nnyt rockmuusikko Michael Monroen kanteen Love U Mean It (Lumi)&hellip;\n","protected":false},"author":2,"featured_media":112819,"comment_status":"","ping_status":"","sticky":false,"template":"","format":"standard","meta":{"footnotes":""},"categories":[136],"tags":[35,138,407,137,33,31,30,408,47,141,976,32,484,109],"class_list":{"0":"post-112818","1":"post","2":"type-post","3":"status-publish","4":"format-standard","5":"has-post-thumbnail","7":"category-julkkikset","8":"tag-24h","9":"tag-audio","10":"tag-celebrities","11":"tag-entertainment","12":"tag-fi","13":"tag-finland","14":"tag-finnish","15":"tag-julkkikset","16":"tag-musiikki","17":"tag-muusikot-bandit","18":"tag-oikeusprosessit","19":"tag-suomi","20":"tag-taiteellinen-ilmaisu-ja-mediat","21":"tag-viihde"},"share_on_mastodon":{"url":"https:\/\/pubeurope.com\/@fi\/115695959992731501","error":""},"_links":{"self":[{"href":"https:\/\/www.europesays.com\/fi\/wp-json\/wp\/v2\/posts\/112818","targetHints":{"allow":["GET"]}}],"collection":[{"href":"https:\/\/www.europesays.com\/fi\/wp-json\/wp\/v2\/posts"}],"about":[{"href":"https:\/\/www.europesays.com\/fi\/wp-json\/wp\/v2\/types\/post"}],"author":[{"embeddable":true,"href":"https:\/\/www.europesays.com\/fi\/wp-json\/wp\/v2\/users\/2"}],"replies":[{"embeddable":true,"href":"https:\/\/www.europesays.com\/fi\/wp-json\/wp\/v2\/comments?post=112818"}],"version-history":[{"count":0,"href":"https:\/\/www.europesays.com\/fi\/wp-json\/wp\/v2\/posts\/112818\/revisions"}],"wp:featuredmedia":[{"embeddable":true,"href":"https:\/\/www.europesays.com\/fi\/wp-json\/wp\/v2\/media\/112819"}],"wp:attachment":[{"href":"https:\/\/www.europesays.com\/fi\/wp-json\/wp\/v2\/media?parent=112818"}],"wp:term":[{"taxonomy":"category","embeddable":true,"href":"https:\/\/www.europesays.com\/fi\/wp-json\/wp\/v2\/categories?post=112818"},{"taxonomy":"post_tag","embeddable":true,"href":"https:\/\/www.europesays.com\/fi\/wp-json\/wp\/v2\/tags?post=112818"}],"curies":[{"name":"wp","href":"https:\/\/api.w.org\/{rel}","templated":true}]}}