{"id":112820,"date":"2025-12-10T15:29:10","date_gmt":"2025-12-10T15:29:10","guid":{"rendered":"https:\/\/www.europesays.com\/fi\/112820\/"},"modified":"2025-12-10T15:29:10","modified_gmt":"2025-12-10T15:29:10","slug":"kommentti-vaasan-sport-sekoilee-koko-rahalla","status":"publish","type":"post","link":"https:\/\/www.europesays.com\/fi\/112820\/","title":{"rendered":"Kommentti: Vaasan Sport sekoilee koko rahalla"},"content":{"rendered":"<p>Kommentti|Vaasan Sport on SM-liigan surkein seura, jonka todenn\u00e4k\u00f6inen kohtalo on n\u00e4ivetty\u00e4 tulevina vuosina B-sarjan sy\u00f6vereiss\u00e4, kirjoittaa Ville Touru.<\/p>\n<p class=\"article-body mb-nof-24 px-nof-16\">Ai miksik\u00f6 surkein? Sen voi jokainen havaita sarjataulukosta.<\/p>\n<p class=\"article-body mb-nof-24 px-nof-16\">Ja viel\u00e4p\u00e4 tyhmink\u00f6? Siit\u00e4 kertoo enemm\u00e4n kuin hyvin syyskauden sekoilu p\u00e4\u00e4valmentajien kanssa.<\/p>\n<p class=\"article-body mb-nof-24 px-nof-16\">Keskiviikkona tuli tieto, ettei <a class=\"article-personlink\" href=\"https:\/\/www.hs.fi\/haku\/?query=Doug%20Shedden\" rel=\"nofollow noopener\" target=\"_blank\">Doug Shedden<\/a> jatka Sportin p\u00e4\u00e4valmentajana. Tiedotuksen perusteella Shedden halusi itse l\u00e4hte\u00e4, mutta \u201daika t\u00e4\u00e4ll\u00e4 oli hienoa\u201d.<\/p>\n<p class=\"article-body mb-nof-24 px-nof-16\">Toivottavasti ainakin ensimm\u00e4inen osa pit\u00e4\u00e4 paikkaansa, eik\u00e4 Sportin tarvitse maksaa loppukauden ajan Sheddenille palkkaa. Seh\u00e4n t\u00e4st\u00e4 viel\u00e4 puuttuisi.<\/p>\n<p class=\"article-body mb-nof-24 px-nof-16\">Jo Sheddenin, 64, lokakuun lopussa t\u00e4ysin puskista tullut palkkaus Sportiin vaikutti oudolta ja \u00e4lytt\u00f6m\u00e4lt\u00e4.<\/p>\n<p><img decoding=\"async\" src=\"https:\/\/www.europesays.com\/fi\/wp-content\/uploads\/2025\/12\/1765380549_268_468.jpg\" alt=\"Doug Shedden valmensi Sportia 11 ottelun ajan. Niist\u00e4 joukkue voitti kaksi.\" class=\"_Img_1rerz_1\" style=\"aspect-ratio:1.4837712519319939\" loading=\"eager\"\/><\/p>\n<p class=\"article-picture-caption\">Doug Shedden valmensi Sportia 11 ottelun ajan. Niist\u00e4 joukkue voitti kaksi. Kuva:\u00a0Tero Wester \/ AOP<\/p>\n<p class=\"article-body mb-nof-24 px-nof-16\">Sheddenin \u201dikoninen\u201d ajanjakso Sportin per\u00e4simess\u00e4 kesti 11 ottelua. Niist\u00e4 Sport voitti kaksi.<\/p>\n<p class=\"article-body mb-nof-24 px-nof-16\">Jo vuosikaudet valmennusuransa kanssa alam\u00e4ess\u00e4 ollut kanadalainen k\u00e4vi siis ajamassa Sportin pikatahdilla pohjamutaan ja l\u00e4hti pois. Tai sitten h\u00e4net ajettiin pois. Mist\u00e4p\u00e4 n\u00e4it\u00e4 tiet\u00e4\u00e4. Varsinkin kun kyseess\u00e4 on Vaasan Sport.<\/p>\n<p class=\"article-body mb-nof-24 px-nof-16\">Eik\u00e4 Sheddenill\u00e4 ainakaan elekielens\u00e4 perusteella suuremmin en\u00e4\u00e4 valmentaminen edes sytytt\u00e4nyt. Mies oli kuin varjo entisest\u00e4 r\u00e4iskyvyydest\u00e4\u00e4n.<\/p>\n<p class=\"article-body mb-nof-24 px-nof-16\">Olivat Sheddenin l\u00e4hd\u00f6n syyt lopulta mitk\u00e4 tahansa, ei se h\u00e4nen vikansa ollut, ett\u00e4 Sport jostakin k\u00e4sitt\u00e4m\u00e4tt\u00f6m\u00e4st\u00e4 syyst\u00e4 p\u00e4\u00e4tti h\u00e4net palkata.<\/p>\n<p class=\"article-body mb-nof-24 px-nof-16\">Koko sekoilun \u00e4lytt\u00f6min ratkaisu olin alun perin <a class=\"article-personlink\" href=\"https:\/\/www.hs.fi\/haku\/?query=Juuso%20Hahlin\" rel=\"nofollow noopener\" target=\"_blank\">Juuso Hahlin<\/a> potkiminen p\u00e4\u00e4valmentajan paikalta.<\/p>\n<p class=\"article-body mb-nof-24 px-nof-16\">Viime kaudella, siis heti ensimm\u00e4isell\u00e4 p\u00e4\u00e4valmentajakaudellaan, Sportin ensi kertaa SM-liigan puoliv\u00e4lieriin valmentanut Hahl, 43, on kertonut potkujen tulleen t\u00e4yten\u00e4 shokkina.<\/p>\n<p class=\"article-body mb-nof-24 px-nof-16\">Ei Sportin alkukausi Hahlin alaisuudessa edes ollut odotuksiin n\u00e4hden mitenk\u00e4\u00e4n erityisen huono.<\/p>\n<p class=\"article-body mb-nof-24 px-nof-16\">\u201dEi minulla ole edes k\u00e4sityst\u00e4 kaikista niist\u00e4 ihmisist\u00e4, nimist\u00e4 ja naamoista, jotka tekiv\u00e4t sen [potku]p\u00e4\u00e4t\u00f6ksen. Sekin kertoo aika paljon organisaation tilasta t\u00e4ll\u00e4 hetkell\u00e4. Kaikki tasot eiv\u00e4t ved\u00e4 samaan aikaan k\u00f6ytt\u00e4\u201d, Hahl sanoi my\u00f6hemmin <a class=\"article-genericlink\" href=\"https:\/\/open.spotify.com\/episode\/1xqcRw4pjfZ5cbPzNdyBEf?si=H7eNMBlwQPmyIMo3Gkzplw&amp;nd=1&amp;dlsi=78795f403fd844d6\" rel=\"nofollow noopener\" target=\"_blank\">Heimonuotio-podcastissa<\/a> tiivist\u00e4en Sportin sekamelskan.<\/p>\n<p class=\"article-body mb-nof-24 px-nof-16\">Jokerit ainakin kiitti t\u00e4st\u00e4 sekoilusta ja kiinnitti hyv\u00e4ss\u00e4 nousussa olevan valmentajatalentin Hahlin nopeasti ensi kauden liigajoukkueen valmennustiimiins\u00e4.<\/p>\n<p><img decoding=\"async\" src=\"https:\/\/www.europesays.com\/fi\/wp-content\/uploads\/2025\/12\/1765380550_553_468.jpg\" alt=\"Juuso Hahl sai yll\u00e4tyspotkut Sportista lokakuussa. Ensi kaudeksi h\u00e4n hypp\u00e4\u00e4 Jokerien liigamiehist\u00f6n valmennustiimiin.\" class=\"_Img_1rerz_1\" style=\"aspect-ratio:1.5\" loading=\"eager\"\/><\/p>\n<p class=\"article-picture-caption\">Juuso Hahl sai yll\u00e4tyspotkut Sportista lokakuussa. Ensi kaudeksi h\u00e4n hypp\u00e4\u00e4 Jokerien liigamiehist\u00f6n valmennustiimiin. Kuva:\u00a0Jaakko Stenroos \/ AOP<\/p>\n<p class=\"article-body mb-nof-24 px-nof-16\">Nyt Sportin p\u00e4\u00e4valmentajaksi nostettiin entinen apuvalmentaja <a class=\"article-personlink\" href=\"https:\/\/www.hs.fi\/haku\/?query=Jussi%20Tapio\" rel=\"nofollow noopener\" target=\"_blank\">Jussi Tapio<\/a>. <\/p>\n<p class=\"article-body mb-nof-24 px-nof-16\">Ensi kaudeksi seuraan on tiett\u00e4v\u00e4sti tulossa kokeilemaan taas joku uusi p\u00e4\u00e4valmentaja.<\/p>\n<p class=\"article-body mb-nof-24 px-nof-16\">Kovin suurta kerrointa ei varmasti saa sille, ett\u00e4 ensi kauden p\u00e4\u00e4tteeksi Sport putoaa B-sarjaan.<\/p>\n<p class=\"article-body mb-nof-24 px-nof-16\">Ja jos kaiken t\u00e4m\u00e4n sekoilun j\u00e4lkeen ennustaa pit\u00e4\u00e4, niin luultavasti Sport n\u00e4ivettyy surkeassa kakkossarjassa sen j\u00e4lkeen hyv\u00e4n tovin.<\/p>\n<p class=\"article-body mb-nof-24 px-nof-16\">Ai niin, melkein meinasi jo unohtua Sportin viime kev\u00e4\u00e4n sopimussekoilut <a class=\"article-personlink\" href=\"https:\/\/www.hs.fi\/haku\/?query=Topi%20R%C3%B6nnin\" rel=\"nofollow noopener\" target=\"_blank\">Topi R\u00f6nnin<\/a> kanssa.<\/p>\n<p class=\"article-body mb-nof-24 px-nof-16\">Tai se, ett\u00e4 joukkueen maalivahti on pelannut koko syksyn toisen liigajoukkueen logot varusteissaan kuin jossakin harrastesarjassa konsanaan.<\/p>\n<p class=\"article-body mb-nof-24 px-nof-16\">Tai se, ett\u00e4 vastahan Sport aneli osakeannilla kannattajiltaan rahaa pysy\u00e4kseen edes hengiss\u00e4. Nyt rahaa onkin sitten ilmeisesti jo niin paljon, ett\u00e4 reissumies Sheddeninkin rintataskuun voi huoletta tuikata mojovan setelitukon vaivanpalkaksi.<\/p>\n<p class=\"article-body mb-nof-24 px-nof-16\">Ja kallispalkkaiselle \u201dykk\u00f6svahdille\u201d <a class=\"article-personlink\" href=\"https:\/\/www.hs.fi\/haku\/?query=Miroslav%20Svobodalle\" rel=\"nofollow noopener\" target=\"_blank\">Miroslav Svobodalle<\/a> voi maksaa palkkaa, vaikka h\u00e4nt\u00e4 istutetaan katsomossa.<\/p>\n","protected":false},"excerpt":{"rendered":"Kommentti|Vaasan Sport on SM-liigan surkein seura, jonka todenn\u00e4k\u00f6inen kohtalo on n\u00e4ivetty\u00e4 tulevina vuosina B-sarjan sy\u00f6vereiss\u00e4, kirjoittaa Ville Touru.&hellip;\n","protected":false},"author":2,"featured_media":112821,"comment_status":"","ping_status":"","sticky":false,"template":"","format":"standard","meta":{"footnotes":""},"categories":[158],"tags":[33,31,30,46,159,32,160],"class_list":{"0":"post-112820","1":"post","2":"type-post","3":"status-publish","4":"format-standard","5":"has-post-thumbnail","7":"category-urheilu","8":"tag-fi","9":"tag-finland","10":"tag-finnish","11":"tag-helsingin-sanomat","12":"tag-sports","13":"tag-suomi","14":"tag-urheilu"},"share_on_mastodon":{"url":"https:\/\/pubeurope.com\/@fi\/115695988357005468","error":""},"_links":{"self":[{"href":"https:\/\/www.europesays.com\/fi\/wp-json\/wp\/v2\/posts\/112820","targetHints":{"allow":["GET"]}}],"collection":[{"href":"https:\/\/www.europesays.com\/fi\/wp-json\/wp\/v2\/posts"}],"about":[{"href":"https:\/\/www.europesays.com\/fi\/wp-json\/wp\/v2\/types\/post"}],"author":[{"embeddable":true,"href":"https:\/\/www.europesays.com\/fi\/wp-json\/wp\/v2\/users\/2"}],"replies":[{"embeddable":true,"href":"https:\/\/www.europesays.com\/fi\/wp-json\/wp\/v2\/comments?post=112820"}],"version-history":[{"count":0,"href":"https:\/\/www.europesays.com\/fi\/wp-json\/wp\/v2\/posts\/112820\/revisions"}],"wp:featuredmedia":[{"embeddable":true,"href":"https:\/\/www.europesays.com\/fi\/wp-json\/wp\/v2\/media\/112821"}],"wp:attachment":[{"href":"https:\/\/www.europesays.com\/fi\/wp-json\/wp\/v2\/media?parent=112820"}],"wp:term":[{"taxonomy":"category","embeddable":true,"href":"https:\/\/www.europesays.com\/fi\/wp-json\/wp\/v2\/categories?post=112820"},{"taxonomy":"post_tag","embeddable":true,"href":"https:\/\/www.europesays.com\/fi\/wp-json\/wp\/v2\/tags?post=112820"}],"curies":[{"name":"wp","href":"https:\/\/api.w.org\/{rel}","templated":true}]}}